{"id":620860,"date":"2025-12-25T03:05:23","date_gmt":"2025-12-25T03:05:23","guid":{"rendered":"https:\/\/www.europesays.com\/fr\/620860\/"},"modified":"2025-12-25T03:05:23","modified_gmt":"2025-12-25T03:05:23","slug":"le-boxing-day-une-tradition-de-noel-made-in-royaume-uni","status":"publish","type":"post","link":"https:\/\/www.europesays.com\/fr\/620860\/","title":{"rendered":"Le Boxing Day, une tradition de No\u00ebl made in Royaume-Uni"},"content":{"rendered":"<p>Connaissez-vous vraiment le Boxing Day ? Ses origines remontent au XIX\u1d49 si\u00e8cle. \u00c0 l\u2019\u00e9poque victorienne, les familles les plus ais\u00e9es offraient des <strong>\u201cChristmas boxes\u201d<\/strong>, des bo\u00eetes contenant de l\u2019argent ou des cadeaux, \u00e0 leurs domestiques, aux commer\u00e7ants ou aux personnes dans le besoin, en remerciement des services rendus tout au long de l\u2019ann\u00e9e.\u00a0<\/p>\n<p class=\"p-empty\">\u00a0<\/p>\n<p>Cette dimension caritative a cr\u00e9\u00e9 le Boxing Day, qui est aujourd\u2019hui reli\u00e9 aux valeurs de solidarit\u00e9 associ\u00e9es \u00e0 No\u00ebl.<\/p>\n<p class=\"p-empty\">\u00a0<\/p>\n<p>Le Boxing Day est aussi c\u00e9l\u00e9br\u00e9 en Australie ou au Canada<\/p>\n<p class=\"p-empty\">\u00a0<\/p>\n<p>Le Boxing Day n\u2019est pas propre au Royaume-Uni. Il est c\u00e9l\u00e9br\u00e9 dans de nombreux pays du Commonwealth, notamment au Canada, en Australie, en Nouvelle-Z\u00e9lande ou encore en Afrique du Sud, o\u00f9 le 26 d\u00e9cembre est \u00e9galement f\u00e9ri\u00e9. Partout, la tradition a \u00e9volu\u00e9 au fil du temps pour devenir un \u00e9v\u00e9nement \u00e0 la fois social, culturel et \u00e9conomique.<\/p>\n<p>Aujourd\u2019hui, le Boxing Day est surtout connu pour ses soldes massives, comparables au Black Friday. Les Britanniques profitent de ce jour f\u00e9ri\u00e9 pour faire leurs achats, mais aussi pour assister \u00e0 des \u00e9v\u00e9nements sportifs populaires, comme les matchs de football (qui seront en cette ann\u00e9e 2025 exclusivement arr\u00eat\u00e9s) ou de rugby, traditionnellement programm\u00e9s ce jour-l\u00e0.<\/p>\n<p>C\u2019est peut-\u00eatre difficile \u00e0 concevoir, car en France, il n\u2019existe pas d\u2019\u00e9quivalent direct au Boxing Day. Le 26 d\u00e9cembre n\u2019est pas f\u00e9ri\u00e9, sauf en Alsace-Moselle, et les soldes d\u2019hiver d\u00e9butent plus tard, en janvier !<\/p>\n","protected":false},"excerpt":{"rendered":"Connaissez-vous vraiment le Boxing Day ? Ses origines remontent au XIX\u1d49 si\u00e8cle. \u00c0 l\u2019\u00e9poque victorienne, les familles les&hellip;\n","protected":false},"author":2,"featured_media":620861,"comment_status":"","ping_status":"","sticky":false,"template":"","format":"standard","meta":{"footnotes":""},"categories":[1588],"tags":[11,1777,674,12,473,1853,1851,1850,1852],"class_list":{"0":"post-620860","1":"post","2":"type-post","3":"status-publish","4":"format-standard","5":"has-post-thumbnail","7":"category-royaume-uni","8":"tag-actualites","9":"tag-eu","10":"tag-europe","11":"tag-news","12":"tag-royaume-uni","13":"tag-royaume-uni-de-grande-bretagne-et-dirlande-du-nord","14":"tag-uk","15":"tag-united-kingdom","16":"tag-united-kingdom-of-great-britain-and-northern-ireland"},"share_on_mastodon":{"url":"https:\/\/pubeurope.com\/@fr\/115777996311586837","error":""},"_links":{"self":[{"href":"https:\/\/www.europesays.com\/fr\/wp-json\/wp\/v2\/posts\/620860","targetHints":{"allow":["GET"]}}],"collection":[{"href":"https:\/\/www.europesays.com\/fr\/wp-json\/wp\/v2\/posts"}],"about":[{"href":"https:\/\/www.europesays.com\/fr\/wp-json\/wp\/v2\/types\/post"}],"author":[{"embeddable":true,"href":"https:\/\/www.europesays.com\/fr\/wp-json\/wp\/v2\/users\/2"}],"replies":[{"embeddable":true,"href":"https:\/\/www.europesays.com\/fr\/wp-json\/wp\/v2\/comments?post=620860"}],"version-history":[{"count":0,"href":"https:\/\/www.europesays.com\/fr\/wp-json\/wp\/v2\/posts\/620860\/revisions"}],"wp:featuredmedia":[{"embeddable":true,"href":"https:\/\/www.europesays.com\/fr\/wp-json\/wp\/v2\/media\/620861"}],"wp:attachment":[{"href":"https:\/\/www.europesays.com\/fr\/wp-json\/wp\/v2\/media?parent=620860"}],"wp:term":[{"taxonomy":"category","embeddable":true,"href":"https:\/\/www.europesays.com\/fr\/wp-json\/wp\/v2\/categories?post=620860"},{"taxonomy":"post_tag","embeddable":true,"href":"https:\/\/www.europesays.com\/fr\/wp-json\/wp\/v2\/tags?post=620860"}],"curies":[{"name":"wp","href":"https:\/\/api.w.org\/{rel}","templated":true}]}}