{"id":620866,"date":"2025-12-25T03:12:34","date_gmt":"2025-12-25T03:12:34","guid":{"rendered":"https:\/\/www.europesays.com\/fr\/620866\/"},"modified":"2025-12-25T03:12:34","modified_gmt":"2025-12-25T03:12:34","slug":"lue-replique-apres-que-les-e-u-ont-banni-cinq-europeens-du-pays","status":"publish","type":"post","link":"https:\/\/www.europesays.com\/fr\/620866\/","title":{"rendered":"L&rsquo;UE r\u00e9plique apr\u00e8s que les \u00c9.-U. ont banni cinq Europ\u00e9ens du pays"},"content":{"rendered":"<p class=\"mb-4 text-lg md:leading-8 break-words\">La France, l&rsquo;Allemagne, l&rsquo;Union europ\u00e9enne et le Royaume-Uni ont vivement critiqu\u00e9 mercredi la d\u00e9cision am\u00e9ricaine d&rsquo;imposer des interdictions de voyager \u00e0 cinq Europ\u00e9ens que l&rsquo;administration Trump accuse de faire pression sur les entreprises technologiques pour qu&rsquo;elles censurent ou suppriment les opinions am\u00e9ricaines.<\/p>\n<p class=\"mb-4 text-lg md:leading-8 break-words\">La Commission europ\u00e9enne, l&rsquo;organe ex\u00e9cutif de l&rsquo;UE qui supervise la r\u00e9glementation technologique en Europe, a averti qu&rsquo;elle prendrait des mesures contre toute \u00abmesure injustifi\u00e9e\u00bb. Elle a d\u00e9clar\u00e9 avoir demand\u00e9 des \u00e9claircissements au d\u00e9partement d&rsquo;\u00c9tat am\u00e9ricain, qui a annonc\u00e9 ces interdictions mardi.<\/p>\n<p class=\"mb-4 text-lg md:leading-8 break-words\">Les cinq Europ\u00e9ens ont \u00e9t\u00e9 qualifi\u00e9s par le secr\u00e9taire d&rsquo;\u00c9tat am\u00e9ricain Marco Rubio d&rsquo;activistes \u00abradicaux\u00bb et d&rsquo;organisations non gouvernementales \u00abmilitaris\u00e9es\u00bb. Parmi eux figure l&rsquo;ancien commissaire europ\u00e9en charg\u00e9 de superviser les r\u00e8gles relatives aux r\u00e9seaux sociaux, Thierry Breton.<\/p>\n<p class=\"mb-4 text-lg md:leading-8 break-words\">M. Breton, homme d&rsquo;affaires et ancien ministre fran\u00e7ais des Finances, s&rsquo;\u00e9tait oppos\u00e9 l&rsquo;ann\u00e9e derni\u00e8re sur les r\u00e9seaux sociaux au milliardaire Elon Musk au sujet de la diffusion d&rsquo;une entrevue en ligne avec Donald Trump dans les mois pr\u00e9c\u00e9dant les \u00e9lections am\u00e9ricaines.<\/p>\n<p class=\"mb-4 text-lg md:leading-8 break-words\">M. Rubio a \u00e9crit mardi dans un message publi\u00e9 sur X que \u00abdepuis trop longtemps, les id\u00e9ologues europ\u00e9ens m\u00e8nent des efforts organis\u00e9s pour contraindre les plateformes am\u00e9ricaines \u00e0 punir les points de vue am\u00e9ricains auxquels ils s&rsquo;opposent\u00bb.<\/p>\n<p class=\"mb-4 text-lg md:leading-8 break-words\">\u00abL&rsquo;administration Trump ne tol\u00e9rera plus ces actes flagrants de censure extraterritoriale\u00bb, a-t-il d\u00e9clar\u00e9.<\/p>\n<p class=\"mb-4 text-lg md:leading-8 break-words\">La Commission europ\u00e9enne a r\u00e9torqu\u00e9 que \u00abl&rsquo;UE est un march\u00e9 unique ouvert et fond\u00e9 sur des r\u00e8gles, qui dispose du droit souverain de r\u00e9glementer l&rsquo;activit\u00e9 \u00e9conomique conform\u00e9ment \u00e0 nos valeurs d\u00e9mocratiques et \u00e0 nos engagements internationaux\u00bb.<\/p>\n<p class=\"mb-4 text-lg md:leading-8 break-words\">\u00abNos r\u00e8gles num\u00e9riques garantissent des conditions s\u00fbres, \u00e9quitables et \u00e9quitables pour toutes les entreprises, appliqu\u00e9es de mani\u00e8re \u00e9quitable et sans discrimination\u00bb, a-t-elle d\u00e9clar\u00e9.<\/p>\n<p class=\"mb-4 text-lg md:leading-8 break-words\">Le pr\u00e9sident fran\u00e7ais Emmanuel Macron a d\u00e9clar\u00e9 le X qu&rsquo;il s&rsquo;\u00e9tait entretenu avec M. Breton au sujet de la d\u00e9cision am\u00e9ricaine. \u00abNous resterons fermes face aux pressions et prot\u00e9gerons les Europ\u00e9ens\u00bb, a d\u00e9clar\u00e9 M. Macron.<\/p>\n<p class=\"mb-4 text-lg md:leading-8 break-words\">Il a soulign\u00e9 que \u00ables r\u00e8gles r\u00e9gissant l&rsquo;espace num\u00e9rique de l&rsquo;Union europ\u00e9enne ne sont pas cens\u00e9es \u00eatre d\u00e9termin\u00e9es en dehors de l&rsquo;Europe\u00bb.<\/p>\n<p class=\"mb-4 text-lg md:leading-8 break-words\">M. Breton a r\u00e9pondu sur X en soulignant que les 27 pays membres de l&rsquo;UE avaient vot\u00e9 en faveur de la loi sur les services num\u00e9riques en 2022. \u00ab\u00c0 nos amis am\u00e9ricains : la censure n&rsquo;est pas l\u00e0 o\u00f9 vous le pensez\u00bb, a-t-il \u00e9crit.<\/p>\n<p class=\"mb-4 text-lg md:leading-8 break-words\">Les quatre autres Europ\u00e9ens interdits par les \u00c9tats-Unis sont Imran Ahmed, directeur g\u00e9n\u00e9ral du Center for Countering Digital Hate; Josephine Ballon et Anna-Lena von Hodenberg, dirigeantes de HateAid, une organisation allemande; et Clare Melford, qui dirige le Global Disinformation Index.<\/p>\n<p class=\"mb-4 text-lg md:leading-8 break-words\">___<\/p>\n<p class=\"mb-4 text-lg md:leading-8 break-words\">Angela Charlton a contribu\u00e9 \u00e0 cette d\u00e9p\u00eache depuis Paris.<\/p>\n<p class=\"mb-4 text-lg md:leading-8 break-words\">Lorne Cook, The Associated Press<\/p>\n","protected":false},"excerpt":{"rendered":"La France, l&rsquo;Allemagne, l&rsquo;Union europ\u00e9enne et le Royaume-Uni ont vivement critiqu\u00e9 mercredi la d\u00e9cision am\u00e9ricaine d&rsquo;imposer des interdictions&hellip;\n","protected":false},"author":2,"featured_media":620867,"comment_status":"","ping_status":"","sticky":false,"template":"","format":"standard","meta":{"footnotes":""},"categories":[1586],"tags":[11,1777,674,1779,11201,1011,27,70039,17319,73064,12,73065,25,467,1778,364],"class_list":{"0":"post-620866","1":"post","2":"type-post","3":"status-publish","4":"format-standard","5":"has-post-thumbnail","7":"category-europe","8":"tag-actualites","9":"tag-eu","10":"tag-europe","11":"tag-european-union","12":"tag-europeens","13":"tag-fr","14":"tag-france","15":"tag-l39union-europeenne","16":"tag-les-regles","17":"tag-m-breton","18":"tag-news","19":"tag-pays-membres-de-l39ue","20":"tag-republique-francaise","21":"tag-trump","22":"tag-ue","23":"tag-union-europeenne"},"share_on_mastodon":{"url":"https:\/\/pubeurope.com\/@fr\/115778023785240076","error":""},"_links":{"self":[{"href":"https:\/\/www.europesays.com\/fr\/wp-json\/wp\/v2\/posts\/620866","targetHints":{"allow":["GET"]}}],"collection":[{"href":"https:\/\/www.europesays.com\/fr\/wp-json\/wp\/v2\/posts"}],"about":[{"href":"https:\/\/www.europesays.com\/fr\/wp-json\/wp\/v2\/types\/post"}],"author":[{"embeddable":true,"href":"https:\/\/www.europesays.com\/fr\/wp-json\/wp\/v2\/users\/2"}],"replies":[{"embeddable":true,"href":"https:\/\/www.europesays.com\/fr\/wp-json\/wp\/v2\/comments?post=620866"}],"version-history":[{"count":0,"href":"https:\/\/www.europesays.com\/fr\/wp-json\/wp\/v2\/posts\/620866\/revisions"}],"wp:featuredmedia":[{"embeddable":true,"href":"https:\/\/www.europesays.com\/fr\/wp-json\/wp\/v2\/media\/620867"}],"wp:attachment":[{"href":"https:\/\/www.europesays.com\/fr\/wp-json\/wp\/v2\/media?parent=620866"}],"wp:term":[{"taxonomy":"category","embeddable":true,"href":"https:\/\/www.europesays.com\/fr\/wp-json\/wp\/v2\/categories?post=620866"},{"taxonomy":"post_tag","embeddable":true,"href":"https:\/\/www.europesays.com\/fr\/wp-json\/wp\/v2\/tags?post=620866"}],"curies":[{"name":"wp","href":"https:\/\/api.w.org\/{rel}","templated":true}]}}