{"id":620878,"date":"2025-12-25T03:28:23","date_gmt":"2025-12-25T03:28:23","guid":{"rendered":"https:\/\/www.europesays.com\/fr\/620878\/"},"modified":"2025-12-25T03:28:23","modified_gmt":"2025-12-25T03:28:23","slug":"flanders-tomorrow-tour-les-villes-etapes-2026-actualite","status":"publish","type":"post","link":"https:\/\/www.europesays.com\/fr\/620878\/","title":{"rendered":"Flanders Tomorrow Tour : Les villes \u00e9tapes 2026 &#8211; Actualit\u00e9"},"content":{"rendered":"<p>                                                                    <img decoding=\"async\" src=\"https:\/\/www.europesays.com\/fr\/wp-content\/uploads\/2025\/12\/694ba7ce57e63.jpg\" height=\"auto\" loading=\"lazy\"\/><br \/>\n                                                                    Cr\u00e9dit photo Alexis Dancerelle \/ DirectVelo<\/p>\n<p class=\"images-caption\">Cr\u00e9dit photo Alexis Dancerelle \/ DirectVelo<\/p>\n<p class=\"metadata\">\n            Par<br \/>\n        <strong class=\"text-black\">    <a href=\"https:\/\/www.directvelo.com\/auteur\/6\/james-odvart\" class=\"hover-underline\" rel=\"author noopener\" target=\"_blank\">JAMES ODVART<\/a><br \/>\n<\/strong><br \/>\n                    <br \/>Le<br \/>\n    24 d\u00e9cembre 2025, 14:38<\/p>\n<p>\t\t\t<strong><a href=\"https:\/\/www.directvelo.com\/actualite\/121333\/le-flanders-tomorrow-tour-encore-annule\" target=\"_blank\" rel=\"noopener\">Annul\u00e9 ces deux derni\u00e8res saisons<\/a><\/strong>, le Flanders Tomorrow Tour compte bien revoir le jour en 2026. L&rsquo;\u00e9preuve 2.2U est inscrite au calendrier du 4 au 6 septembre prochain. Quatre \u00e9tapes, dont deux demi-\u00e9tapes le premier jour, sont au programme de la comp\u00e9tition belge r\u00e9serv\u00e9e aux Espoirs et qui compte servir de pr\u00e9paration au Championnat du Monde de Montr\u00e9al.<br \/>En marge de la deuxi\u00e8me \u00e9tape en ligne, un interclub national U19 se tiendra \u00e0 Handzame. Il s&rsquo;agira d&rsquo;une premi\u00e8re.\u00a0<\/p>\n<p><strong>Les villes \u00e9tapes du Flanders Tomorrow Tour 2026 :<\/strong>\u00a0<br \/>04\/09 &#8211; Et. 1A : Eernegem &#8211; Eernegem (CLM individuel)<br \/>04\/09 &#8211; Et. 1B : Eernegem &#8211; Eernegem<br \/>05\/09 &#8211; Et. 2 : Handzame &#8211; Handzame\u00a0<br \/>06\/09 &#8211; Et. 3 : Nieuport &#8211; Nieuport\u00a0<\/p>\n","protected":false},"excerpt":{"rendered":"Cr\u00e9dit photo Alexis Dancerelle \/ DirectVelo Cr\u00e9dit photo Alexis Dancerelle \/ DirectVelo Par JAMES ODVART Le 24 d\u00e9cembre&hellip;\n","protected":false},"author":2,"featured_media":620879,"comment_status":"","ping_status":"","sticky":false,"template":"","format":"standard","meta":{"footnotes":""},"categories":[1411],"tags":[834,828,836,829,837,827,83,826,824,823,1154,207,814,817,815,816,822,821,832,211,839,1011,27,820,818,819,835,831,830,833,838,60,212,208,825],"class_list":{"0":"post-620878","1":"post","2":"type-post","3":"status-publish","4":"format-standard","5":"has-post-thumbnail","7":"category-cyclisme","8":"tag-attaque","9":"tag-belgique","10":"tag-braquet","11":"tag-bretagne","12":"tag-chute","13":"tag-competition","14":"tag-coupe-de-france","15":"tag-coureur","16":"tag-course-cyclisme","17":"tag-course-cycliste","18":"tag-cycling","19":"tag-cyclisme","20":"tag-direct","21":"tag-direct-velo","22":"tag-directvelo","23":"tag-directvelo-com","24":"tag-epreuve","25":"tag-epreuve-cycliste","26":"tag-federation-francaise-de-cyclisme","27":"tag-ffc","28":"tag-flandres","29":"tag-fr","30":"tag-france","31":"tag-live","32":"tag-live-course","33":"tag-live-epreuve","34":"tag-peloton","35":"tag-radio-peloton","36":"tag-radio-tour","37":"tag-ravitaillement","38":"tag-relance","39":"tag-sports","40":"tag-uci","41":"tag-velo","42":"tag-velos"},"share_on_mastodon":{"url":"https:\/\/pubeurope.com\/@fr\/115778088295825693","error":""},"_links":{"self":[{"href":"https:\/\/www.europesays.com\/fr\/wp-json\/wp\/v2\/posts\/620878","targetHints":{"allow":["GET"]}}],"collection":[{"href":"https:\/\/www.europesays.com\/fr\/wp-json\/wp\/v2\/posts"}],"about":[{"href":"https:\/\/www.europesays.com\/fr\/wp-json\/wp\/v2\/types\/post"}],"author":[{"embeddable":true,"href":"https:\/\/www.europesays.com\/fr\/wp-json\/wp\/v2\/users\/2"}],"replies":[{"embeddable":true,"href":"https:\/\/www.europesays.com\/fr\/wp-json\/wp\/v2\/comments?post=620878"}],"version-history":[{"count":0,"href":"https:\/\/www.europesays.com\/fr\/wp-json\/wp\/v2\/posts\/620878\/revisions"}],"wp:featuredmedia":[{"embeddable":true,"href":"https:\/\/www.europesays.com\/fr\/wp-json\/wp\/v2\/media\/620879"}],"wp:attachment":[{"href":"https:\/\/www.europesays.com\/fr\/wp-json\/wp\/v2\/media?parent=620878"}],"wp:term":[{"taxonomy":"category","embeddable":true,"href":"https:\/\/www.europesays.com\/fr\/wp-json\/wp\/v2\/categories?post=620878"},{"taxonomy":"post_tag","embeddable":true,"href":"https:\/\/www.europesays.com\/fr\/wp-json\/wp\/v2\/tags?post=620878"}],"curies":[{"name":"wp","href":"https:\/\/api.w.org\/{rel}","templated":true}]}}