{"id":620908,"date":"2025-12-25T03:51:44","date_gmt":"2025-12-25T03:51:44","guid":{"rendered":"https:\/\/www.europesays.com\/fr\/620908\/"},"modified":"2025-12-25T03:51:44","modified_gmt":"2025-12-25T03:51:44","slug":"saint-just-malmont-la-boule-amicale-a-renove-ses-locaux","status":"publish","type":"post","link":"https:\/\/www.europesays.com\/fr\/620908\/","title":{"rendered":"Saint-Just-Malmont : la Boule amicale a r\u00e9nov\u00e9 ses locaux"},"content":{"rendered":"<p>\t\t\t\t\t\t\t\t\t\t\t\t\t\t\t\t\t\t\t\t\t\t\t\t\t\t\t\t\t\t\t\t\t\t\t\t\t\t\t\t\t\t\t\t\t\t\t\t\t\t\t\t\t\t\t\t\t\t\t\t\t\t\t<a href=\"https:\/\/www.lacommere43.fr\/component\/banners\/click\/1869.html\" target=\"_blank\" title=\"Saint-Romain-Lachalm Durieux Fermetures d\u00e9cembre 2025\" rel=\"noopener\"><br \/>\n\t\t\t\t\t\t\t<img decoding=\"async\" loading=\"lazy\" src=\"https:\/\/www.europesays.com\/fr\/wp-content\/uploads\/2025\/12\/La-Commre-43---du-20-12-25-au-09-01-2026.gif\" alt=\"Saint-Romain-Lachalm Durieux Fermetures d\u00e9cembre 2025\"\/><br \/>\n\t\t\t\t\t\t<\/a><\/p>\n<p><strong>Dimanche avait lieu l&rsquo;assembl\u00e9e g\u00e9n\u00e9rale de la Boule amicale de Saint-Just-Malmont, pr\u00e9sid\u00e9e par Andr\u00e9 Molle, qui compte 80 licenci\u00e9s.<\/strong><\/p>\n<p>Devant pr\u00e8s de 40 soci\u00e9taires, le pr\u00e9sident pr\u00e9sentait le bilan moral de l&rsquo;ann\u00e9e qui a \u00e9t\u00e9 tr\u00e8s prolifique. Il remerciait les soci\u00e9taires qui se sont investis dans les travaux de r\u00e9novation des locaux notamment la peinture, l&rsquo;\u00e9clairage&#8230; Le co\u00fbt des travaux s&rsquo;\u00e9l\u00e8ve \u00e0 18 000 \u20ac comprenant notamment les fournitures, le changement du bar et les placards de rangement.<\/p>\n<p>\u00c0 noter \u00e9galement dans les temps forts la r\u00e9ussite de la soupe aux choux lors de la f\u00eate patronale ou pr\u00e8s de 400 soupes ont \u00e9t\u00e9 servies. Louis Guichard, tr\u00e9sorier, pr\u00e9sentait le bilan financier en d\u00e9ficit d\u00fb aux travaux de r\u00e9fection des locaux.<\/p>\n<p>Jean-Marc Maurin, secr\u00e9taire, rappelait le bilan positif des r\u00e9sultats sportifs avec notamment cette ann\u00e9e le titre de vice-championne de France de l&rsquo;\u00e9quipe f\u00e9minine compos\u00e9e de Jeannine Fourneyron, Christine Maurin et Sandra Avond.<\/p>\n<p>En cl\u00f4ture Andr\u00e9 Molle annon\u00e7ait son souhait de quitter la pr\u00e9sidence apr\u00e8s pr\u00e8s de 15 ans d&rsquo;exercice.<\/p>\n","protected":false},"excerpt":{"rendered":"Dimanche avait lieu l&rsquo;assembl\u00e9e g\u00e9n\u00e9rale de la Boule amicale de Saint-Just-Malmont, pr\u00e9sid\u00e9e par Andr\u00e9 Molle, qui compte 80&hellip;\n","protected":false},"author":2,"featured_media":620909,"comment_status":"","ping_status":"","sticky":false,"template":"","format":"standard","meta":{"footnotes":""},"categories":[9653],"tags":[1111,2281,11,2430,1777,674,2282,1011,27,2280,2284,2285,2283,12,25,4001],"class_list":{"0":"post-620908","1":"post","2":"type-post","3":"status-publish","4":"format-standard","5":"has-post-thumbnail","7":"category-saint-etienne","8":"tag-actu","9":"tag-actualite-43","10":"tag-actualites","11":"tag-auvergne-rhone-alpes","12":"tag-eu","13":"tag-europe","14":"tag-faits-divers-auvergne","15":"tag-fr","16":"tag-france","17":"tag-information-haute-loire","18":"tag-infos-43","19":"tag-journal-haute-loire","20":"tag-la-commere-43","21":"tag-news","22":"tag-republique-francaise","23":"tag-saint-etienne"},"share_on_mastodon":{"url":"https:\/\/pubeurope.com\/@fr\/115778182800848723","error":""},"_links":{"self":[{"href":"https:\/\/www.europesays.com\/fr\/wp-json\/wp\/v2\/posts\/620908","targetHints":{"allow":["GET"]}}],"collection":[{"href":"https:\/\/www.europesays.com\/fr\/wp-json\/wp\/v2\/posts"}],"about":[{"href":"https:\/\/www.europesays.com\/fr\/wp-json\/wp\/v2\/types\/post"}],"author":[{"embeddable":true,"href":"https:\/\/www.europesays.com\/fr\/wp-json\/wp\/v2\/users\/2"}],"replies":[{"embeddable":true,"href":"https:\/\/www.europesays.com\/fr\/wp-json\/wp\/v2\/comments?post=620908"}],"version-history":[{"count":0,"href":"https:\/\/www.europesays.com\/fr\/wp-json\/wp\/v2\/posts\/620908\/revisions"}],"wp:featuredmedia":[{"embeddable":true,"href":"https:\/\/www.europesays.com\/fr\/wp-json\/wp\/v2\/media\/620909"}],"wp:attachment":[{"href":"https:\/\/www.europesays.com\/fr\/wp-json\/wp\/v2\/media?parent=620908"}],"wp:term":[{"taxonomy":"category","embeddable":true,"href":"https:\/\/www.europesays.com\/fr\/wp-json\/wp\/v2\/categories?post=620908"},{"taxonomy":"post_tag","embeddable":true,"href":"https:\/\/www.europesays.com\/fr\/wp-json\/wp\/v2\/tags?post=620908"}],"curies":[{"name":"wp","href":"https:\/\/api.w.org\/{rel}","templated":true}]}}