{"id":620916,"date":"2025-12-25T04:01:36","date_gmt":"2025-12-25T04:01:36","guid":{"rendered":"https:\/\/www.europesays.com\/fr\/620916\/"},"modified":"2025-12-25T04:01:36","modified_gmt":"2025-12-25T04:01:36","slug":"des-coffrets-gourmands-offerts-aux-aines-a-noel","status":"publish","type":"post","link":"https:\/\/www.europesays.com\/fr\/620916\/","title":{"rendered":"Des coffrets gourmands offerts aux a\u00een\u00e9s \u00e0 No\u00ebl"},"content":{"rendered":"<p>La semaine derni\u00e8re, les \u00e9lus du Centre communal d\u2019action sociale (CCAS) de Murviel-l\u00e8s-Montpellier ont rendu visite aux habitants de plus de 80 ans afin de leur remettre un coffret gourmand accompagn\u00e9 d\u2019une bouteille de vin. Un geste appr\u00e9ci\u00e9, qui va bien au-del\u00e0 de la simple distribution de cadeaux.<\/p>\n<p>Cette initiative prend tout son sens en cette p\u00e9riode de f\u00eates de fin d\u2019ann\u00e9e, un moment particuli\u00e8rement important pour les personnes \u00e2g\u00e9es. Une attention d\u2019autant plus pr\u00e9cieuse que cette p\u00e9riode peut parfois accentuer le sentiment de solitude.<\/p>\n<p>Ces visites \u00e0 domicile ont avant tout \u00e9t\u00e9 l\u2019occasion de cr\u00e9er ou de renforcer le lien social avec des seniors parfois \u00e9loign\u00e9s de la vie collective.<\/p>\n<p>\u00ab\u00a0Ces moments permettent de belles rencontres et des \u00e9changes sinc\u00e8res\u00a0\u00bb, souligne Juliette Paprocky-Camard, \u00e9lue municipale en charge des Affaires sociales. Pour nombre de b\u00e9n\u00e9ficiaires, cette attention repr\u00e9sente un temps privil\u00e9gi\u00e9 de discussion et de convivialit\u00e9.<\/p>\n<p>Cette action s\u2019inscrit dans une d\u00e9marche plus large du CCAS, engag\u00e9 dans la lutte contre l\u2019isolement des personnes \u00e2g\u00e9es, et attentif \u00e0 leur bien-\u00eatre au quotidien.<\/p>\n<p>\u00ab\u00a0Les \u00e9changes permettent \u00e9galement de rester \u00e0 l\u2019\u00e9coute, de d\u00e9tecter d\u2019\u00e9ventuels besoins et de rappeler aux a\u00een\u00e9s qu\u2019un accompagnement de proximit\u00e9 existe sur la commune\u00a0\u00bb, pr\u00e9cise l\u2019\u00e9lue du CCAS.<\/p>\n<p>Correspondante : <a href=\"https:\/\/www.midilibre.fr\/2025\/12\/24\/mailto:co.midilibre.lm@gmail.com\" target=\"_blank\" rel=\"noopener\">co.midilibre.lm@gmail.com<\/a><\/p>\n","protected":false},"excerpt":{"rendered":"La semaine derni\u00e8re, les \u00e9lus du Centre communal d\u2019action sociale (CCAS) de Murviel-l\u00e8s-Montpellier ont rendu visite aux habitants&hellip;\n","protected":false},"author":2,"featured_media":620917,"comment_status":"","ping_status":"","sticky":false,"template":"","format":"standard","meta":{"footnotes":""},"categories":[9599],"tags":[1111,11,1777,674,1011,27,7089,2208,71070,12,2680,25,801,1857],"class_list":{"0":"post-620916","1":"post","2":"type-post","3":"status-publish","4":"format-standard","5":"has-post-thumbnail","7":"category-montpellier","8":"tag-actu","9":"tag-actualites","10":"tag-eu","11":"tag-europe","12":"tag-fr","13":"tag-france","14":"tag-herault","15":"tag-montpellier","16":"tag-murviellesmontpellier","17":"tag-news","18":"tag-occitanie","19":"tag-republique-francaise","20":"tag-social","21":"tag-sociu00e9tu00e9"},"share_on_mastodon":{"url":"https:\/\/pubeurope.com\/@fr\/115778216509179227","error":""},"_links":{"self":[{"href":"https:\/\/www.europesays.com\/fr\/wp-json\/wp\/v2\/posts\/620916","targetHints":{"allow":["GET"]}}],"collection":[{"href":"https:\/\/www.europesays.com\/fr\/wp-json\/wp\/v2\/posts"}],"about":[{"href":"https:\/\/www.europesays.com\/fr\/wp-json\/wp\/v2\/types\/post"}],"author":[{"embeddable":true,"href":"https:\/\/www.europesays.com\/fr\/wp-json\/wp\/v2\/users\/2"}],"replies":[{"embeddable":true,"href":"https:\/\/www.europesays.com\/fr\/wp-json\/wp\/v2\/comments?post=620916"}],"version-history":[{"count":0,"href":"https:\/\/www.europesays.com\/fr\/wp-json\/wp\/v2\/posts\/620916\/revisions"}],"wp:featuredmedia":[{"embeddable":true,"href":"https:\/\/www.europesays.com\/fr\/wp-json\/wp\/v2\/media\/620917"}],"wp:attachment":[{"href":"https:\/\/www.europesays.com\/fr\/wp-json\/wp\/v2\/media?parent=620916"}],"wp:term":[{"taxonomy":"category","embeddable":true,"href":"https:\/\/www.europesays.com\/fr\/wp-json\/wp\/v2\/categories?post=620916"},{"taxonomy":"post_tag","embeddable":true,"href":"https:\/\/www.europesays.com\/fr\/wp-json\/wp\/v2\/tags?post=620916"}],"curies":[{"name":"wp","href":"https:\/\/api.w.org\/{rel}","templated":true}]}}