{"id":620918,"date":"2025-12-25T04:03:52","date_gmt":"2025-12-25T04:03:52","guid":{"rendered":"https:\/\/www.europesays.com\/fr\/620918\/"},"modified":"2025-12-25T04:03:52","modified_gmt":"2025-12-25T04:03:52","slug":"remettre-les-clubs-francais-sur-le-toit-de-leurope-les-ambitions-du-president-de-la-ligue-nationale-de-handball-en-visite-a-montpellier","status":"publish","type":"post","link":"https:\/\/www.europesays.com\/fr\/620918\/","title":{"rendered":"\u00ab\u00a0Remettre les clubs fran\u00e7ais sur le toit de l\u2019Europe\u00a0\u00bb\u00a0: les ambitions du pr\u00e9sident de la ligue nationale de handball en visite \u00e0 Montpellier"},"content":{"rendered":"<p>\n                                                                Fabrice Boutet, le pr\u00e9sident de la Ligue nationale (LNH) \u00e9tait \u00e0 Montpellier, vendredi 19\u00a0d\u00e9cembre pour assister \u00e0 la victoire du MHB contre Saint-Rapah\u00ebl (44-34). Il en a profit\u00e9 pour faire le point sur diff\u00e9rents chantiers.\n                            <\/p>\n<p class=\"txt-question\">Quel bilan tirez-vous 9 mois apr\u00e8s votre \u00e9lection \u00e0 la t\u00eate de la LNH\u00a0?<\/p>\n<p>J\u2019ai trouv\u00e9 beaucoup de dynamisme, au sein des \u00e9quipes de la Ligue. Du dynamisme au niveau de l\u2019implication des pr\u00e9sidents. M\u00eame des clubs qui ne sont pas dans le comit\u00e9 directeur. Un championnat qui se resserre et devient de plus en plus comp\u00e9titif. J\u2019ai aussi per\u00e7u la probl\u00e9matique \u00e9conomique, parce que l\u2019\u00c9tat on sait dans quel \u00e9tat il est. On voit bien qu\u2019en fonction de la participation des collectivit\u00e9s, les clubs sont plus ou moins rassur\u00e9s ou fragiles. Pas ultra-fragiles non plus. Nous avons une belle notori\u00e9t\u00e9. Mais on n\u2019a pas la visibilit\u00e9 qu\u2019on m\u00e9rite. Et c\u2019est un constat qui nous oblige d\u2019aller en chercher plus. De comprendre comment on peut encore attirer plus de fans, de t\u00e9l\u00e9spectateurs\u2026<\/p>\n<p class=\"txt-question\">La prolongation du contrat avec BeIn Sport, pour 5 ans, peut y contribuer\u00a0?<\/p>\n<p>Oui, c\u2019est un peu l\u2019objectif. Ce contrat est un vrai partenariat. Quelque chose qui se fait dans la longueur et qui nous s\u00e9curise puisqu\u2019il a \u00e9t\u00e9 renouvel\u00e9 sur cinq ans. C\u2019est vraiment un signe fort de BeIn. Deuxi\u00e8me chose, c\u2019est la plus-value, la volont\u00e9 aussi de BeIN et de la Ligue d\u2019avoir notre propre magazine. On ouvre une petite lucarne dans cette t\u00e9l\u00e9vision et on se dit, on va essayer de voir les arcanes de notre sport, comment, derri\u00e8re, \u00e7a se passe avec les pr\u00e9sidents, les entra\u00eeneurs et autres.<\/p>\n<p class=\"txt-question\">Dans quelle sant\u00e9 financi\u00e8re se trouvent les clubs pros\u00a0?<\/p>\n<p>On a en tr\u00e8s grande majorit\u00e9 des clubs qui sont assis sur une intelligence de gestion et une capacit\u00e9 \u00e0 avoir des partenaires du priv\u00e9 et du public. On a d\u2019autres clubs qui souffrent un peu plus, parce qu\u2019ils sont mont\u00e9s en Proligue, mais avec le budget minimum. Et on voit que le budget minimum, \u00e7a signifie qu\u2019il faut g\u00e9rer au plus court l\u2019\u00e9conomie. On a quelques questionnements, mais on n\u2019a pas de zone d\u2019alerte. Si on n\u2019en veut pas demain, c\u2019est maintenant qu\u2019il faut continuer de construire.<\/p>\n<p class=\"txt-question\">La Ligue va proposer <a href=\"https:\/\/www.lequipe.fr\/Handball\/Article\/La-ligue-nationale-devrait-adopter-le-principe-des-play-offs-en-liqui-moly-starligue-des-la-saison-2026-2027\/1617743\" target=\"_self\" rel=\"noopener\">une nouvelle formule<\/a> pour la Starligue, pour quelle raison\u00a0?<\/p>\n<p>Quand je suis arriv\u00e9, il y avait d\u00e9j\u00e0 tout un travail qui avait \u00e9t\u00e9 r\u00e9alis\u00e9 sur des formules de championnat. Mais on avait du mal \u00e0 le comprendre. Donc on a mis en place un groupe de travail, et tout le monde convient qu\u2019il faut qu\u2019on regarde quelque chose d\u2019un petit peu diff\u00e9rent pour plusieurs raisons.<\/p>\n<p>La premi\u00e8re, c\u2019est d\u2019aller chercher le suspense le plus longtemps possible, monter l\u2019adr\u00e9naline chez nos fans, pour que chacun d\u2019entre eux se dise qu\u2019il y a de l\u2019enjeu. La deuxi\u00e8me chose, c\u2019est aussi qu\u2019on a des clubs phares, Montpellier \u00e9videmment, Paris, Nantes. Et on veut que les autres clubs aient envie d\u2019\u00eatre \u00e0 ce niveau-l\u00e0. Pour \u00e7a, il faut leur donner aussi l\u2019acc\u00e8s \u00e0 un moment qu\u2019il n\u2019y ait pas trop de d\u00e9crochages et qu\u2019on puisse se dire, \u201cj\u2019ai toujours la possibilit\u00e9 de remonter dans le classement ou d\u2019aller chercher, d\u2019aller titiller le meilleur niveau\u201d.<\/p>\n<p>    Une nouvelle formule en 2026<\/p>\n<p>La Ligue Nationale de handball devrait adopter une nouvelle formule de championnat d\u00e8s la saison prochaine en incluant des play-offs. Les 4 premiers de saison r\u00e9guli\u00e8re seraient qualifi\u00e9s pour des phases finales, avec des demi-finales en matches aller-retour. Les vainqueurs de ces demies seraient oppos\u00e9s en finale sur un match sec qui se d\u00e9roulerait chaque ann\u00e9e dans une grande salle. Selon L\u2019\u00c9quipe, une discussion est \u00e9galement en cours pour instaurer des barrages de qualification pour la Ligue Europ\u00e9enne. En revanche aucun changement n\u2019est pr\u00e9vu concernant la rel\u00e9gation.<\/p>\n<p>La troisi\u00e8me chose, c\u2019est l\u2019\u00e9conomie. Quand vous avez une salle avec 10\u00a0600 personnes \u00e0 Nantes, on se dit que si on a une formule qui nous permet d\u2019avoir plusieurs de ces matches \u00e0 enjeu, c\u2019est l\u2019\u00e9conomie du handball professionnel qui est en jeu.<br \/>Et puis, ce qu\u2019on veut, c\u2019est avoir de plus en plus de fans. Nous, ce qui nous int\u00e9resse, c\u2019est que les gens pensent, vivent, parlent handball et viennent dans nos salles parce que c\u2019est quand m\u00eame l\u00e0 qu\u2019on est au vrai contact. Il faut que les r\u00e9sultats portent.<\/p>\n<p>\u00ab\u00a0On vise le mod\u00e8le allemand\u00a0\u00bb<\/p>\n<p class=\"txt-question\">Est-ce aussi l\u2019opportunit\u00e9 d\u2019aller chercher des titres europ\u00e9ens\u00a0?<\/p>\n<p>Alors \u00e7a, c\u2019est dans le mandat qu\u2019on m\u2019a fait l\u2019honneur de prendre. Il y a une notion de performance. On veut installer les clubs fran\u00e7ais sur le toit de l\u2019Europe. C\u2019est une volont\u00e9.<br \/>La deuxi\u00e8me chose est l\u2019\u00e9conomie une fois encore. Le championnat allemand est un exemple devant nous. Il y a de la comp\u00e9titivit\u00e9 \u00e0 l\u2019int\u00e9rieur de notre championnat. Il faut qu\u2019il se renforce pour tirer vers le haut. Il faut peut-\u00eatre qu\u2019on garde aussi nos joueurs chez nous. On parle de la formation, parce qu\u2019on est tr\u00e8s bon. On est un beau pays de formation au niveau du handball. On n\u2019a vraiment pas \u00e0 rougir, m\u00eame vis-\u00e0-vis des Allemands. Mais on se fait grignoter nos joueurs. L\u2019id\u00e9e, c\u2019est de dire comment on peut combiner la formation, garder nos joueurs, l\u2019\u00e9conomie, et la capacit\u00e9 d\u2019avoir une vraie comp\u00e9titivit\u00e9 dans le championnat. On vise, effectivement plut\u00f4t le mod\u00e8le allemand. C\u2019est un des objectifs tr\u00e8s pr\u00e9cis du mandat dans lequel on s\u2019est inscrit.<\/p>\n<p class=\"txt-question\">Que repr\u00e9sente pour vous, un club comme Montpellier\u00a0?<\/p>\n<p>J\u2019aime beaucoup l\u2019\u00e9tat d\u2019esprit de Montpellier. J\u2019aime beaucoup discuter avec son pr\u00e9sident, c\u2019est quelqu\u2019un qui est dans un \u00e9tat d\u2019esprit d\u2019ouverture, de modernit\u00e9. Montpellier, c\u2019est une belle histoire. M\u00eame moi, dans mon milieu du ski, on me parle des quelques stars, et de Montpellier. Parce que c\u2019est une histoire. \u00c0 un moment, le handball du plus haut niveau fran\u00e7ais \u00e9tait port\u00e9 par Montpellier. Et on sent encore cette ambiance.<\/p>\n","protected":false},"excerpt":{"rendered":"Fabrice Boutet, le pr\u00e9sident de la Ligue nationale (LNH) \u00e9tait \u00e0 Montpellier, vendredi 19\u00a0d\u00e9cembre pour assister \u00e0 la&hellip;\n","protected":false},"author":2,"featured_media":620919,"comment_status":"","ping_status":"","sticky":false,"template":"","format":"standard","meta":{"footnotes":""},"categories":[9599],"tags":[1111,11,1777,674,1011,27,1792,7089,2208,12,2680,25,517],"class_list":{"0":"post-620918","1":"post","2":"type-post","3":"status-publish","4":"format-standard","5":"has-post-thumbnail","7":"category-montpellier","8":"tag-actu","9":"tag-actualites","10":"tag-eu","11":"tag-europe","12":"tag-fr","13":"tag-france","14":"tag-handball","15":"tag-herault","16":"tag-montpellier","17":"tag-news","18":"tag-occitanie","19":"tag-republique-francaise","20":"tag-sport"},"share_on_mastodon":{"url":"https:\/\/pubeurope.com\/@fr\/115778228261537502","error":""},"_links":{"self":[{"href":"https:\/\/www.europesays.com\/fr\/wp-json\/wp\/v2\/posts\/620918","targetHints":{"allow":["GET"]}}],"collection":[{"href":"https:\/\/www.europesays.com\/fr\/wp-json\/wp\/v2\/posts"}],"about":[{"href":"https:\/\/www.europesays.com\/fr\/wp-json\/wp\/v2\/types\/post"}],"author":[{"embeddable":true,"href":"https:\/\/www.europesays.com\/fr\/wp-json\/wp\/v2\/users\/2"}],"replies":[{"embeddable":true,"href":"https:\/\/www.europesays.com\/fr\/wp-json\/wp\/v2\/comments?post=620918"}],"version-history":[{"count":0,"href":"https:\/\/www.europesays.com\/fr\/wp-json\/wp\/v2\/posts\/620918\/revisions"}],"wp:featuredmedia":[{"embeddable":true,"href":"https:\/\/www.europesays.com\/fr\/wp-json\/wp\/v2\/media\/620919"}],"wp:attachment":[{"href":"https:\/\/www.europesays.com\/fr\/wp-json\/wp\/v2\/media?parent=620918"}],"wp:term":[{"taxonomy":"category","embeddable":true,"href":"https:\/\/www.europesays.com\/fr\/wp-json\/wp\/v2\/categories?post=620918"},{"taxonomy":"post_tag","embeddable":true,"href":"https:\/\/www.europesays.com\/fr\/wp-json\/wp\/v2\/tags?post=620918"}],"curies":[{"name":"wp","href":"https:\/\/api.w.org\/{rel}","templated":true}]}}