{"id":620924,"date":"2025-12-25T04:15:59","date_gmt":"2025-12-25T04:15:59","guid":{"rendered":"https:\/\/www.europesays.com\/fr\/620924\/"},"modified":"2025-12-25T04:15:59","modified_gmt":"2025-12-25T04:15:59","slug":"pour-larcheveque-de-rennes-prendre-soin-des-jeunes-est-une-priorite-2","status":"publish","type":"post","link":"https:\/\/www.europesays.com\/fr\/620924\/","title":{"rendered":"Pour l\u2019archev\u00eaque de Rennes \u00ab\u00a0prendre soin des jeunes est une priorit\u00e9\u00a0\u00bb"},"content":{"rendered":"<p>Les paroisses catholiques du dioc\u00e8se de Rennes (Ille-et-Vilaine) vont accueillir plusieurs milliers de personnes pour les messes de No\u00ebl. Solidarit\u00e9s, attention aux familles et aux jeunes, premiers mois du pontificat du pape L\u00e9on XIV, sont les sujets abord\u00e9s pour l\u2019occasion avec Mgr\u00a0Pierre d\u2019Ornellas, archev\u00eaque de Rennes.<\/p>\n<p>\u00c0 No\u00ebl, les paroisses accueillent des personnes qui vont rarement \u00e0 l\u2019\u00e9glise. Que leur dites-vous\u00a0?<\/p>\n<p>Dieu vous aime\u00a0! Il b\u00e9nit l\u2019amour que vous vivez en famille. No\u00ebl est la f\u00eate de sa naissance \u00e0 Bethl\u00e9em dans une famille. J\u00e9sus a v\u00e9cu parmi nous pour nous montrer le chemin de la vraie joie. Je leur dirais aussi\u00a0: n\u2019oubliez pas Dieu dans vos vies stress\u00e9es.<\/p>\n<p>Que retenez-vous des huit premiers mois du pontificat de L\u00e9on XIV\u00a0?<\/p>\n<p>Joie et s\u00e9r\u00e9nit\u00e9, paix et unit\u00e9. \u00ab\u00a0La paix est possible\u00a0!\u00a0\u00bb, a martel\u00e9<a href=\"https:\/\/rennes.maville.com\/actu\/actudet_-voyage-du-pape-leon-xiv.-la-place-des-chretiens-du-liban-menacee-par-les-crises-a-repetition-_53511-7088519_actu.Htm\" target=\"_blank\" rel=\"noopener\"> L\u00e9on XIV au retour du Liban<\/a>. Cela passe par le dialogue et le respect des pauvres. Son voyage \u00e0 Nic\u00e9e (Turquie) avec les Orthodoxes fut un signe d\u2019esp\u00e9rance.<\/p>\n<p>Il a d\u2019ailleurs poursuivi l\u2019Ann\u00e9e de l\u2019Esp\u00e9rance ouverte par Fran\u00e7ois. Je la cl\u00f4turerai, ce dimanche 28\u00a0d\u00e9cembre 2025, \u00e0 15\u00a0h\u00a030, par un office de louange \u00e0 la cath\u00e9drale de Rennes.<\/p>\n<p><strong>Lire aussi\u00a0:<\/strong> <a href=\"https:\/\/fougeres.maville.com\/actu\/actudet_-les-messes-de-noel-celebrees-les-24-et-25-decembre-en-ille-et-vilaine-_7-7121403_actu.Htm\" target=\"_blank\" rel=\"noopener\">Les messes de No\u00ebl c\u00e9l\u00e9br\u00e9es les 24 et 25\u00a0d\u00e9cembre en Ille-et-Vilaine<\/a><\/p>\n<p>Comment se porte le dioc\u00e8se de Rennes\u00a0?<\/p>\n<p>Si j\u2019en juge par ce que m\u2019\u00e9crivent les nombreux cat\u00e9chum\u00e8nes, le dioc\u00e8se se porte bien. Le vrai barom\u00e8tre d\u2019un dioc\u00e8se, c\u2019est la charit\u00e9 au sens juste du terme qui se traduit par l\u2019accueil, la bienveillance, la compassion et l\u2019annonce de l\u2019amour de Dieu.<\/p>\n<p><a href=\"https:\/\/rennes.maville.com\/actu\/actudet_-face-aux-scandales-sexuels-dans-l-eglise-la-foi-des-croyants-du-diocese-de-rennes-a-l-epreuve-_7-6975214_actu.Htm\" target=\"_blank\" rel=\"noopener\">Je suis admiratif du nombre de chr\u00e9tiens<\/a> qui se met au service de leurs fr\u00e8res et s\u0153urs \u00e9prouv\u00e9s\u00a0: malades, d\u00e9tenus, familles en deuil, personnes handicap\u00e9es, isol\u00e9es, migrants\u2026<\/p>\n<p>Quels sont les dossiers en haut de la pile de vos priorit\u00e9s\u00a0?<\/p>\n<p>L\u2019\u00e9ducation et les familles. Prendre soin des jeunes est une priorit\u00e9, en particulier de ceux qui sont d\u00e9favoris\u00e9s ou \u00e9prouv\u00e9s dans leur sant\u00e9 mentale. Cela passe par l\u2019accompagnement des familles.<\/p>\n<p>Elles sont le terreau d\u2019une bonne sant\u00e9 de la soci\u00e9t\u00e9. Cela passe aussi par le soutien des \u00e9tablissements scolaires catholiques qui font un travail p\u00e9dagogique remarquable.<\/p>\n<p>\u00a0<\/p>\n","protected":false},"excerpt":{"rendered":"Les paroisses catholiques du dioc\u00e8se de Rennes (Ille-et-Vilaine) vont accueillir plusieurs milliers de personnes pour les messes de&hellip;\n","protected":false},"author":2,"featured_media":619898,"comment_status":"","ping_status":"","sticky":false,"template":"","format":"standard","meta":{"footnotes":""},"categories":[2821],"tags":[1111,11,12730,829,1777,674,1011,27,4074,12,4571,56466,584,25,35749],"class_list":{"0":"post-620924","1":"post","2":"type-post","3":"status-publish","4":"format-standard","5":"has-post-thumbnail","7":"category-rennes","8":"tag-actu","9":"tag-actualites","10":"tag-archeveque","11":"tag-bretagne","12":"tag-eu","13":"tag-europe","14":"tag-fr","15":"tag-france","16":"tag-jeunes","17":"tag-news","18":"tag-prendre","19":"tag-priorite","20":"tag-rennes","21":"tag-republique-francaise","22":"tag-soin"},"share_on_mastodon":{"url":"https:\/\/pubeurope.com\/@fr\/115778275491264084","error":""},"_links":{"self":[{"href":"https:\/\/www.europesays.com\/fr\/wp-json\/wp\/v2\/posts\/620924","targetHints":{"allow":["GET"]}}],"collection":[{"href":"https:\/\/www.europesays.com\/fr\/wp-json\/wp\/v2\/posts"}],"about":[{"href":"https:\/\/www.europesays.com\/fr\/wp-json\/wp\/v2\/types\/post"}],"author":[{"embeddable":true,"href":"https:\/\/www.europesays.com\/fr\/wp-json\/wp\/v2\/users\/2"}],"replies":[{"embeddable":true,"href":"https:\/\/www.europesays.com\/fr\/wp-json\/wp\/v2\/comments?post=620924"}],"version-history":[{"count":0,"href":"https:\/\/www.europesays.com\/fr\/wp-json\/wp\/v2\/posts\/620924\/revisions"}],"wp:featuredmedia":[{"embeddable":true,"href":"https:\/\/www.europesays.com\/fr\/wp-json\/wp\/v2\/media\/619898"}],"wp:attachment":[{"href":"https:\/\/www.europesays.com\/fr\/wp-json\/wp\/v2\/media?parent=620924"}],"wp:term":[{"taxonomy":"category","embeddable":true,"href":"https:\/\/www.europesays.com\/fr\/wp-json\/wp\/v2\/categories?post=620924"},{"taxonomy":"post_tag","embeddable":true,"href":"https:\/\/www.europesays.com\/fr\/wp-json\/wp\/v2\/tags?post=620924"}],"curies":[{"name":"wp","href":"https:\/\/api.w.org\/{rel}","templated":true}]}}