{"id":620929,"date":"2025-12-25T04:19:44","date_gmt":"2025-12-25T04:19:44","guid":{"rendered":"https:\/\/www.europesays.com\/fr\/620929\/"},"modified":"2025-12-25T04:19:44","modified_gmt":"2025-12-25T04:19:44","slug":"la-ville-de-la-colle-sur-loup-lance-un-appel-aux-entreprises-pour-la","status":"publish","type":"post","link":"https:\/\/www.europesays.com\/fr\/620929\/","title":{"rendered":"La Ville de La Colle-sur-Loup lance un appel aux entreprises pour la (\u2026)"},"content":{"rendered":"<p>                    <img loading=\"lazy\" decoding=\"async\" src=\"https:\/\/www.europesays.com\/fr\/wp-content\/uploads\/2025\/12\/e4f3ddf2725183ef7643f8c55eff10.png\" class=\"img-responsive post-image\" width=\"680\" height=\"510\" alt=\"La Ville de La Colle-sur-\" title=\"La Ville de La Colle-sur-Loup lance un appel aux entreprises pour la r\u00e9novation de l'auberge proven\u00e7ale\"\/><\/p>\n<p class=\"chapo\">La Ville de La Colle-sur-Loup (Alpes-Maritimes) engage un projet structurant pour son patrimoine et son attractivit\u00e9 touristique et \u00e9conomique. \u00c0 ce titre, elle publie un avis d\u2019appel public \u00e0 la concurrence afin de s\u00e9lectionner un prestataire de ma\u00eetrise d\u2019\u0153uvre (MOE) pour la r\u00e9novation de l\u2019auberge proven\u00e7ale, b\u00e2timent embl\u00e9matique destin\u00e9 \u00e0 accueillir une activit\u00e9 d\u2019h\u00f4tel-bar-restaurant.<\/p>\n<p>                    Un projet de modernisation au c\u0153ur du village<\/p>\n<p>Le march\u00e9 porte sur l\u2019am\u00e9lioration, la modernisation et la redistribution des espaces du b\u00e2timent, avec pour objectif une mise en conformit\u00e9 compl\u00e8te avec sa destination future. Cette op\u00e9ration vise \u00e0 valoriser le site, am\u00e9liorer l\u2019accueil du public et renforcer l\u2019offre touristique locale.<\/p>\n<p>Une proc\u00e9dure accessible aux entreprises qualifi\u00e9es<\/p>\n<p>La consultation est lanc\u00e9e selon une proc\u00e9dure adapt\u00e9e ouverte, permettant aux entreprises disposant des comp\u00e9tences requises de candidater. Les candidats devront justifier\u00a0:<br \/>\n<br \/><b>\u2013<\/b>\u00a0de leur aptitude \u00e0 exercer l\u2019activit\u00e9 professionnelle (formulaire DC1 ou \u00e9quivalent, d\u00e9clarations sur l\u2019honneur, conformit\u00e9 au Code de la commande publique et au Code du travail),<br \/>\n<br \/><b>\u2013<\/b>\u00a0de leur capacit\u00e9 \u00e9conomique et financi\u00e8re (chiffre d\u2019affaires des trois derniers exercices),<br \/>\n<br \/><b>\u2013<\/b>\u00a0de leurs capacit\u00e9s techniques et professionnelles (r\u00e9f\u00e9rences de prestations similaires r\u00e9alis\u00e9es au cours des deux derni\u00e8res ann\u00e9es).<br class=\"autobr\"\/><br \/>\nLa Ville se r\u00e9serve la possibilit\u00e9 d\u2019attribuer le march\u00e9 sans n\u00e9gociation.<\/p>\n<p>Modalit\u00e9s pratiques<\/p>\n<p>L\u2019ensemble des documents de la consultation est disponible gratuitement sur le profil d\u2019acheteur\u00a0:<br class=\"autobr\"\/><br \/>\n<a href=\"https:\/\/www.marches-securises.fr\" class=\"spip_out\" rel=\"external noopener\" target=\"_blank\">https:\/\/www.marches-securises.fr<\/a><br class=\"autobr\"\/><br \/>\nIdentifiant de la consultation\u00a0: 25V15<\/p>\n<p><strong>La date limite de r\u00e9ception des offres est fix\u00e9e au<br class=\"autobr\"\/><br \/>\nlundi 12 janvier 2026 \u00e0 17h00.<\/strong><\/p>\n<p>Pour toute information compl\u00e9mentaire, les entreprises peuvent contacter\u00a0:<br class=\"autobr\"\/><br \/>\nFabien Gaglio \u2013 <a href=\"https:\/\/www.petitesaffiches.fr\/cdn-cgi\/l\/email-protection\" class=\"__cf_email__\" data-cfemail=\"c1a7a6a0a6ada8ae81aca0a8b3a8a4ecada0a2aeadada4b2b4b3adaeb4b1efa7b3\" target=\"_blank\" rel=\"noopener\">[email\u00a0protected]<\/a><\/p>\n<p>La Ville de La Colle-sur-Loup invite les architectes, bureaux d\u2019\u00e9tudes et \u00e9quipes de ma\u00eetrise d\u2019\u0153uvre \u00e0 participer \u00e0 un projet porteur de sens, m\u00ealant valorisation du patrimoine, modernisation des usages et dynamisme local.<br class=\"autobr\"\/><br \/>\nLes entreprises int\u00e9ress\u00e9es sont encourag\u00e9es \u00e0 d\u00e9poser leur candidature dans les d\u00e9lais et \u00e0 contribuer \u00e0 la renaissance de ce lieu embl\u00e9matique du village.<\/p>\n<p>Visuel de une\u00a0: illustration \u00a9DR<\/p>\n","protected":false},"excerpt":{"rendered":"La Ville de La Colle-sur-Loup (Alpes-Maritimes) engage un projet structurant pour son patrimoine et son attractivit\u00e9 touristique et&hellip;\n","protected":false},"author":2,"featured_media":620930,"comment_status":"","ping_status":"","sticky":false,"template":"","format":"standard","meta":{"footnotes":""},"categories":[2819],"tags":[1111,11,2408,1777,674,1011,27,12,2401,882,25],"class_list":{"0":"post-620929","1":"post","2":"type-post","3":"status-publish","4":"format-standard","5":"has-post-thumbnail","7":"category-nice","8":"tag-actu","9":"tag-actualites","10":"tag-appels-d","11":"tag-eu","12":"tag-europe","13":"tag-fr","14":"tag-france","15":"tag-news","16":"tag-nice","17":"tag-provence-alpes-cote-dazur","18":"tag-republique-francaise"},"share_on_mastodon":{"url":"https:\/\/pubeurope.com\/@fr\/115778288025317444","error":""},"_links":{"self":[{"href":"https:\/\/www.europesays.com\/fr\/wp-json\/wp\/v2\/posts\/620929","targetHints":{"allow":["GET"]}}],"collection":[{"href":"https:\/\/www.europesays.com\/fr\/wp-json\/wp\/v2\/posts"}],"about":[{"href":"https:\/\/www.europesays.com\/fr\/wp-json\/wp\/v2\/types\/post"}],"author":[{"embeddable":true,"href":"https:\/\/www.europesays.com\/fr\/wp-json\/wp\/v2\/users\/2"}],"replies":[{"embeddable":true,"href":"https:\/\/www.europesays.com\/fr\/wp-json\/wp\/v2\/comments?post=620929"}],"version-history":[{"count":0,"href":"https:\/\/www.europesays.com\/fr\/wp-json\/wp\/v2\/posts\/620929\/revisions"}],"wp:featuredmedia":[{"embeddable":true,"href":"https:\/\/www.europesays.com\/fr\/wp-json\/wp\/v2\/media\/620930"}],"wp:attachment":[{"href":"https:\/\/www.europesays.com\/fr\/wp-json\/wp\/v2\/media?parent=620929"}],"wp:term":[{"taxonomy":"category","embeddable":true,"href":"https:\/\/www.europesays.com\/fr\/wp-json\/wp\/v2\/categories?post=620929"},{"taxonomy":"post_tag","embeddable":true,"href":"https:\/\/www.europesays.com\/fr\/wp-json\/wp\/v2\/tags?post=620929"}],"curies":[{"name":"wp","href":"https:\/\/api.w.org\/{rel}","templated":true}]}}