{"id":620931,"date":"2025-12-25T04:22:42","date_gmt":"2025-12-25T04:22:42","guid":{"rendered":"https:\/\/www.europesays.com\/fr\/620931\/"},"modified":"2025-12-25T04:22:42","modified_gmt":"2025-12-25T04:22:42","slug":"les-ambassadeurs-des-poles-pour-lonu-a-nice-racontent-leur-expedition-a-mi-chemin-pour-le-pole-sud","status":"publish","type":"post","link":"https:\/\/www.europesays.com\/fr\/620931\/","title":{"rendered":"les ambassadeurs des p\u00f4les pour l\u2019ONU \u00e0 Nice racontent leur exp\u00e9dition \u00e0 mi-chemin pour le p\u00f4le sud"},"content":{"rendered":"<p class=\"fs-5 \">Ils ont profit\u00e9 d\u2019une halte sous la tente, entre deux sessions de kite-ski, pour nous partager en visio WhatsApp leur nouvelle aventure polaire, sur \u00ab le continent de tous les extr\u00eames \u00bb. <strong>La glaciologue He\u00efdi Sevestre et l\u2019explorateur Matthieu Tordeur<\/strong> sont alors \u00e0 mi-parcours de leur exp\u00e9dition \u00ab Under Antarctica \u00bb, suivie par des centaines de milliers de followers.<\/p>\n<p class=\"fs-5 \">Ambassadeurs de la cryosph\u00e8re(1) au sommet de l\u2019ONU pour l\u2019Oc\u00e9an, en juin dernier \u00e0 Nice, les voici en route pour le p\u00f4le sud, <strong>\u00e0 3.600 m d\u2019altitude<\/strong>, avec des temp\u00e9ratures glaciales mais un t\u00e9moignage revigorant.<\/p>\n<p>        <img src=\"https:\/\/www.europesays.com\/fr\/wp-content\/uploads\/2025\/12\/99fe623_upload-from-url-1-vqy6vz51mqth-data-art-16387519.jpg\"   loading=\"lazy\" decoding=\"async\" alt=\"Des travaux d\u2019isolation phonique au centre des congr\u00e8s du port, d\u00e9but octobre. Ci-dessous : Jean-S\u00e9bastien Martinez, directeur de l\u2019office de tourisme m\u00e9tropolitain. \" class=\"img-fluid position-absolute w-100 object-fit-cover rounded-2\" width=\"600\" height=\"400\"\/><\/p>\n<p class=\"fw-bold\">Comment vous portez-vous ? Pas trop chaud ?<\/p>\n<p class=\"fs-5 \"><strong>Matthieu Tordeur :<\/strong> (Rires) Nous sommes en bonne sant\u00e9, en pleine forme et motiv\u00e9s par l\u2019objectif qui nous unit ! Nous avons pas mal subi le froid, avec des temp\u00e9ratures qui sont descendues \u00e0 -35\u00b0C, parfois \u00e0 -50 avec l\u2019effet du vent. Je me suis un peu ab\u00eem\u00e9 la peau, mais rien de m\u00e9chant. Nous devons terminer l\u2019exp\u00e9dition co\u00fbte que co\u00fbte fin janvier, car ici en Antarctique, les gens garants de notre s\u00e9curit\u00e9 restent jusqu\u2019\u00e0 la fin de l\u2019\u00e9t\u00e9 austral.<\/p>\n<p class=\"fs-5 \"><strong>He\u00efdi Sevestre :<\/strong> Au-del\u00e0 de l\u2019exp\u00e9dition et de la science, nous sommes super fiers de notre programme p\u00e9dagogique. Il est suivi par 300.000 \u00e9l\u00e8ves dans 37 pays diff\u00e9rents ! Cela nous tenait vraiment \u00e0 c\u0153ur que la nouvelle g\u00e9n\u00e9ration puisse suivre cette exp\u00e9dition.<\/p>\n<p class=\"fw-bold\">Quels objectifs poursuivez-vous en sillonnant l\u2019Antarctique avec vos kite-skis ?<\/p>\n<p class=\"fs-5 \"><strong>M. T. : <\/strong>Le premier objectif, c\u2019est de le traverser, en passant par deux points embl\u00e9matiques : le p\u00f4le sud d\u2019inaccessibilit\u00e9 (le point le plus \u00e9loign\u00e9 de chaque c\u00f4te) puis le p\u00f4le sud g\u00e9ographique, l\u2019axe de rotation de la Terre, que nous esp\u00e9rons atteindre avant la fin de l\u2019ann\u00e9e. On parle d\u2019un continent grand comme 25 fois la France, \u00e0 la fois le plus froid, le plus sec, le plus venteux&#8230; Notre second objectif est scientifique, sous l\u2019\u00e9gide de l\u2019Unesco.<\/p>\n<p class=\"fs-5 \"><strong>H. S. : <\/strong>Matthieu et moi tirons chacun des radars \u00e0 p\u00e9n\u00e9tration de sol, des instruments qui nous permettent de comprendre comment l\u2019Antarctique r\u00e9pond au changement climatique. Un radar s\u2019int\u00e9resse \u00e0 la surface de la glace, pour voir si l\u2019Antarctique prend ou perd du poids. Un autre va chercher des glaces plus anciennes, en profondeur, pour nous permettre de remonter le temps. Cela nous aidera \u00e0 mieux comprendre comment ces grandes calottes polaires r\u00e9agissent \u00e0 l\u2019\u00e9l\u00e9vation des temp\u00e9ratures, et comment nous pourrions faire face \u00e0 l\u2019\u00e9l\u00e9vation du niveau des mers.<\/p>\n<p class=\"fw-bold\">En racontant vos aventures de mani\u00e8re ludique, avec les codes des r\u00e9seaux sociaux, vous pouvez donner l\u2019impression de vous \u00e9clater. Est-ce la r\u00e9alit\u00e9 ou&#8230; est-ce que vous en bavez ?<\/p>\n<p class=\"fs-5 \"><strong>M. T. : <\/strong>D\u00e9j\u00e0, c\u2019est un r\u00eave d\u2019\u00eatre l\u00e0 ! Nous pr\u00e9parons cette exp\u00e9dition depuis des ann\u00e9es, nous sommes all\u00e9s deux fois au Groenland&#8230; C\u2019est donc un privil\u00e8ge et un plaisir immenses de la vivre. Apr\u00e8s, ce n\u2019est pas simple. C ela fait deux mois que nous ne nous sommes pas douch\u00e9s, nous mangeons la m\u00eame nourriture tous les jours, il fait extr\u00eamement froid certains jours, la surface est tr\u00e8s difficile&#8230; Mais il y a des moments de joie g\u00e9niaux.<\/p>\n<p class=\"fw-bold\">Six mois apr\u00e8s l\u2019UNOC3 \u00e0 Nice, vous prolongez sur le terrain votre engagement comme ambassadeurs de la cryosph\u00e8re ?<\/p>\n<p class=\"fs-5 \"><strong>M. T. :<\/strong> C\u2019est la mission que nous nous sommes fix\u00e9e, avec nos profils respectifs. L\u00e0, nous nous attachons \u00e0 le faire \u00e0 travers nos carnets p\u00e9dagogiques et les r\u00e9seaux sociaux.<\/p>\n<p class=\"fs-5 \"><strong>H. S. :<\/strong> C\u2019est notre fa\u00e7on de rendre hommage au travail monumental des scientifiques. Nous ne sommes que deux au milieu de l\u2019Antarctique ; or il y a ici 50 \u00e0 60 bases scientifiques, et 4000 \u00e0 5000 scientifiques pendant l\u2019\u00e9t\u00e9 ! Si la science n\u2019est pas communiqu\u00e9e, elle n\u2019a pas d\u2019impact. Nous jouons donc des codes des r\u00e9seaux sociaux, en essayant de partager des \u00e9motions, des vid\u00e9os rigolotes&#8230; C\u2019est \u00e7a qui va toucher les gens au c\u0153ur et les rendre curieux.<\/p>\n<p class=\"fw-bold\">Quel impact a eu le sommet de l\u2019ONU \u00e0 Nice ?<\/p>\n<p class=\"fs-5 \"><strong>M. T. :<\/strong> Il faut d\u00e9j\u00e0 saluer ce genre d\u2019\u00e9v\u00e9nement. Heureusement qu\u2019ils existent, sans quoi ce serait bien pire&#8230; Le trait\u00e9 BBNJ [ndlr : l\u2019accord des Nations Unies pour la haute mer] est quand m\u00eame une belle avanc\u00e9e. Mais \u00e9videmment, \u00e7a ne va pas assez vite. Et \u00e9videmment, il ne faut pas s\u2019arr\u00eater l\u00e0.<\/p>\n<p class=\"fw-bold\">Votre r\u00f4le est de nous rappeler que ces p\u00f4les sont un peu notre assurance vie ?<\/p>\n<p class=\"fs-5 \"><strong>H. S. :<\/strong> Ce sont des piliers de notre vie de tous les jours. Les p\u00f4les sont au bas de notre rue, au bord de la mer ! Si l\u2019Antarctique perdait enti\u00e8rement sa glace, la mer s\u2019\u00e9l\u00e8verait de 58 m\u00e8tres&#8230; On n\u2019en est pas l\u00e0, bien s\u00fbr. Mais s\u2019il perd une petite partie de sa glace, cela signifie d\u00e9j\u00e0 plusieurs m\u00e8tres d\u2019\u00e9l\u00e9vation des mers. \u00c0 notre petit niveau, nous essayons de nous rapprocher de ces p\u00f4les, de donner envie, de montrer que des solutions sont l\u00e0.<\/p>\n<p class=\"fw-bold\">A contrario, n\u2019est-ce pas d\u00e9courageant de voir l\u2019Europe renoncer au tout \u00e9lectrique en 2035, ou des dirigeants comme Donald Trump aller \u00e0 contre-courant de l\u2019urgence climatique ?<\/p>\n<p class=\"fs-5 \"><strong>H. S. : <\/strong>Matthieu et moi passons \u00e9norm\u00e9ment de temps \u00e0 aller rencontrer les gens&#8230; Et ils comprennent que le risque climatique est monumental. C\u2019est au sommet de la pyramide que \u00e7a coince. On a vraiment besoin que les politiques \u00e9coutent la soci\u00e9t\u00e9 civile. Avec les enjeux cruciaux que sont les municipales et la pr\u00e9sidentielle, on peut parler du climat d\u2019une autre fa\u00e7on. Lutter contre le changement climatique, c\u2019est lutter contre les in\u00e9galit\u00e9s, lutter pour notre s\u00e9curit\u00e9, notre agriculture, notre porte-monnaie !<\/p>\n<p class=\"fw-bold\">\u00c0 d\u00e9faut de pouvoir embarquer avec vous, comment s\u2019engager pour pr\u00e9server la cryosph\u00e8re dans notre vie quotidienne ?<\/p>\n<p class=\"fs-5 \"><strong>M. T. :<\/strong> La cryosph\u00e8re, ce sont aussi les glaciers dans nos montagnes pr\u00e8s de Nice. S\u2019int\u00e9resser \u00e0 ce qui se passe pr\u00e8s de chez soi, c\u2019est mieux comprendre le r\u00f4le des glaciers en termes de d\u00e9bit des fleuves, de ressources hydriques pour l\u2019agriculture&#8230; Ensuite, on peut voir ce qu\u2019on est capable de faire \u00e0 l\u2019\u00e9chelle locale. On a tous un droit de vote. Ma conviction, c\u2019est qu\u2019un programme politique qui n\u2019aurait pas pris en compte l\u2019urgence climatique n\u2019est pas un programme s\u00e9rieux.<\/p>\n<p class=\"fs-5 \"><strong>H. S. : <\/strong>On a plein de bonnes raisons de lutter contre le r\u00e9chauffement climatique et l\u2019\u00e9rosion du vivant. Alors allons-y, qu\u2019est-ce qu\u2019on attend ?<\/p>\n<p class=\"fs-6\">1. L\u2019ensemble des glaces pr\u00e9sentes sur Terre (banquise, glaciers, icebergs, permafrost\u2026).<\/p>\n","protected":false},"excerpt":{"rendered":"Ils ont profit\u00e9 d\u2019une halte sous la tente, entre deux sessions de kite-ski, pour nous partager en visio&hellip;\n","protected":false},"author":2,"featured_media":620932,"comment_status":"","ping_status":"","sticky":false,"template":"","format":"standard","meta":{"footnotes":""},"categories":[2819],"tags":[1111,11,1777,674,1011,27,12,2401,882,25],"class_list":{"0":"post-620931","1":"post","2":"type-post","3":"status-publish","4":"format-standard","5":"has-post-thumbnail","7":"category-nice","8":"tag-actu","9":"tag-actualites","10":"tag-eu","11":"tag-europe","12":"tag-fr","13":"tag-france","14":"tag-news","15":"tag-nice","16":"tag-provence-alpes-cote-dazur","17":"tag-republique-francaise"},"share_on_mastodon":{"url":"https:\/\/pubeurope.com\/@fr\/115778300850697939","error":""},"_links":{"self":[{"href":"https:\/\/www.europesays.com\/fr\/wp-json\/wp\/v2\/posts\/620931","targetHints":{"allow":["GET"]}}],"collection":[{"href":"https:\/\/www.europesays.com\/fr\/wp-json\/wp\/v2\/posts"}],"about":[{"href":"https:\/\/www.europesays.com\/fr\/wp-json\/wp\/v2\/types\/post"}],"author":[{"embeddable":true,"href":"https:\/\/www.europesays.com\/fr\/wp-json\/wp\/v2\/users\/2"}],"replies":[{"embeddable":true,"href":"https:\/\/www.europesays.com\/fr\/wp-json\/wp\/v2\/comments?post=620931"}],"version-history":[{"count":0,"href":"https:\/\/www.europesays.com\/fr\/wp-json\/wp\/v2\/posts\/620931\/revisions"}],"wp:featuredmedia":[{"embeddable":true,"href":"https:\/\/www.europesays.com\/fr\/wp-json\/wp\/v2\/media\/620932"}],"wp:attachment":[{"href":"https:\/\/www.europesays.com\/fr\/wp-json\/wp\/v2\/media?parent=620931"}],"wp:term":[{"taxonomy":"category","embeddable":true,"href":"https:\/\/www.europesays.com\/fr\/wp-json\/wp\/v2\/categories?post=620931"},{"taxonomy":"post_tag","embeddable":true,"href":"https:\/\/www.europesays.com\/fr\/wp-json\/wp\/v2\/tags?post=620931"}],"curies":[{"name":"wp","href":"https:\/\/api.w.org\/{rel}","templated":true}]}}