{"id":620935,"date":"2025-12-25T04:34:14","date_gmt":"2025-12-25T04:34:14","guid":{"rendered":"https:\/\/www.europesays.com\/fr\/620935\/"},"modified":"2025-12-25T04:34:14","modified_gmt":"2025-12-25T04:34:14","slug":"le-defile-du-nouvel-an-chinois-revient-a-bordeaux-en-2026-et-promet-un-spectacle-haut-en-couleurs","status":"publish","type":"post","link":"https:\/\/www.europesays.com\/fr\/620935\/","title":{"rendered":"le d\u00e9fil\u00e9 du Nouvel An chinois revient \u00e0 Bordeaux en 2026 et promet un spectacle haut en couleurs"},"content":{"rendered":"<p>\t\t\t\t\t\t\t\t\t\t\t\t\t\t\t\t\t\t\t\t\t\t<img loading=\"lazy\" decoding=\"async\" src=\"data:image\/svg+xml,%3Csvg%20xmlns=\" http:=\"\" class=\"img-fluid\" alt=\"Nouvel An Chinois \u00e0 Bordeaux\" width=\"1024\" height=\"683\" data-lazy-src=\"https:\/\/www.europesays.com\/fr\/wp-content\/uploads\/2025\/12\/nouvel-an-chinois-bordeaux-1024x683.jpg\"\/><\/p>\n<p>    Save<\/p>\n<p>Tambours r\u00e9sonnants, dragons ondoyants et \u00e9clats de rouge et d\u2019or : Bordeaux s\u2019appr\u00eate \u00e0 vibrer au rythme du <strong>Nouvel An chinois<\/strong>. Chaque ann\u00e9e, cette c\u00e9l\u00e9bration ancestrale transforme les rues de la ville en un v\u00e9ritable <a href=\"https:\/\/bordeauxsecret.com\/hiver-enchante-nouvelles-racines-bois-bouscat-spectacle-lumineux\/\" rel=\"follow noopener\" target=\"_self\" class=\"shortcode-outbound-link\" data-has-ga=\"true\" data-ga-type=\"click\" data-label=\"https:\/\/bordeauxsecret.com\/hiver-enchante-nouvelles-racines-bois-bouscat-spectacle-lumineux\/\" data-action=\"text_cta_0\" data-category=\"click_internal\"><strong>spectacle \u00e0 ciel ouvert<\/strong><\/a>. M\u00ealant traditions et symboles porte-bonheur, elle offre un moment de pur d\u00e9paysement. En 2026, les festivit\u00e9s prennent une dimension toute particuli\u00e8re avec l\u2019entr\u00e9e dans l\u2019ann\u00e9e du <strong>Cheval de Feu<\/strong>, promesse d\u2019\u00e9nergie et de renouveau. <strong>D\u00e9fil\u00e9<\/strong>, danses embl\u00e9matiques et <strong>animations immersives<\/strong> : voici tout ce qu\u2019il faut savoir pour ne rien manquer de cet \u00e9v\u00e9nement haut en couleurs.<\/p>\n<p> Nouvel An chinois \u00e0 Bordeaux : le parcours du cort\u00e8ge <\/p>\n<p>Une exp\u00e9rience unique attend les Bordelais le <strong>dimanche 22 f\u00e9vrier 2026 <\/strong>\u00e0 l\u2019occasion du d\u00e9fil\u00e9 du Nouvel An chinois. Rendez-vous d\u00e8s <strong>14h30<\/strong> <strong>Place de la Victoire<\/strong> d\u2019o\u00f9 le cort\u00e8ge color\u00e9 partira. D\u00e9marre alors une v\u00e9ritable <strong>danse des dragons rougeoyants <\/strong>et<strong> des lions majestueux<\/strong>, symboles de prosp\u00e9rit\u00e9 et de chance pour l\u2019ann\u00e9e \u00e0 venir. Le d\u00e9fil\u00e9 suivra son cours dans plusieurs rues embl\u00e9matiques de Bordeaux pour se terminer \u00e0 <strong>16h30 au Miroir d\u2019Eau<\/strong>.<\/p>\n<p><strong>C\u2019est une ambiance unique <\/strong>qui vous attend aux quatre coins de Bordeaux. Une invitation \u00e0 l\u2019immersion au c\u0153ur de cette tradition, au rythme des danses et musiques traditionnelles. Les incontournables<strong> p\u00e9tards cens\u00e9s \u00e9loigner les mauvais esprits<\/strong> seront \u00e9galement de la partie et vous feront voyager jusqu\u2019en Chine ! Un spectacle qui \u00e9merveillera autant les petits que les plus grands.<\/p>\n<p> Un Nouvel An plac\u00e9 sous le signe du Cheval de Feu <\/p>\n<blockquote class=\"instagram-media\" data-instgrm-permalink=\"https:\/\/www.instagram.com\/p\/CoANr7iKD8H\/?utm_source=ig_embed&amp;utm_campaign=loading\" data-instgrm-version=\"14\" style=\" background:#FFF; border:0; border-radius:3px; box-shadow:0 0 1px 0 rgba(0,0,0,0.5),0 1px 10px 0 rgba(0,0,0,0.15); margin: 1px; max-width:540px; min-width:326px; padding:0; width:99.375%; width:-webkit-calc(100% - 2px); width:calc(100% - 2px);\"><\/blockquote>\n<p>Le cort\u00e8ge c\u00e9l\u00e8bre cette ann\u00e9e le passage au signe du <strong>Cheval de Feu<\/strong> ! Un cycle qui m\u00eale les symboles de <strong>vitalit\u00e9<\/strong> et de <strong>libert\u00e9<\/strong> du signe du Cheval \u00e0 ceux de l\u2019<strong>\u00e9nergie<\/strong> et de la <strong>passion<\/strong> de l\u2019\u00e9l\u00e9ment Feu. Ensemble, ils annoncent une <strong>ann\u00e9e plac\u00e9e sous le signe de l\u2019action<\/strong>, de l\u2019<strong>enthousiasme<\/strong> et du renouveau. Une ann\u00e9e propice aux projets ambitieux et aux \u00e9lans collectifs. Mais cette \u00e9nergie d\u00e9bordante a aussi son revers. Le Cheval de Feu peut accentuer l\u2019impatience, l\u2019impulsivit\u00e9 et une certaine tendance \u00e0 foncer t\u00eate baiss\u00e9e, au risque de l\u2019\u00e9puisement ou des d\u00e9cisions prises trop h\u00e2tivement. Une fougue qu\u2019il faudra apprivoiser avec sagesse pour en faire un formidable <strong>moteur de cr\u00e9ation <\/strong>et de partage tout au long de l\u2019ann\u00e9e.<\/p>\n<p><strong>Infos pratiques :<\/strong><\/p>\n<p>\ud83d\udccd D\u00e9part place de la Victoire, Bordeaux<br \/>\u23f0 Dimanche 2 f\u00e9vrier, d\u00e8s 14h30<\/p>\n<p>\t\t\t\t<script async src=\"\/\/www.instagram.com\/embed.js\"><\/script><\/p>\n","protected":false},"excerpt":{"rendered":"Save Tambours r\u00e9sonnants, dragons ondoyants et \u00e9clats de rouge et d\u2019or : Bordeaux s\u2019appr\u00eate \u00e0 vibrer au rythme&hellip;\n","protected":false},"author":2,"featured_media":620936,"comment_status":"","ping_status":"","sticky":false,"template":"","format":"standard","meta":{"footnotes":""},"categories":[2817],"tags":[1111,11,1997,1777,674,1011,27,12,2219,25],"class_list":{"0":"post-620935","1":"post","2":"type-post","3":"status-publish","4":"format-standard","5":"has-post-thumbnail","7":"category-bordeaux","8":"tag-actu","9":"tag-actualites","10":"tag-bordeaux","11":"tag-eu","12":"tag-europe","13":"tag-fr","14":"tag-france","15":"tag-news","16":"tag-nouvelle-aquitaine","17":"tag-republique-francaise"},"share_on_mastodon":{"url":"https:\/\/pubeurope.com\/@fr\/115778346321449829","error":""},"_links":{"self":[{"href":"https:\/\/www.europesays.com\/fr\/wp-json\/wp\/v2\/posts\/620935","targetHints":{"allow":["GET"]}}],"collection":[{"href":"https:\/\/www.europesays.com\/fr\/wp-json\/wp\/v2\/posts"}],"about":[{"href":"https:\/\/www.europesays.com\/fr\/wp-json\/wp\/v2\/types\/post"}],"author":[{"embeddable":true,"href":"https:\/\/www.europesays.com\/fr\/wp-json\/wp\/v2\/users\/2"}],"replies":[{"embeddable":true,"href":"https:\/\/www.europesays.com\/fr\/wp-json\/wp\/v2\/comments?post=620935"}],"version-history":[{"count":0,"href":"https:\/\/www.europesays.com\/fr\/wp-json\/wp\/v2\/posts\/620935\/revisions"}],"wp:featuredmedia":[{"embeddable":true,"href":"https:\/\/www.europesays.com\/fr\/wp-json\/wp\/v2\/media\/620936"}],"wp:attachment":[{"href":"https:\/\/www.europesays.com\/fr\/wp-json\/wp\/v2\/media?parent=620935"}],"wp:term":[{"taxonomy":"category","embeddable":true,"href":"https:\/\/www.europesays.com\/fr\/wp-json\/wp\/v2\/categories?post=620935"},{"taxonomy":"post_tag","embeddable":true,"href":"https:\/\/www.europesays.com\/fr\/wp-json\/wp\/v2\/tags?post=620935"}],"curies":[{"name":"wp","href":"https:\/\/api.w.org\/{rel}","templated":true}]}}