{"id":620937,"date":"2025-12-25T04:35:23","date_gmt":"2025-12-25T04:35:23","guid":{"rendered":"https:\/\/www.europesays.com\/fr\/620937\/"},"modified":"2025-12-25T04:35:23","modified_gmt":"2025-12-25T04:35:23","slug":"fred-le-grand-le-president-den-avant-sagace-de-voir-bordeaux-sur-ligue-1-alors-que-les-girondins-nont-pas-paye-le-transfert-de-livolant","status":"publish","type":"post","link":"https:\/\/www.europesays.com\/fr\/620937\/","title":{"rendered":"Fred Le Grand, le pr\u00e9sident d\u2019En Avant, s\u2019agace de voir Bordeaux sur Ligue\u00a01\u00a0+\u00a0alors que les Girondins n\u2019ont pas pay\u00e9 le transfert de Livolant"},"content":{"rendered":"<p>Ligue 2 : EA Guingamp<\/p>\n<p>Le sujet a \u00e9t\u00e9 abord\u00e9 par Fred Le Grand lui-m\u00eame, mardi matin, au moment du bilan de mi-saison d\u2019En Avant Guingamp. D\u2019apparence anodine, la diffusion des matchs \u00e0 domicile de Bordeaux sur Ligue 1 +, la cha\u00eene de la Ligue professionnelle, a eu le don de courroucer le pr\u00e9sident guingampais. Une retransmission qui a commenc\u00e9 <a href=\"https:\/\/www.letelegramme.fr\/cotes-d-armor\/dinan-22100\/n2-il-na-pas-manque-grand-chose-a-bordeaux-la-resistance-de-dinan-lehon-na-pas-suffi-6942373.php\" target=\"_blank\" rel=\"noopener\">lors de la venue de Dinan-L\u00e9hon, le 6 d\u00e9cembre<\/a>.<\/p>\n<p>Le pensionnaire de N2, m\u00eame premier ex aequo de son championnat, est en effet un v\u00e9ritable miracul\u00e9 dans un monde o\u00f9 les \u00e9carts financiers sont cens\u00e9s \u00eatre sanctionn\u00e9s.<\/p>\n<p>\u00ab Je suis rarement en col\u00e8re mais, l\u00e0, je le suis, a tanc\u00e9 Fred Le Grand. Je l\u2019ai fait savoir \u00e0 Nicolas de Tavernost (le directeur de LFP Media). Comment Ligue 1 +, et donc la LFP, peut-elle retransmettre les matchs de Bordeaux alors que ce club doit de l\u2019argent \u00e0 Guingamp, Lille et Amiens ? \u00bb<\/p>\n<p>Les Girondins doivent 3,6 M\u20ac<\/p>\n<p>Plac\u00e9s en redressement judiciaire, les Girondins ont en effet obtenu de ne pas r\u00e9gler la totalit\u00e9 des transferts qu\u2019ils avaient n\u00e9goci\u00e9s avec ces trois clubs. Les trois transferts en question sont ceux de Junior Onana (200 000 \u20ac, 2021), Aliou Badji (3 M\u20ac, 2023) et bien s\u00fbr J\u00e9r\u00e9my Livolant (400 000 \u20ac, 2023). Total du pr\u00e9judice : 3,6 M\u20ac.<\/p>\n<p>Lille, Amiens et Guingamp avaient un temps imagin\u00e9 contester le plan de continuation (paiement de 10 % \u00e9tal\u00e9 sur 10 ans) avant de renoncer puisque c\u2019\u00e9tait \u00ab peine perdue \u00bb.<\/p>\n<p>\u00ab Je n\u2019ai rien contre Bordeaux et ses supporters, c\u2019est un club historique du football fran\u00e7ais, a pr\u00e9cis\u00e9 le dirigeant guingampais, mais j\u2019en veux \u00e9videmment \u00e0 ses dirigeants, en premier lieu \u00e0 G\u00e9rard Lopez que je consid\u00e8re comme quelqu\u2019un de malhonn\u00eate. Il n\u2019a rien \u00e0 faire dans le football fran\u00e7ais. S\u2019il \u00e9tait rest\u00e9 \u00e0 Lille, ce club n\u2019existerait plus. \u00c0 Bordeaux bis repetita et circulez, y\u2019a rien \u00e0 voir ? On n\u2019a rien droit de dire ? C\u2019est intol\u00e9rable ! Ce n\u2019est pas bien que Ligue 1 +, pour gagner un peu d\u2019argent &#8211; et je demanderai des comptes -, accepte de diffuser les matchs de Bordeaux. \u00bb<\/p>\n<p>Un \u00e9ni\u00e8me \u00e9pisode qui dit, une fois encore, le traitement de faveur dont b\u00e9n\u00e9ficie le club au scapulaire depuis l\u2019arriv\u00e9e de l\u2019homme d\u2018affaire luxembourgeois en juillet 2021.<\/p>\n","protected":false},"excerpt":{"rendered":"Ligue 2 : EA Guingamp Le sujet a \u00e9t\u00e9 abord\u00e9 par Fred Le Grand lui-m\u00eame, mardi matin, au&hellip;\n","protected":false},"author":2,"featured_media":620938,"comment_status":"","ping_status":"","sticky":false,"template":"","format":"standard","meta":{"footnotes":""},"categories":[2817],"tags":[328,1111,11,1997,1777,674,1011,27,12,2219,25],"class_list":{"0":"post-620937","1":"post","2":"type-post","3":"status-publish","4":"format-standard","5":"has-post-thumbnail","7":"category-bordeaux","8":"tag-a-la-une","9":"tag-actu","10":"tag-actualites","11":"tag-bordeaux","12":"tag-eu","13":"tag-europe","14":"tag-fr","15":"tag-france","16":"tag-news","17":"tag-nouvelle-aquitaine","18":"tag-republique-francaise"},"share_on_mastodon":{"url":"https:\/\/pubeurope.com\/@fr\/115778350242924179","error":""},"_links":{"self":[{"href":"https:\/\/www.europesays.com\/fr\/wp-json\/wp\/v2\/posts\/620937","targetHints":{"allow":["GET"]}}],"collection":[{"href":"https:\/\/www.europesays.com\/fr\/wp-json\/wp\/v2\/posts"}],"about":[{"href":"https:\/\/www.europesays.com\/fr\/wp-json\/wp\/v2\/types\/post"}],"author":[{"embeddable":true,"href":"https:\/\/www.europesays.com\/fr\/wp-json\/wp\/v2\/users\/2"}],"replies":[{"embeddable":true,"href":"https:\/\/www.europesays.com\/fr\/wp-json\/wp\/v2\/comments?post=620937"}],"version-history":[{"count":0,"href":"https:\/\/www.europesays.com\/fr\/wp-json\/wp\/v2\/posts\/620937\/revisions"}],"wp:featuredmedia":[{"embeddable":true,"href":"https:\/\/www.europesays.com\/fr\/wp-json\/wp\/v2\/media\/620938"}],"wp:attachment":[{"href":"https:\/\/www.europesays.com\/fr\/wp-json\/wp\/v2\/media?parent=620937"}],"wp:term":[{"taxonomy":"category","embeddable":true,"href":"https:\/\/www.europesays.com\/fr\/wp-json\/wp\/v2\/categories?post=620937"},{"taxonomy":"post_tag","embeddable":true,"href":"https:\/\/www.europesays.com\/fr\/wp-json\/wp\/v2\/tags?post=620937"}],"curies":[{"name":"wp","href":"https:\/\/api.w.org\/{rel}","templated":true}]}}