{"id":620974,"date":"2025-12-25T05:02:34","date_gmt":"2025-12-25T05:02:34","guid":{"rendered":"https:\/\/www.europesays.com\/fr\/620974\/"},"modified":"2025-12-25T05:02:34","modified_gmt":"2025-12-25T05:02:34","slug":"leurope-sindigne-des-sanctions-americaines","status":"publish","type":"post","link":"https:\/\/www.europesays.com\/fr\/620974\/","title":{"rendered":"l&rsquo;Europe s&rsquo;indigne des sanctions am\u00e9ricaines"},"content":{"rendered":"\n<p>L&rsquo;Union europ\u00e9enne a exig\u00e9 mercredi des \u00ab\u00a0clarifications\u00a0\u00bb et condamn\u00e9 fermement les sanctions \u00ab\u00a0injustifi\u00e9es\u00a0\u00bb impos\u00e9es par l&rsquo;administration Trump \u00e0 l&rsquo;ancien commissaire Thierry Breton et quatre autres personnalit\u00e9s europ\u00e9ennes engag\u00e9es pour une stricte r\u00e9gulation de la tech et contre la d\u00e9sinformation.<\/p>\n<p>Tous les cinq sont interdits de s\u00e9jour aux \u00c9tats-Unis et accus\u00e9s de \u00ab\u00a0censure\u00a0\u00bb au d\u00e9triment des int\u00e9r\u00eats am\u00e9ricains par le d\u00e9partement d&rsquo;\u00c9tat.<\/p>\n<p>Des mesures \u00ab\u00a0inacceptables\u00a0\u00bb pour Berlin, et qui \u00ab\u00a0rel\u00e8vent de l&rsquo;intimidation et de la coercition \u00e0 l&rsquo;encontre de la souverainet\u00e9 num\u00e9rique europ\u00e9enne\u00a0\u00bb, pour le pr\u00e9sident fran\u00e7ais Emmanuel Macron.<\/p>\n<p>Il est \u00ab\u00a0fondamental pour la d\u00e9mocratie en Europe\u00a0\u00bb de prot\u00e9ger un \u00ab\u00a0espace num\u00e9rique s\u00fbr\u00a0\u00bb a r\u00e9agi Madrid, exprimant sa \u00ab\u00a0solidarit\u00e9 avec l&rsquo;ancien commissaire europ\u00e9en Thierry Breton et les dirigeants des organisations de la soci\u00e9t\u00e9 civile qui luttent contre la d\u00e9sinformation et les discours de haine\u00a0\u00bb.<\/p>\n<p>Le Royaume-Uni s&rsquo;est joint \u00e0 ces protestations, se disant \u00ab\u00a0pleinement engag\u00e9 \u00e0 d\u00e9fendre le droit \u00e0 la libert\u00e9 d&rsquo;expression\u00a0\u00bb.<\/p>\n<p>\u00ab\u00a0Si chaque pays a le droit de fixer ses propres r\u00e8gles en mati\u00e8re de visas, nous soutenons les lois et les institutions qui ?uvrent pour pr\u00e9server Internet des contenus les plus pr\u00e9judiciables\u00a0\u00bb, a d\u00e9clar\u00e9 un porte-parole du gouvernement britannique.<\/p>\n<tr>\n<td>\n          <img decoding=\"async\" src=\"https:\/\/www.europesays.com\/fr\/wp-content\/uploads\/2025\/12\/4f36e51357b9952124fe7f8459ef82aa6b5bf2d7.jpg\" title=\"Ursula von der Leyen (d), candidate \u00e0 un second mandat de pr\u00e9sidente de la Commission europ\u00e9ennen et le commissaire europ\u00e9en au march\u00e9 int\u00e9rieur Thierry Breton, le 18 juillet 2024 \u00e0 Strasbourg - AFP\/Archives\" alt=\"AFP\/Archives\" onerror=\"this.style.display='none'\"\/>\n        <\/td>\n<td>\n<p class=\"copyright\">\u00a9 AFP\/Archives<\/p>\n<p class=\"caption\">Ursula von der Leyen (d), candidate \u00e0 un second mandat de pr\u00e9sidente de la Commission europ\u00e9ennen et le commissaire europ\u00e9en au march\u00e9 int\u00e9rieur Thierry Breton, le 18 juillet 2024 \u00e0 Strasbourg<\/p>\n<\/td>\n<\/tr>\n<p>Les Europ\u00e9ens n&rsquo;ont g\u00e9n\u00e9ralement pas besoin de visa pour se rendre aux \u00c9tats-Unis, mais doivent toutefois obtenir une autorisation \u00e9lectronique de voyage (ESTA).<\/p>\n<p>A Bruxelles, la Commission a indiqu\u00e9 avoir \u00ab\u00a0demand\u00e9 des clarifications aux autorit\u00e9s am\u00e9ricaines\u00a0\u00bb. \u00ab\u00a0Si n\u00e9cessaire, nous r\u00e9pondrons rapidement et de mani\u00e8re d\u00e9cisive pour d\u00e9fendre notre autonomie r\u00e9glementaire contre des mesures injustifi\u00e9es\u00a0\u00bb, a-t-elle protest\u00e9 dans un communiqu\u00e9.<\/p>\n<p>Le Fran\u00e7ais Thierry Breton, ancien ministre et artisan de la directive europ\u00e9enne sur les services num\u00e9riques, a \u00e9t\u00e9 commissaire au March\u00e9 int\u00e9rieur de 2019 \u00e0 2024, avec de larges comp\u00e9tences en particulier sur les dossiers num\u00e9riques et industriels.<\/p>\n<p>Sur X, il a d\u00e9nonc\u00e9 un \u00ab\u00a0vent de maccarthysme\u00a0\u00bb aux Etats-Unis, en r\u00e9f\u00e9rence \u00e0 la chasse aux sorci\u00e8res anticommuniste men\u00e9e par le s\u00e9nateur am\u00e9ricain Joseph McCarthy dans les ann\u00e9es 1950.<\/p>\n<p>Mardi, le chef de la diplomatie am\u00e9ricaine, Marco Rubio, avait fustig\u00e9 \u00ab\u00a0les id\u00e9ologues europ\u00e9ens (qui) m\u00e8nent des actions concert\u00e9es pour contraindre les plateformes am\u00e9ricaines \u00e0 sanctionner les opinions am\u00e9ricaines auxquelles ils s&rsquo;opposent\u00a0\u00bb. \u00ab\u00a0L&rsquo;administration Trump ne tol\u00e9rera plus ces actes flagrants de censure extraterritoriale\u00a0\u00bb, avait-il ajout\u00e9.<\/p>\n<p>  L&rsquo;Europe dans le collimateur<\/p>\n<tr>\n<td>\n          <img decoding=\"async\" src=\"https:\/\/www.europesays.com\/fr\/wp-content\/uploads\/2025\/12\/c9a1493a5514cf447005d20f5fcbb4ac2beb2672.jpg\" title=\"Le pr\u00e9sident am\u00e9ricain Donald Trump lors d'un discours dans sa r\u00e9sidence de Mar-a-lago, \u00e0 Palm Beach, le 22 d\u00e9cembre 2025 en Floride - AFP\" alt=\"AFP\" onerror=\"this.style.display='none'\"\/>\n        <\/td>\n<td>\n<p class=\"copyright\">\u00a9 AFP<\/p>\n<p class=\"caption\">Le pr\u00e9sident am\u00e9ricain Donald Trump lors d&rsquo;un discours dans sa r\u00e9sidence de Mar-a-lago, \u00e0 Palm Beach, le 22 d\u00e9cembre 2025 en Floride<\/p>\n<\/td>\n<\/tr>\n<p>Les quatre autres Europ\u00e9ens sanctionn\u00e9s sont des repr\u00e9sentants d&rsquo;ONG luttant contre la d\u00e9sinformation et la haine en ligne au Royaume-Uni et en Allemagne: Imran Ahmed, qui dirige le Center for Countering Digital Hate (CCDH), Clare Melford, \u00e0 la t\u00eate d&rsquo;un index de la d\u00e9sinformation (GDI) au Royaume-Uni, ainsi que Anna-Lena von Hodenberg, fondatrice de HateAid, une ONG allemande, et Josephine Ballon, de la m\u00eame association.<\/p>\n<p>Les sanctions am\u00e9ricaines \u00ab\u00a0constituent une attaque autoritaire contre la libert\u00e9 d&rsquo;expression et un acte flagrant de censure gouvernementale\u00a0\u00bb, a r\u00e9agi GDI dans un communiqu\u00e9.<\/p>\n<p>\u00ab\u00a0Nous ne nous laisserons pas intimider par un gouvernement qui instrumentalise les accusations de censure pour museler ceux qui d\u00e9fendent les droits humains et la libert\u00e9 d&rsquo;expression\u00a0\u00bb, a protest\u00e9 HateAid \u00e0 Berlin.<\/p>\n<p>Cette organisation allemande offre un soutien psychologique et juridique aux personnes victimes de haine en ligne.<\/p>\n<p>Donald Trump m\u00e8ne une offensive d&rsquo;envergure contre les r\u00e8gles de l&rsquo;Union europ\u00e9enne sur la tech qui imposent aux plateformes des r\u00e9gulations, jug\u00e9es par les \u00c9tats-Unis comme une atteinte \u00e0 la libert\u00e9 d&rsquo;expression.<\/p>\n<tr>\n<td>\n          <img decoding=\"async\" src=\"https:\/\/www.europesays.com\/fr\/wp-content\/uploads\/2025\/12\/df831fa4f059f84757c4d8a6d538993aaab96b3a.jpg\" title=\"Le vice-pr\u00e9sident am\u00e9ricain JD Vance lors de la 61e Conf\u00e9rence de Munich sur la s\u00e9curit\u00e9 (MSC) \u00e0 Munich, dans le sud de l'Allemagne, le 14 f\u00e9vrier 2025 - AFP\/Archives\" alt=\"AFP\/Archives\" onerror=\"this.style.display='none'\"\/>\n        <\/td>\n<td>\n<p class=\"copyright\">\u00a9 AFP\/Archives<\/p>\n<p class=\"caption\">Le vice-pr\u00e9sident am\u00e9ricain JD Vance lors de la 61e Conf\u00e9rence de Munich sur la s\u00e9curit\u00e9 (MSC) \u00e0 Munich, dans le sud de l&rsquo;Allemagne, le 14 f\u00e9vrier 2025<\/p>\n<\/td>\n<\/tr>\n<p>L&rsquo;UE dispose, de fait, de l&rsquo;arsenal juridique le plus puissant au monde pour r\u00e9guler le num\u00e9rique.<\/p>\n<p>Washington a tr\u00e8s mal pris l&rsquo;amende de 140 millions de dollars inflig\u00e9e par l&rsquo;UE d\u00e9but d\u00e9cembre \u00e0 X, le r\u00e9seau social d&rsquo;Elon Musk. <\/p>\n<p>Donald Trump s&rsquo;en prend \u00e0 l&rsquo;Europe depuis son retour au pouvoir.<\/p>\n<p>Dans sa nouvelle Strat\u00e9gie de s\u00e9curit\u00e9 nationale, qui mentionne un \u00ab\u00a0effacement civilisationnel\u00a0\u00bb de l&rsquo;Europe, Washington cible p\u00eale-m\u00eale les instances europ\u00e9ennes \u00ab\u00a0qui sapent la libert\u00e9 politique et la souverainet\u00e9\u00a0\u00bb, les politiques migratoires ou encore \u00ab\u00a0l&rsquo;effondrement des taux de natalit\u00e9\u00a0\u00bb sur le Vieux continent.<\/p>\n<p>D\u00e8s f\u00e9vrier dernier, le vice-pr\u00e9sident am\u00e9ricain, JD Vance, avait constern\u00e9 les Europ\u00e9ens lors d&rsquo;un discours \u00e0 Munich dans lequel il avait affirm\u00e9 que la libert\u00e9 d&rsquo;expression \u00ab\u00a0reculait\u00a0\u00bb sur le continent, \u00e9pousant les vues des partis d&rsquo;extr\u00eame droite.<\/p>\n","protected":false},"excerpt":{"rendered":"L&rsquo;Union europ\u00e9enne a exig\u00e9 mercredi des \u00ab\u00a0clarifications\u00a0\u00bb et condamn\u00e9 fermement les sanctions \u00ab\u00a0injustifi\u00e9es\u00a0\u00bb impos\u00e9es par l&rsquo;administration Trump \u00e0&hellip;\n","protected":false},"author":2,"featured_media":620975,"comment_status":"","ping_status":"","sticky":false,"template":"","format":"standard","meta":{"footnotes":""},"categories":[1586],"tags":[11,1777,674,1779,1011,27,12,25,1778,364],"class_list":{"0":"post-620974","1":"post","2":"type-post","3":"status-publish","4":"format-standard","5":"has-post-thumbnail","7":"category-europe","8":"tag-actualites","9":"tag-eu","10":"tag-europe","11":"tag-european-union","12":"tag-fr","13":"tag-france","14":"tag-news","15":"tag-republique-francaise","16":"tag-ue","17":"tag-union-europeenne"},"share_on_mastodon":{"url":"https:\/\/pubeurope.com\/@fr\/115778457406544106","error":""},"_links":{"self":[{"href":"https:\/\/www.europesays.com\/fr\/wp-json\/wp\/v2\/posts\/620974","targetHints":{"allow":["GET"]}}],"collection":[{"href":"https:\/\/www.europesays.com\/fr\/wp-json\/wp\/v2\/posts"}],"about":[{"href":"https:\/\/www.europesays.com\/fr\/wp-json\/wp\/v2\/types\/post"}],"author":[{"embeddable":true,"href":"https:\/\/www.europesays.com\/fr\/wp-json\/wp\/v2\/users\/2"}],"replies":[{"embeddable":true,"href":"https:\/\/www.europesays.com\/fr\/wp-json\/wp\/v2\/comments?post=620974"}],"version-history":[{"count":0,"href":"https:\/\/www.europesays.com\/fr\/wp-json\/wp\/v2\/posts\/620974\/revisions"}],"wp:featuredmedia":[{"embeddable":true,"href":"https:\/\/www.europesays.com\/fr\/wp-json\/wp\/v2\/media\/620975"}],"wp:attachment":[{"href":"https:\/\/www.europesays.com\/fr\/wp-json\/wp\/v2\/media?parent=620974"}],"wp:term":[{"taxonomy":"category","embeddable":true,"href":"https:\/\/www.europesays.com\/fr\/wp-json\/wp\/v2\/categories?post=620974"},{"taxonomy":"post_tag","embeddable":true,"href":"https:\/\/www.europesays.com\/fr\/wp-json\/wp\/v2\/tags?post=620974"}],"curies":[{"name":"wp","href":"https:\/\/api.w.org\/{rel}","templated":true}]}}