{"id":620978,"date":"2025-12-25T05:04:23","date_gmt":"2025-12-25T05:04:23","guid":{"rendered":"https:\/\/www.europesays.com\/fr\/620978\/"},"modified":"2025-12-25T05:04:23","modified_gmt":"2025-12-25T05:04:23","slug":"avant-thierry-breton-un-autre-breton-vise-par-donald-trump-racontait-son-quotidien-sous-sanctions-americaines","status":"publish","type":"post","link":"https:\/\/www.europesays.com\/fr\/620978\/","title":{"rendered":"Avant Thierry Breton, un autre Breton vis\u00e9 par Donald Trump racontait son quotidien sous sanctions am\u00e9ricaines"},"content":{"rendered":"<p>Son quotidien est devenu vite compliqu\u00e9. Plac\u00e9 sous sanctions am\u00e9ricaines en ao\u00fbt dernier avec cinq autres juges et trois procureurs de la <a href=\"https:\/\/www.20minutes.fr\/monde\/cour-penale-internationale\/\" class=\"c-link c-link--is-underlined\" target=\"_blank\" rel=\"noopener\">Cour p\u00e9nale internationale<\/a> (CPI), Nicolas Guillou fait partie des personnalit\u00e9s plac\u00e9es sur la liste noire de <a href=\"https:\/\/www.20minutes.fr\/dossier\/washington\" class=\"c-link c-link--is-underlined\" target=\"_blank\" rel=\"noopener\">Washington<\/a>.<\/p>\n<\/p>\n<p>Quatre mois avant ce mardi et les <a href=\"https:\/\/www.20minutes.fr\/monde\/etats-unis\/4193032-20251224-regulation-numerique-thierry-breton-responsables-europeens-interdits-sejour-etats-unis\" class=\"c-link c-link--is-underlined\" target=\"_blank\" rel=\"noopener\">sanctions prononc\u00e9es \u00e0 l\u2019encontre de Thierry Breton<\/a> et quatre autres personnalit\u00e9s europ\u00e9ennes engag\u00e9es contre la d\u00e9sinformation en ligne, le juge breton de la CPI expliquait les obstacles rencontr\u00e9s \u00e0 cause de ces mesures. En ce qui concerne Thierry Breton, les autorit\u00e9s am\u00e9ricaines n\u2019ont pas pr\u00e9cis\u00e9 le contour de ces sanctions impos\u00e9es hormis une interdiction de <a href=\"https:\/\/www.20minutes.fr\/dossier\/visa\" class=\"c-link c-link--is-underlined\" target=\"_blank\" rel=\"noopener\">visa<\/a>.<\/p>\n<p>Des comptes bloqu\u00e9s<\/p>\n<p>Mais pour Nicolas Guillou, la vie est devenue parfois impossible. \u00ab\u00a0Etre sous sanctions, c\u2019est \u00eatre renvoy\u00e9 dans les ann\u00e9es\u00a01990\u00a0\u00bb, raconte-t-il au <a href=\"https:\/\/www.lemonde.fr\/international\/article\/2025\/11\/19\/nicolas-guillou-juge-francais-de-la-cpi-sanctionne-par-les-etats-unis-face-aux-attaques-les-magistrats-de-la-cour-tiendront_6654016_3210.html\" target=\"_blank\" class=\"c-link c-link--is-underlined\" rel=\"noopener\">Monde<\/a>. Etre plac\u00e9 sur la liste noire am\u00e9ricaine, cr\u00e9\u00e9e d\u2019abord pour lutter contre le <a href=\"https:\/\/www.20minutes.fr\/dossier\/terrorisme\" class=\"c-link c-link--is-underlined\" target=\"_blank\" rel=\"noopener\">terrorisme<\/a> et le <a href=\"https:\/\/www.20minutes.fr\/dossier\/trafic_de_drogue\" class=\"c-link c-link--is-underlined\" target=\"_blank\" rel=\"noopener\">trafic de drogue<\/a>, ce n\u2019est pas seulement \u00eatre emp\u00each\u00e9 d\u2019entrer sur le sol am\u00e9ricain. Nicolas Guillou n\u2019a plus acc\u00e8s \u00e0 ses comptes li\u00e9s \u00e0 des entreprises am\u00e9ricaines telles qu\u2019Amazon, Airbnb ou PayPal. Il s\u2019est vu annuler la r\u00e9servation d\u2019un h\u00f4tel pourtant situ\u00e9 en France par le site Expedia.<\/p>\n<p>C\u2019est \u00ab\u00a0l\u2019ensemble des actes de ma vie quotidienne\u00a0\u00bb qui sont boulevers\u00e9s car ces sanctions \u00ab\u00a0interdisent \u00e0 toute personne physique ou morale am\u00e9ricaine, tout individu ou toute entreprise, ainsi que leurs filiales \u00e0 l\u2019\u00e9tranger, de me fournir des services\u00a0\u00bb, pr\u00e9cise-t-il dans les colonnes du quotidien.<\/p>\n<p>Interdit bancaire dans beaucoup de pays<\/p>\n<p>Des choses tr\u00e8s simples deviennent tr\u00e8s compliqu\u00e9es. Les Etats-Unis restent la premi\u00e8re puissance mondiale et dominent de nombreux domaines dans le monde. Comme le syst\u00e8me bancaire. American Express, Visa, MasterCard\u2026 Tous ces syst\u00e8mes de paiement sont am\u00e9ricains.<\/p>\n<p>Impossible d\u2019effectuer des transactions bancaires avec une personne physique ou morale am\u00e9ricaine, ou qui se fait en dollars. Certaines banques, m\u00eame si elles ne sont pas am\u00e9ricaines, prennent l\u2019initiative de fermer le compte d\u2019une personne sous sanction. Fatalement, \u00ab\u00a0vous \u00eates <a href=\"https:\/\/www.20minutes.fr\/economie\/1270971-20140107-20140107-quand-interdit-bancaire-apprend-a-organiser-differemment\" class=\"c-link c-link--is-underlined\" target=\"_blank\" rel=\"noopener\">interdit bancaire<\/a> sur une bonne partie de la plan\u00e8te\u00a0\u00bb, r\u00e9sume Nicolas Guillou. \u00catre sous sanctions, c\u2019est finalement \u00eatre dans une \u00ab\u00a0impuissance permanente\u00a0\u00bb qui vise \u00e0 d\u00e9courager les militants et personnalit\u00e9s qui d\u00e9rangent Washington. Sachant que \u00ab\u00a0ces mesures peuvent \u00eatre maintenues pendant plus d\u2019une d\u00e9cennie, voire plus\u00a0\u00bb.<\/p>\n<p>Une politique globale sign\u00e9e Trump<\/p>\n<p>Depuis son retour au pouvoir, Donald Trump a l\u2019Europe dans le collimateur. Dans sa <a href=\"https:\/\/www.20minutes.fr\/monde\/etats-unis\/4190318-20251208-strategie-securite-nationale-etats-unis-document-tance-europeens-vraiment-determinant\" class=\"c-link c-link--is-underlined\" target=\"_blank\" rel=\"noopener\">nouvelle Strat\u00e9gie de s\u00e9curit\u00e9 nationale<\/a>, publi\u00e9e r\u00e9cemment, qui parle d\u2019un \u00ab\u00a0effacement civilisationnel\u00a0\u00bb de l\u2019Europe, Washington cible p\u00eale-m\u00eale les instances europ\u00e9ennes \u00ab\u00a0qui sapent la libert\u00e9 politique et la souverainet\u00e9\u00a0\u00bb, les politiques migratoires ou encore \u00ab\u00a0l\u2019effondrement des taux de natalit\u00e9\u00a0\u00bb sur le Vieux continent.<\/p>\n<p>D\u00e8s f\u00e9vrier dernier, le vice-pr\u00e9sident am\u00e9ricain, <a href=\"https:\/\/www.20minutes.fr\/monde\/etats-unis\/4138928-20250215-etats-unis-jd-vance-tend-main-extreme-droite-allemande-fustige-europe\" class=\"c-link c-link--is-underlined\" target=\"_blank\" rel=\"noopener\">JD Vance, avait constern\u00e9 les Europ\u00e9ens<\/a> lors d\u2019un discours \u00e0 Munich dans lequel il avait affirm\u00e9 que la libert\u00e9 d\u2019expression \u00ab\u00a0reculait\u00a0\u00bb sur le continent. Il avait alors \u00e9pous\u00e9 les vues des partis d\u2019extr\u00eame droite comme l\u2019AfD, en Allemagne.<\/p>\n<p><a href=\"https:\/\/www.20minutes.fr\/dossier\/donald_trump\" class=\"c-link c-btn c-btn--primary\" target=\"_blank\" rel=\"noopener\">Notre dossier sur Donald Trump<\/a><\/p>\n<p>Et en mai, le secr\u00e9taire d\u2019Etat am\u00e9ricain avait annonc\u00e9 des restrictions de visas pour les \u00e9trangers accus\u00e9s de \u00ab\u00a0censurer les Am\u00e9ricains\u00a0\u00bb, affirmant que la libert\u00e9 d\u2019expression \u00e9tait \u00ab\u00a0essentielle au mode de vie am\u00e9ricain\u00a0\u00bb.<\/p>\n<p>Par ailleurs, un r\u00e9cent m\u00e9mo du d\u00e9partement d\u2019Etat, cit\u00e9 dans la presse am\u00e9ricaine, \u00e9voque de nouvelles consignes du gouvernement am\u00e9ricain visant \u00e0 restreindre les visas pour des personnes travaillant dans la tech (les visas H-1B), notamment sp\u00e9cialis\u00e9es dans la mod\u00e9ration de contenu.<\/p>\n","protected":false},"excerpt":{"rendered":"Son quotidien est devenu vite compliqu\u00e9. Plac\u00e9 sous sanctions am\u00e9ricaines en ao\u00fbt dernier avec cinq autres juges et&hellip;\n","protected":false},"author":2,"featured_media":620979,"comment_status":"","ping_status":"","sticky":false,"template":"","format":"standard","meta":{"footnotes":""},"categories":[2],"tags":[47,11,7345,4239,75,73,1011,27,74,12,20911,25,10378,2744],"class_list":{"0":"post-620978","1":"post","2":"type-post","3":"status-publish","4":"format-standard","5":"has-post-thumbnail","7":"category-actualites","8":"tag-actualite","9":"tag-actualites","10":"tag-airbnb","11":"tag-amazon","12":"tag-donald-trump","13":"tag-etats-unis","14":"tag-fr","15":"tag-france","16":"tag-monde","17":"tag-news","18":"tag-paypal","19":"tag-republique-francaise","20":"tag-sanction","21":"tag-washington"},"share_on_mastodon":{"url":"https:\/\/pubeurope.com\/@fr\/115778464199826234","error":""},"_links":{"self":[{"href":"https:\/\/www.europesays.com\/fr\/wp-json\/wp\/v2\/posts\/620978","targetHints":{"allow":["GET"]}}],"collection":[{"href":"https:\/\/www.europesays.com\/fr\/wp-json\/wp\/v2\/posts"}],"about":[{"href":"https:\/\/www.europesays.com\/fr\/wp-json\/wp\/v2\/types\/post"}],"author":[{"embeddable":true,"href":"https:\/\/www.europesays.com\/fr\/wp-json\/wp\/v2\/users\/2"}],"replies":[{"embeddable":true,"href":"https:\/\/www.europesays.com\/fr\/wp-json\/wp\/v2\/comments?post=620978"}],"version-history":[{"count":0,"href":"https:\/\/www.europesays.com\/fr\/wp-json\/wp\/v2\/posts\/620978\/revisions"}],"wp:featuredmedia":[{"embeddable":true,"href":"https:\/\/www.europesays.com\/fr\/wp-json\/wp\/v2\/media\/620979"}],"wp:attachment":[{"href":"https:\/\/www.europesays.com\/fr\/wp-json\/wp\/v2\/media?parent=620978"}],"wp:term":[{"taxonomy":"category","embeddable":true,"href":"https:\/\/www.europesays.com\/fr\/wp-json\/wp\/v2\/categories?post=620978"},{"taxonomy":"post_tag","embeddable":true,"href":"https:\/\/www.europesays.com\/fr\/wp-json\/wp\/v2\/tags?post=620978"}],"curies":[{"name":"wp","href":"https:\/\/api.w.org\/{rel}","templated":true}]}}