{"id":621000,"date":"2025-12-25T05:24:19","date_gmt":"2025-12-25T05:24:19","guid":{"rendered":"https:\/\/www.europesays.com\/fr\/621000\/"},"modified":"2025-12-25T05:24:19","modified_gmt":"2025-12-25T05:24:19","slug":"phase-ascendante-de-lepidemie-vigilance-renforcee-a-clermont-ferrand","status":"publish","type":"post","link":"https:\/\/www.europesays.com\/fr\/621000\/","title":{"rendered":"\u00ab\u00a0Phase ascendante\u00a0\u00bb de l\u2019\u00e9pid\u00e9mie, vigilance renforc\u00e9e \u00e0 Clermont-Ferrand"},"content":{"rendered":"<p class=\"article__intro\">La grippe circule de plus en plus en Auvergne. Si les urgences du CHU de Clermont-Ferrand ne sont pas encore satur\u00e9es, les indicateurs montrent une nette acc\u00e9l\u00e9ration de l\u2019\u00e9pid\u00e9mie. Le pic pourrait survenir d\u00e8s le d\u00e9but du mois de janvier, voire plus t\u00f4t.<\/p>\n<p>\n      La Quotidienne Soci\u00e9t\u00e9\n    <\/p>\n<p>\n      De la vie quotidienne aux grands enjeux, recevez tous les jours les sujets qui font la soci\u00e9t\u00e9 locale, comme la justice, l\u2019\u00e9ducation, la sant\u00e9 et la famille.\n    <\/p>\n<p>    France T\u00e9l\u00e9visions utilise votre adresse e-mail afin de vous envoyer la newsletter \u00ab\u00a0La Quotidienne Soci\u00e9t\u00e9\u00a0\u00bb. Vous pouvez vous d\u00e9sinscrire \u00e0 tout moment via le lien en bas de cette newsletter. <a target=\"_blank\" href=\"https:\/\/www.francetelevisions.fr\/groupe\/confidentialite\/politique-de-confidentialite\/politique-de-confidentialite-de-france-televisions-6503\" rel=\"noopener\">Notre politique de confidentialit\u00e9<\/a><\/p>\n<p>Fi\u00e8vre, courbatures, fatigue\u2026 La grippe s\u2019installe en ce d\u00e9but d\u2019hiver en Auvergne. Au CHU de Clermont-Ferrand, la situation reste pour l\u2019instant sous contr\u00f4le. \u00ab On observe un peu plus de patients atteints de la grippe, mais cela repr\u00e9sente au maximum quatre \u00e0 cinq entr\u00e9es suppl\u00e9mentaires par jour aux urgences \u00bb, explique le professeur Far\u00e8s Moustafa, chef du service des Urgences. Une augmentation qui, \u00e0 ce stade, ne permet pas encore de parler d\u2019une r\u00e9elle tension sur le service. En revanche, les donn\u00e9es issues des tests virologiques montrent que le taux de positivit\u00e9 a fortement progress\u00e9 en quelques semaines, passant de 0,8 % en semaine 47 \u00e0 plus de 10 % en semaine 51. \u00ab On observe une multiplication par deux environ depuis la semaine 47 \u00bb, souligne le chef des urgences.<\/p>\n<p>Pour les soignants, la r\u00e9gion est entr\u00e9e dans la phase ascendante de l\u2019\u00e9pid\u00e9mie. \u00ab Nous sommes clairement au d\u00e9but de l\u2019ascension du pic \u00e9pid\u00e9mique \u00bb, indique le professeur Moustafa. Compar\u00e9e \u00e0 l\u2019an dernier, cette mont\u00e9e d\u00e9bute environ une semaine plus t\u00f4t. Si la dynamique actuelle se confirme, le pic pourrait survenir d\u00e8s la fin du mois de d\u00e9cembre ou au tout d\u00e9but du mois de janvier, alors que l\u2019an dernier il avait \u00e9t\u00e9 atteint apr\u00e8s les vacances scolaires. Une temporalit\u00e9 qui inqui\u00e8te \u00e0 l\u2019approche des f\u00eates.<\/p>\n<p>\u00c0 l\u2019\u00e9chelle nationale, les laboratoires de ville affichent un taux de positivit\u00e9 autour de 22 %, contre 12,4 % dans les h\u00f4pitaux. \u00c0 Clermont-Ferrand, le pic maximal avait atteint 41 % l\u2019hiver dernier. \u00ab Nous sommes d\u00e9j\u00e0 \u00e0 peu pr\u00e8s \u00e0 la moiti\u00e9 du pic avant No\u00ebl \u00bb, alerte le m\u00e9decin. Les rassemblements familiaux des 24, 25 et 26 d\u00e9cembre, synonymes de fort brassage de population, pourraient favoriser une acc\u00e9l\u00e9ration de la circulation du virus.<\/p>\n<p>Face \u00e0 cette situation, plusieurs mesures ont \u00e9t\u00e9 anticip\u00e9es. Depuis moins d\u2019une semaine, le port du masque est de nouveau obligatoire \u00e0 l\u2019h\u00f4pital pour les soignants, les patients et les visiteurs. Par ailleurs, une dizaine de lits suppl\u00e9mentaires ont \u00e9t\u00e9 ouverts dans des unit\u00e9s hivernales depuis le 15 d\u00e9cembre, afin d\u2019accueillir les patients n\u00e9cessitant une hospitalisation li\u00e9e aux pathologies saisonni\u00e8res. Cette ann\u00e9e, c\u2019est principalement la grippe A qui circule sur le territoire.<\/p>\n<p>Le professeur Moustafa insiste sur l\u2019importance de la vaccination. \u00ab On a le sentiment que le vaccin fonctionne un peu mieux cette ann\u00e9e \u00bb, affirme-t-il. Les chiffres confirment cette tendance : parmi les personnes test\u00e9es, 13 % des vaccin\u00e9s sont positifs contre 26 % des non-vaccin\u00e9s, alors que la moyenne nationale se situe autour de 22 %. Au-del\u00e0 de la protection contre l\u2019infection, la vaccination permet aussi de r\u00e9duire la gravit\u00e9 des sympt\u00f4mes. \u00ab Lorsqu\u2019elles sont infect\u00e9es, les personnes vaccin\u00e9es pr\u00e9sentent g\u00e9n\u00e9ralement des formes plus att\u00e9nu\u00e9es \u00bb, rappelle-t-il.<\/p>\n<p>Malgr\u00e9 une circulation plus pr\u00e9coce, l\u2019\u00e9pid\u00e9mie ne semble pas plus agressive que celle de l\u2019hiver pr\u00e9c\u00e9dent. Aucune augmentation notable des hospitalisations ni des passages en r\u00e9animation n\u2019a \u00e9t\u00e9 observ\u00e9e. Certains patients pr\u00e9sentent toutefois des sympt\u00f4mes marqu\u00e9s, avec de fortes fi\u00e8vres, des douleurs musculaires importantes et une fatigue intense, variables selon les variants en circulation. \u00c0 l\u2019approche des f\u00eates, les soignants appellent \u00e0 la responsabilit\u00e9 collective. Port du masque, a\u00e9ration r\u00e9guli\u00e8re des espaces, lavage des mains et vaccination restent les meilleurs outils pour limiter la propagation du virus. \u00ab Il faut \u00eatre particuli\u00e8rement attentif aux personnes fragiles, comme les personnes \u00e2g\u00e9es ou celles sous traitements lourds \u00bb, conclut le professeur Far\u00e8s Moustafa, alors que la p\u00e9riode des rassemblements familiaux d\u00e9bute sous haute surveillance sanitaire.<\/p>\n","protected":false},"excerpt":{"rendered":"La grippe circule de plus en plus en Auvergne. Si les urgences du CHU de Clermont-Ferrand ne sont&hellip;\n","protected":false},"author":2,"featured_media":621001,"comment_status":"","ping_status":"","sticky":false,"template":"","format":"standard","meta":{"footnotes":""},"categories":[10],"tags":[1011,27,72,71],"class_list":{"0":"post-621000","1":"post","2":"type-post","3":"status-publish","4":"format-standard","5":"has-post-thumbnail","7":"category-sante","8":"tag-fr","9":"tag-france","10":"tag-health","11":"tag-sante"},"share_on_mastodon":{"url":"https:\/\/pubeurope.com\/@fr\/115778542793491817","error":""},"_links":{"self":[{"href":"https:\/\/www.europesays.com\/fr\/wp-json\/wp\/v2\/posts\/621000","targetHints":{"allow":["GET"]}}],"collection":[{"href":"https:\/\/www.europesays.com\/fr\/wp-json\/wp\/v2\/posts"}],"about":[{"href":"https:\/\/www.europesays.com\/fr\/wp-json\/wp\/v2\/types\/post"}],"author":[{"embeddable":true,"href":"https:\/\/www.europesays.com\/fr\/wp-json\/wp\/v2\/users\/2"}],"replies":[{"embeddable":true,"href":"https:\/\/www.europesays.com\/fr\/wp-json\/wp\/v2\/comments?post=621000"}],"version-history":[{"count":0,"href":"https:\/\/www.europesays.com\/fr\/wp-json\/wp\/v2\/posts\/621000\/revisions"}],"wp:featuredmedia":[{"embeddable":true,"href":"https:\/\/www.europesays.com\/fr\/wp-json\/wp\/v2\/media\/621001"}],"wp:attachment":[{"href":"https:\/\/www.europesays.com\/fr\/wp-json\/wp\/v2\/media?parent=621000"}],"wp:term":[{"taxonomy":"category","embeddable":true,"href":"https:\/\/www.europesays.com\/fr\/wp-json\/wp\/v2\/categories?post=621000"},{"taxonomy":"post_tag","embeddable":true,"href":"https:\/\/www.europesays.com\/fr\/wp-json\/wp\/v2\/tags?post=621000"}],"curies":[{"name":"wp","href":"https:\/\/api.w.org\/{rel}","templated":true}]}}