{"id":621010,"date":"2025-12-25T05:30:16","date_gmt":"2025-12-25T05:30:16","guid":{"rendered":"https:\/\/www.europesays.com\/fr\/621010\/"},"modified":"2025-12-25T05:30:16","modified_gmt":"2025-12-25T05:30:16","slug":"kim-jong-un-montre-les-muscles-lors-de-la-visite-dun-chantier-de-sous-marin-a-propulsion-nucleaire","status":"publish","type":"post","link":"https:\/\/www.europesays.com\/fr\/621010\/","title":{"rendered":"Kim Jong-un montre les muscles lors de la visite d\u2019un chantier de sous-marin \u00e0 propulsion nucl\u00e9aire"},"content":{"rendered":"<p><a href=\"https:\/\/www.20minutes.fr\/monde\/kim_jong_un\/\" target=\"_blank\" class=\"c-link c-link--is-underlined\" rel=\"noopener\">Kim Jong-un<\/a> a de nouveau mis en sc\u00e8ne la mont\u00e9e en puissance militaire de la <a href=\"https:\/\/www.20minutes.fr\/monde\/coree_du_nord\/\" target=\"_blank\" class=\"c-link c-link--is-underlined\" rel=\"noopener\">Cor\u00e9e du Nord<\/a>. Mercredi, le dictateur s\u2019est rendu sur un chantier de <a href=\"https:\/\/www.20minutes.fr\/dossier\/sous-marin\" target=\"_blank\" class=\"c-link c-link--is-underlined\" rel=\"noopener\">sous-marin<\/a> \u00e0 propulsion nucl\u00e9aire et a assist\u00e9 \u00e0 l\u2019essai d\u2019un \u00ab\u00a0nouveau type de missile anti-a\u00e9rien\u00a0\u00bb, selon l\u2019agence officielle KCNA. Une s\u00e9quence destin\u00e9e \u00e0 illustrer les ambitions navales de Pyongyang dans un contexte de fortes tensions r\u00e9gionales en <a href=\"https:\/\/www.20minutes.fr\/dossier\/asie\" target=\"_blank\" class=\"c-link c-link--is-underlined\" rel=\"noopener\">Asie<\/a> du Nord-Est.<\/p>\n<p>Lors de cette visite, le leader nord-cor\u00e9en a vivement critiqu\u00e9 le projet de la <a href=\"https:\/\/www.20minutes.fr\/dossier\/coree_du_sud\" target=\"_blank\" class=\"c-link c-link--is-underlined\" rel=\"noopener\">Cor\u00e9e du Sud<\/a> de se doter de sous-marins \u00e0 propulsion nucl\u00e9aire avec l\u2019appui des <a href=\"https:\/\/www.20minutes.fr\/monde\/etats-unis\/\" target=\"_blank\" class=\"c-link c-link--is-underlined\" rel=\"noopener\">Etats-Unis<\/a>. Kim Jong-un a qualifi\u00e9 cette coop\u00e9ration de \u00ab\u00a0menace [\u2026] qui doit \u00eatre contr\u00e9e\u00a0\u00bb, d\u00e9non\u00e7ant un d\u00e9s\u00e9quilibre strat\u00e9gique accru. Le feu vert donn\u00e9 par le pr\u00e9sident am\u00e9ricain <a href=\"https:\/\/www.20minutes.fr\/dossier\/donald_trump\" target=\"_blank\" class=\"c-link c-link--is-underlined\" rel=\"noopener\">Donald Trump<\/a> \u00e0 <a href=\"https:\/\/www.20minutes.fr\/dossier\/seoul\" target=\"_blank\" class=\"c-link c-link--is-underlined\" rel=\"noopener\">S\u00e9oul<\/a>, lors d\u2019une visite officielle en octobre, a provoqu\u00e9 la col\u00e8re de Pyongyang, d\u2019autant que plusieurs \u00e9l\u00e9ments cl\u00e9s de l\u2019accord restent flous, notamment le lieu de construction des b\u00e2timents.<\/p>\n<\/p>\n<p>Une situation s\u00e9curitaire actuelle \u00ab\u00a0n\u00e9gative\u00a0\u00bb<\/p>\n<p>Pour le r\u00e9gime nord-cor\u00e9en, cette initiative s\u2019inscrit dans une logique d\u2019escalade. D\u00e8s le mois dernier, <a href=\"https:\/\/www.20minutes.fr\/monde\/pyongyang\/\" target=\"_blank\" class=\"c-link c-link--is-underlined\" rel=\"noopener\">Pyongyang<\/a> avait \u00e9voqu\u00e9 une \u00ab\u00a0tentative dangereuse de confrontation\u00a0\u00bb et mis en garde contre un possible \u00ab\u00a0ph\u00e9nom\u00e8ne de dominos nucl\u00e9aire\u00a0\u00bb. Mercredi, Kim Jong-un a estim\u00e9 que la situation s\u00e9curitaire actuelle \u00e9tait \u00ab\u00a0n\u00e9gative\u00a0\u00bb, jugeant la modernisation de l\u2019\u00ab\u00a0armement nucl\u00e9aire de la force navale\u00a0\u00bb comme une \u00ab\u00a0t\u00e2che urgente et une option indispensable\u00a0\u00bb, tout en \u00e9tant inform\u00e9 de recherches sur de \u00ab\u00a0nouvelles armes secr\u00e8tes sous-marines\u00a0\u00bb.<\/p>\n<p><a href=\"https:\/\/www.20minutes.fr\/monde\/coree_du_nord\/\" target=\"_blank\" class=\"c-link c-btn c-btn--primary\" rel=\"noopener\">Notre dossier sur la Cor\u00e9e du Nord<\/a><\/p>\n<p>Dans un communiqu\u00e9 distinct, KCNA a \u00e9galement annonc\u00e9 que Kim Jong-un avait supervis\u00e9 le tir d\u2019un \u00ab\u00a0nouveau type de <a href=\"https:\/\/www.20minutes.fr\/monde\/missile\/\" target=\"_blank\" class=\"c-link c-link--is-underlined\" rel=\"noopener\">missile<\/a> anti-a\u00e9rien haute altitude et longue port\u00e9e\u00a0\u00bb au-dessus de la mer de l\u2019Est, appellation nord-cor\u00e9enne de la mer du <a href=\"https:\/\/www.20minutes.fr\/dossier\/japon\" target=\"_blank\" class=\"c-link c-link--is-underlined\" rel=\"noopener\">Japon<\/a>. Selon l\u2019agence, le projectile aurait atteint une cible fictive \u00ab\u00a0avec pr\u00e9cision \u00e0 une altitude de 200 kilom\u00e8tres\u00a0\u00bb, une hauteur correspondant \u00e0 l\u2019espace si l\u2019information est exacte.<\/p>\n","protected":false},"excerpt":{"rendered":"Kim Jong-un a de nouveau mis en sc\u00e8ne la mont\u00e9e en puissance militaire de la Cor\u00e9e du Nord.&hellip;\n","protected":false},"author":2,"featured_media":621011,"comment_status":"","ping_status":"","sticky":false,"template":"","format":"standard","meta":{"footnotes":""},"categories":[5],"tags":[47,11,13987,5640,75,73,1011,27,14,15404,3343,74,12,5654,32165,36588,36558,28],"class_list":{"0":"post-621010","1":"post","2":"type-post","3":"status-publish","4":"format-standard","5":"has-post-thumbnail","7":"category-international","8":"tag-actualite","9":"tag-actualites","10":"tag-coree-du-nord","11":"tag-coree-du-sud","12":"tag-donald-trump","13":"tag-etats-unis","14":"tag-fr","15":"tag-france","16":"tag-international","17":"tag-kim-jong-un","18":"tag-missile","19":"tag-monde","20":"tag-news","21":"tag-nucleaire","22":"tag-pyongyang","23":"tag-seoul","24":"tag-sous-marin","25":"tag-world"},"share_on_mastodon":{"url":"https:\/\/pubeurope.com\/@fr\/115778566562214524","error":""},"_links":{"self":[{"href":"https:\/\/www.europesays.com\/fr\/wp-json\/wp\/v2\/posts\/621010","targetHints":{"allow":["GET"]}}],"collection":[{"href":"https:\/\/www.europesays.com\/fr\/wp-json\/wp\/v2\/posts"}],"about":[{"href":"https:\/\/www.europesays.com\/fr\/wp-json\/wp\/v2\/types\/post"}],"author":[{"embeddable":true,"href":"https:\/\/www.europesays.com\/fr\/wp-json\/wp\/v2\/users\/2"}],"replies":[{"embeddable":true,"href":"https:\/\/www.europesays.com\/fr\/wp-json\/wp\/v2\/comments?post=621010"}],"version-history":[{"count":0,"href":"https:\/\/www.europesays.com\/fr\/wp-json\/wp\/v2\/posts\/621010\/revisions"}],"wp:featuredmedia":[{"embeddable":true,"href":"https:\/\/www.europesays.com\/fr\/wp-json\/wp\/v2\/media\/621011"}],"wp:attachment":[{"href":"https:\/\/www.europesays.com\/fr\/wp-json\/wp\/v2\/media?parent=621010"}],"wp:term":[{"taxonomy":"category","embeddable":true,"href":"https:\/\/www.europesays.com\/fr\/wp-json\/wp\/v2\/categories?post=621010"},{"taxonomy":"post_tag","embeddable":true,"href":"https:\/\/www.europesays.com\/fr\/wp-json\/wp\/v2\/tags?post=621010"}],"curies":[{"name":"wp","href":"https:\/\/api.w.org\/{rel}","templated":true}]}}