{"id":621012,"date":"2025-12-25T05:31:21","date_gmt":"2025-12-25T05:31:21","guid":{"rendered":"https:\/\/www.europesays.com\/fr\/621012\/"},"modified":"2025-12-25T05:31:21","modified_gmt":"2025-12-25T05:31:21","slug":"france-2025-pourquoi-lenvie-de-partir-atteint-un-niveau-record","status":"publish","type":"post","link":"https:\/\/www.europesays.com\/fr\/621012\/","title":{"rendered":"France 2025 : pourquoi l\u2019envie de partir atteint un niveau record"},"content":{"rendered":"<p><strong>Julien*<\/strong> (pr\u00e9nom a \u00e9t\u00e9 modifi\u00e9), a quitt\u00e9 Paris en d\u00e9c\u00e9mbre. \u00ab\u00a0Je ne me sentais plus heureux en France\u00a0\u00bb, confie cet entrepreneur dans la restauration, aujourd\u2019hui install\u00e9 \u00e0 Tbilissi, en G\u00e9orgie. <\/p>\n<p>Son t\u00e9moignage refl\u00e8te un malaise plus g\u00e9n\u00e9ral : selon<a href=\"https:\/\/news.gallup.com\/poll\/700160\/france-political-crisis-rattles-trust-institutions.aspx\" target=\"_blank\" rel=\"noreferrer noopener\"> <strong>une \u00e9tude Gallup<\/strong><\/a> publi\u00e9e ce lundi, plus d&rsquo;un quart des Fran\u00e7ais envisageraient de s&rsquo;installer d\u00e9finitivement \u00e0 l\u2019\u00e9tranger. <\/p>\n<p>Une hausse spectaculaire, in\u00e9dite depuis pr\u00e8s de vingt ans, qui accompagne une chute brutale de la confiance dans les institutions et un climat politique jug\u00e9 de plus en plus anxiog\u00e8ne.<\/p>\n<p>Dans son \u00e9tablissement, Julien constate une nette baisse de fr\u00e9quentation cette ann\u00e9e. \u00ab\u00a0J\u2019ai perdu beaucoup de clients cette ann\u00e9e. Les gens n\u2019ont plus les moyens de sortir et de consommer comme avant\u00a0\u00bb, confie-t-il \u00e0 Euronews. <\/p>\n<p>\u00c0 ses yeux, il y a \u00ab\u00a0un manque d\u2019opportunit\u00e9s\u00a0\u00bb pour les entrepreneurs, \u00ab\u00a0une pression fiscale qui est monstrueuse en France\u00a0\u00bb et surtout \u00ab\u00a0une atmosph\u00e8re globale qui est tr\u00e8s mauvaise\u00a0\u00bb. <\/p>\n<p><strong>Antoine<\/strong>, ing\u00e9nieur dans le secteur du luxe \u00e0 Paris, partage ce malaise, m\u00eame s\u2019il n\u2019a pas encore franchi le pas. <\/p>\n<p>Il \u00ab\u00a0adore\u00a0\u00bb sa ville, o\u00f9 il est n\u00e9 et travaille, mais dit ressentir de plus en plus vivement l\u2019envie de partir. Au Canada, il raconte avoir retrouv\u00e9 \u00ab\u00a0une sorte d\u2019acceptation des autres\u00a0\u00bb qu\u2019il ne per\u00e7oit plus en France. En France, d\u00e9plore-t-il, \u00ab\u00a0il y a beaucoup de haine entre les gens\u00a0\u00bb, ajoutant que \u00ab\u00a0les gens pr\u00e9f\u00e8rent se tirer dans les pattes plut\u00f4t que de s\u2019entraider\u00a0\u00bb.<\/p>\n<p>Sur le plan mat\u00e9riel, malgr\u00e9 un parcours de cadre, Antoine explique \u00e0 Euronews qu\u2019il se heurte \u00e0 une impasse : sans h\u00e9ritage, il explique qu\u2019il \u201cne pourrait pas s&rsquo;acheter tout seul [\u2026] son propre logement\u201d ni m\u00eame \u201cvivre dans la ville dans laquelle je suis n\u00e9\u201d.<\/p>\n<p>Ces trajectoires individuelles font \u00e9cho \u00e0 un mouvement plus large. Selon l&rsquo;\u00e9tude, la France traverserait en 2025 l\u2019une des plus graves crises de confiance institutionnelle observ\u00e9es depuis le lancement du Gallup World Poll, il y a pr\u00e8s de vingt ans.<\/p>\n<p>Une chute de confiance spectaculaire<\/p>\n<p>Dans un contexte de forte instabilit\u00e9 politique et de pessimisme \u00e9conomique durable, le d\u00e9crochage est brutal et il se traduit d\u00e9sormais par une envie d\u2019ailleurs massive. <\/p>\n<p>D\u2019apr\u00e8s l\u2019institut, <strong>27 % des adultes en France disent vouloir s\u2019installer d\u00e9finitivement \u00e0 l\u2019\u00e9tranger s\u2019ils en avaient la possibilit\u00e9<\/strong>, contre <strong>11 % seulement l\u2019an dernier<\/strong>. Une hausse spectaculaire, rare \u00e0 l\u2019\u00e9chelle mondiale, qui place la France parmi les pays affichant la plus forte augmentation annuelle du d\u00e9sir d\u2019\u00e9migration depuis que l\u2019institut pose cette question en 2007.<\/p>\n<p>Le Gallup World Poll, r\u00e9alis\u00e9 chaque ann\u00e9e dans plus de 140 pays aupr\u00e8s de populations repr\u00e9sentatives, permet de comparer l\u2019\u00e9volution de la confiance au fil du temps. Pour la France, les r\u00e9sultats de 2025 marquent une rupture nette.<\/p>\n<p>Apr\u00e8s plusieurs ann\u00e9es de relative stabilit\u00e9, <strong>la confiance dans le gouvernement national chute \u00e0 29 %, soit un recul de 13 points en un an.<\/strong> Tandis que la confiance dans le syst\u00e8me judiciaire (50 %) et dans les institutions financi\u00e8res (42 %) ont aussi nettement recul\u00e9. Aucun autre pays de l\u2019Union europ\u00e9enne n\u2019a enregistr\u00e9 en 2025 une chute moyenne aussi importante sur l\u2019ensemble de ces indicateurs.<\/p>\n<p>Selon <strong>Benedict Vigers<\/strong>, r\u00e9dacteur senior chez Gallup, en France, la confiance dans les institutions reste normalement stable d\u2019une ann\u00e9e sur l\u2019autre. Depuis l\u2019arriv\u00e9e d\u2019Emmanuel Macron au pouvoir en 2017, elle avait m\u00eame progress\u00e9, explique l\u2019expert. Mais tous ces progr\u00e8s ont \u00e9t\u00e9 balay\u00e9s en seulement 12 mois, note-t-il. <\/p>\n<p>Chaos politique et absence de perspectives<\/p>\n<p>Cette perte de confiance s\u2019inscrit dans une p\u00e9riode de forte instabilit\u00e9 politique. Depuis <a href=\"https:\/\/fr.euronews.com\/my-europe\/2024\/06\/09\/emmanuel-macron-annonce-la-dissolution-de-lassemblee-nationale\" target=\"_blank\" rel=\"noopener\"><strong>la dissolution surprise de juin 2024,<\/strong><\/a> Emmanuel Macron a encha\u00een\u00e9 les Premiers ministres, tous confront\u00e9s \u00e0 l\u2019absence de majorit\u00e9 parlementaire. Les propositions de budget ont d\u00e9clench\u00e9 des <a href=\"https:\/\/fr.euronews.com\/2025\/10\/16\/le-gouvernement-lecornu-survit-aux-deux-motions-de-censure\" target=\"_blank\" rel=\"noopener\"><strong>motions de censure \u00e0 r\u00e9p\u00e9tition<\/strong><\/a>, nourrissant un sentiment de paralysie politique.<\/p>\n<p>La popularit\u00e9 du chef de l\u2019\u00c9tat s\u2019en ressent. En 2025, son taux d\u2019approbation tombe \u00e0 28 %, un plus bas historique, bien loin des 61 % enregistr\u00e9s lors de sa premi\u00e8re ann\u00e9e \u00e0 l\u2019\u00c9lys\u00e9e, selon Gallup. Si ce niveau reste l\u00e9g\u00e8rement sup\u00e9rieur \u00e0 celui de Fran\u00e7ois Hollande \u00e0 la fin de son mandat, l\u2019\u00e9rosion reste brutale.<\/p>\n<p>Sur le plan \u00e9conomique, <a href=\"https:\/\/fr.euronews.com\/business\/2025\/09\/13\/fitch-degrade-la-note-de-la-france-sur-fond-de-crise-politique\" target=\"_blank\" rel=\"noopener\"><strong>le pessimisme est tr\u00e8s pr\u00e9sent<\/strong><\/a> : 67 % des Fran\u00e7ais estiment que leur situation se d\u00e9t\u00e9riore, contre seulement 21 % qui la voient s\u2019am\u00e9liorer. Depuis 2015, la France fait partie des pays les plus pessimistes de l\u2019OCDE sur le plan \u00e9conomique, juste derri\u00e8re la Gr\u00e8ce. <\/p>\n<p>Pour Julien, ce climat politique a compt\u00e9 autant que les difficult\u00e9s \u00e9conomiques. Il d\u00e9crit \u00ab\u00a0toute l&rsquo;instabilit\u00e9 au niveau du gouvernement\u00a0\u00bb et le sentiment que \u00ab\u00a0la population n&rsquo;est plus en accord avec les organes politiques et le gouvernement\u00a0\u00bb.<\/p>\n<p>Rester, partir\u2026 ou revenir<\/p>\n<p>Pour Antoine, les inqui\u00e9tudes sont aussi tourn\u00e9es vers l\u2019avenir politique. Il parle d\u2019un \u00ab\u00a0climat ultra morose\u00a0\u00bb et se dit \u00ab\u00a0tr\u00e8s inquiet pour la pr\u00e9sidentielle de 2027\u00a0\u00bb \u00e0 cause de la mont\u00e9e de l&rsquo;extr\u00eame droite. <\/p>\n<p><strong>Ad\u00e8le<\/strong>, elle, est d\u00e9j\u00e0 partie. En 2024, elle a quitt\u00e9 Lyon pour s\u2019installer \u00e0 Leipzig, en Allemagne, afin d\u2019entamer une reconversion professionnelle. Elle explique qu\u2019un projet de reprise d\u2019\u00e9tudes et de changement de domaine \u2013 du droit vers l\u2019illustration \u2013 lui semblait en France \u00ab\u00a0moins faisable, moins encourag\u00e9, plus stigmatis\u00e9\u00a0\u00bb, alors qu\u2019en Allemagne, \u00ab\u00a0les parcours sont plus flexibles\u00a0\u00bb.<\/p>\n<p>Pour autant, le lien avec la France demeure fort. Elle \u00e9voque une nostalgie persistante \u2013 la langue, la culture, les paysages \u2013 qui pourrait la pousser \u00e0 revenir un jour. Mais ses retours r\u00e9cents ont \u00ab\u00a0raviv\u00e9 sa col\u00e8re\u00a0\u00bb, explique-t-elle. Apr\u00e8s avoir particip\u00e9 \u00e0 une manifestation en septembre, elle dit avoir \u00e9t\u00e9 \u00ab\u00a0terroris\u00e9e\u00a0\u00bb par la \u00ab\u00a0violence de la r\u00e9pression\u00a0\u00bb qui \u00ab\u00a0l\u2019angoisse beaucoup\u00a0\u00bb, notamment \u00ab\u00a0en tant que femme queer\u00a0\u00bb.<\/p>\n<p><strong>Hadrien<\/strong> et <strong>Sophie<\/strong>, eux, ont fait le chemin inverse. Apr\u00e8s plusieurs ann\u00e9es pass\u00e9es \u00e0 Toronto, ce couple travaillant dans la banque est revenu vivre \u00e0 Paris. Leur exp\u00e9rience a nuanc\u00e9 l\u2019image d\u2019un Eldorado nord-am\u00e9ricain. <\/p>\n<p>\u00ab\u00a0La France n\u2019est pas parfaite\u00a0\u00bb, reconnaissent-ils, mais \u00ab\u00a0on n\u2019est pas si mal en France non plus\u00a0\u00bb. Ils soulignent qu\u2019au Canada, \u00ab\u00a0on paye autant d\u2019imp\u00f4ts sur le revenu mais la vie co\u00fbte tr\u00e8s cher\u00a0\u00bb, alors qu\u2019en France, ils b\u00e9n\u00e9ficient de davantage de vacances et d\u2019un co\u00fbt de la vie plus compatible avec leur quotidien. \u00ab\u00a0On est quand m\u00eame dans un beau pays\u00a0\u00bb, ajoutent-ils, estimant que le discours ambiant tend parfois \u00e0 exag\u00e9rer le catastrophisme.<\/p>\n<p><strong>Cl\u00e9ment<\/strong>, en revanche, ne se voit pas revenir. Parti s\u2019installer \u00e0 Toronto en 2023, il dit avoir \u00e9t\u00e9 profond\u00e9ment \u00ab\u00a0\u00e9c\u0153ur\u00e9\u00a0\u00bb par la situation politique fran\u00e7aise, \u00e9voquant un \u00ab\u00a0grand n\u2019importe quoi\u00a0\u00bb et le sentiment d\u2019\u00eatre repr\u00e9sent\u00e9 par des responsables qui ne lui ressemblent pas. \u00ab\u00a0Un cap a \u00e9t\u00e9 franchi\u00a0\u00bb, estime-t-il. \u00ab\u00a0La fracture est vraiment visible.\u00a0\u00bb<\/p>\n<p>Selon Gallup, le lien entre d\u00e9fiance institutionnelle et d\u00e9sir de d\u00e9part est clair : pr\u00e8s d\u2019un Fran\u00e7ais sur deux ayant peu ou pas confiance dans les institutions dit vouloir quitter le pays, contre une proportion bien moindre parmi ceux qui conservent un niveau de confiance \u00e9lev\u00e9.<\/p>\n<p>Alors que le mandat d\u2019Emmanuel Macron s\u2019ach\u00e8vera en 2027, l\u2019enjeu pour son successeur sera immense : reconstruire une confiance publique profond\u00e9ment \u00e9rod\u00e9e.<\/p>\n<p><strong>Alexander Kazakevich a contribu\u00e9 \u00e0 cet article.<\/strong><\/p>\n","protected":false},"excerpt":{"rendered":"Julien* (pr\u00e9nom a \u00e9t\u00e9 modifi\u00e9), a quitt\u00e9 Paris en d\u00e9c\u00e9mbre. \u00ab\u00a0Je ne me sentais plus heureux en France\u00a0\u00bb,&hellip;\n","protected":false},"author":2,"featured_media":621013,"comment_status":"","ping_status":"","sticky":false,"template":"","format":"standard","meta":{"footnotes":""},"categories":[4],"tags":[11,11947,22728,1011,27,12,13811,25,13947],"class_list":{"0":"post-621012","1":"post","2":"type-post","3":"status-publish","4":"format-standard","5":"has-post-thumbnail","7":"category-france","8":"tag-actualites","9":"tag-economie-francaise","10":"tag-expatries","11":"tag-fr","12":"tag-france","13":"tag-news","14":"tag-politique-francaise","15":"tag-republique-francaise","16":"tag-sondage"},"share_on_mastodon":{"url":"https:\/\/pubeurope.com\/@fr\/115778570522586937","error":""},"_links":{"self":[{"href":"https:\/\/www.europesays.com\/fr\/wp-json\/wp\/v2\/posts\/621012","targetHints":{"allow":["GET"]}}],"collection":[{"href":"https:\/\/www.europesays.com\/fr\/wp-json\/wp\/v2\/posts"}],"about":[{"href":"https:\/\/www.europesays.com\/fr\/wp-json\/wp\/v2\/types\/post"}],"author":[{"embeddable":true,"href":"https:\/\/www.europesays.com\/fr\/wp-json\/wp\/v2\/users\/2"}],"replies":[{"embeddable":true,"href":"https:\/\/www.europesays.com\/fr\/wp-json\/wp\/v2\/comments?post=621012"}],"version-history":[{"count":0,"href":"https:\/\/www.europesays.com\/fr\/wp-json\/wp\/v2\/posts\/621012\/revisions"}],"wp:featuredmedia":[{"embeddable":true,"href":"https:\/\/www.europesays.com\/fr\/wp-json\/wp\/v2\/media\/621013"}],"wp:attachment":[{"href":"https:\/\/www.europesays.com\/fr\/wp-json\/wp\/v2\/media?parent=621012"}],"wp:term":[{"taxonomy":"category","embeddable":true,"href":"https:\/\/www.europesays.com\/fr\/wp-json\/wp\/v2\/categories?post=621012"},{"taxonomy":"post_tag","embeddable":true,"href":"https:\/\/www.europesays.com\/fr\/wp-json\/wp\/v2\/tags?post=621012"}],"curies":[{"name":"wp","href":"https:\/\/api.w.org\/{rel}","templated":true}]}}