{"id":621014,"date":"2025-12-25T05:32:20","date_gmt":"2025-12-25T05:32:20","guid":{"rendered":"https:\/\/www.europesays.com\/fr\/621014\/"},"modified":"2025-12-25T05:32:20","modified_gmt":"2025-12-25T05:32:20","slug":"endrick-a-lol-meme-textor-sen-mele","status":"publish","type":"post","link":"https:\/\/www.europesays.com\/fr\/621014\/","title":{"rendered":"Endrick \u00e0 l\u2019OL ? M\u00eame Textor s\u2019en m\u00eale"},"content":{"rendered":"<p>                            <img width=\"770\" height=\"433\" src=\"https:\/\/www.europesays.com\/fr\/wp-content\/uploads\/2025\/12\/Capture-decran-2025-12-23-a-17.31.47-770x433.jpg\" class=\"attachment-article size-article wp-post-image\" alt=\"Endrick sous le maillot de l'OL\" decoding=\"async\" fetchpriority=\"high\"  \/><\/p>\n<p>Endrick sous le maillot de l\u2019OL (@OL)<\/p>\n<p>L\u2019arriv\u00e9e d\u2019Endrick \u00e0 l\u2019OL n\u2019a laiss\u00e9 personne indiff\u00e9rent. Pas m\u00eame John Textor qui a trouv\u00e9 un moyen de se rappeler aux (mauvais) souvenirs des supporters lyonnais.<\/p>\n<p>Avec douze millions de vues en moins de vingt-quatre heures, l\u2019annonce de l\u2019arriv\u00e9e\u00a0<strong>d\u2019Endrick<\/strong>\u00a0a \u00e9t\u00e9<a href=\"https:\/\/www.olympique-et-lyonnais.com\/benzema-paqueta-chiffres-record-larrivee-dendrick-a-lol-cartonne,387295.html\" target=\"_blank\" rel=\"noopener\">\u00a0un v\u00e9ritable carton\u00a0<\/a>pour l\u2019<strong>OL<\/strong>. Le ph\u00e9nom\u00e8ne autour de l\u2019attaquant br\u00e9silien n\u2019en est qu\u2019\u00e0 ses d\u00e9buts et il ne reste plus qu\u2019\u00e0 esp\u00e9rer que cet engouement se traduise par une r\u00e9ussite sur le terrain \u00e9galement. Toutefois, voir l\u2019international auriverde d\u00e9barquer en provenance du\u00a0<strong>Real Madrid<\/strong>\u00a0a d\u00e9clench\u00e9 des r\u00e9actions en cha\u00eene. Entre co\u00e9quipiers madril\u00e8nes, compatriotes de s\u00e9lection ou tout simplement stars du ballon rond comme Karim\u00a0<strong><a href=\"https:\/\/www.olympique-et-lyonnais.com\/mercato-benzema-sexprime-sur-un-possible-retour-a-lol,386511.html\" target=\"_blank\" rel=\"noopener\">Benzema<\/a><\/strong>, tout le monde voit cette association<strong>\u00a0OL &#8211; Endrick<\/strong>\u00a0avec un grand plaisir. Face \u00e0 ce gros coup, John\u00a0<strong>Textor<\/strong>\u00a0ne pouvait bien \u00e9videmment pas rester de marbre, pour rappeler qu\u2019il \u00e9tait toujours l\u00e0.<\/p>\n<p>\u00ab\u00a0Br\u00e9sil et France&#8230; \u00c0 Lyon, la tradition se perp\u00e9tue. Allez l&rsquo;OL\u00a0!\u00a0\u00bb<\/p>\n<p>Quelques jours apr\u00e8s qu&rsquo;il a tent\u00e9 de donner sa version personnelle de son passage entre Rh\u00f4ne et Sa\u00f4ne, l\u2019homme d\u2019affaires am\u00e9ricain ne veut d\u00e9cid\u00e9ment pas quitter la sc\u00e8ne, comme une preuve qu\u2019il en faudra beaucoup pour le mettre \u00e0 la porte. Dans un message sur son compte\u00a0Instagram, Textor n\u2019a pas manqu\u00e9 de faire \u00e9cho aux liens entre l\u2019OL et le Br\u00e9sil, sous entendant aussi la synergie qui a pu exister un temps avec Botafogo.\u00a0\u00ab\u00a0Br\u00e9sil et France&#8230; \u00c0 Lyon, la tradition se perp\u00e9tue. Allez l&rsquo;OL\u00a0!\u00a0\u00bb\u00a0Mais sans faire offense \u00e0 l\u2019Am\u00e9ricain, l&rsquo;histoire se souviendra bien plus de Sonny\u00a0<strong>Anderson<\/strong>,\u00a0<strong>Cris<\/strong>\u00a0ou\u00a0<strong>Marcelo<\/strong>\u00a0(le premier) que des six mois de\u00a0<strong>Thiago Almada<\/strong>.<\/p>\n","protected":false},"excerpt":{"rendered":"Endrick sous le maillot de l\u2019OL (@OL) L\u2019arriv\u00e9e d\u2019Endrick \u00e0 l\u2019OL n\u2019a laiss\u00e9 personne indiff\u00e9rent. Pas m\u00eame John&hellip;\n","protected":false},"author":2,"featured_media":621015,"comment_status":"","ping_status":"","sticky":false,"template":"","format":"standard","meta":{"footnotes":""},"categories":[2],"tags":[11,1011,27,66,1434,12,241,978],"class_list":{"0":"post-621014","1":"post","2":"type-post","3":"status-publish","4":"format-standard","5":"has-post-thumbnail","7":"category-actualites","8":"tag-actualites","9":"tag-fr","10":"tag-france","11":"tag-ligue-1","12":"tag-mercato","13":"tag-news","14":"tag-ol","15":"tag-olympique-lyonnais"},"share_on_mastodon":{"url":"https:\/\/pubeurope.com\/@fr\/115778575256165069","error":""},"_links":{"self":[{"href":"https:\/\/www.europesays.com\/fr\/wp-json\/wp\/v2\/posts\/621014","targetHints":{"allow":["GET"]}}],"collection":[{"href":"https:\/\/www.europesays.com\/fr\/wp-json\/wp\/v2\/posts"}],"about":[{"href":"https:\/\/www.europesays.com\/fr\/wp-json\/wp\/v2\/types\/post"}],"author":[{"embeddable":true,"href":"https:\/\/www.europesays.com\/fr\/wp-json\/wp\/v2\/users\/2"}],"replies":[{"embeddable":true,"href":"https:\/\/www.europesays.com\/fr\/wp-json\/wp\/v2\/comments?post=621014"}],"version-history":[{"count":0,"href":"https:\/\/www.europesays.com\/fr\/wp-json\/wp\/v2\/posts\/621014\/revisions"}],"wp:featuredmedia":[{"embeddable":true,"href":"https:\/\/www.europesays.com\/fr\/wp-json\/wp\/v2\/media\/621015"}],"wp:attachment":[{"href":"https:\/\/www.europesays.com\/fr\/wp-json\/wp\/v2\/media?parent=621014"}],"wp:term":[{"taxonomy":"category","embeddable":true,"href":"https:\/\/www.europesays.com\/fr\/wp-json\/wp\/v2\/categories?post=621014"},{"taxonomy":"post_tag","embeddable":true,"href":"https:\/\/www.europesays.com\/fr\/wp-json\/wp\/v2\/tags?post=621014"}],"curies":[{"name":"wp","href":"https:\/\/api.w.org\/{rel}","templated":true}]}}