{"id":621028,"date":"2025-12-25T05:52:31","date_gmt":"2025-12-25T05:52:31","guid":{"rendered":"https:\/\/www.europesays.com\/fr\/621028\/"},"modified":"2025-12-25T05:52:31","modified_gmt":"2025-12-25T05:52:31","slug":"grenoble-lhomme-menacant-avec-un-couteau-blesse-par-la-police-interne-en-psychiatrie","status":"publish","type":"post","link":"https:\/\/www.europesays.com\/fr\/621028\/","title":{"rendered":"Grenoble. L&rsquo;homme mena\u00e7ant avec un couteau bless\u00e9 par la police intern\u00e9 en psychiatrie"},"content":{"rendered":"<p>Un homme qui avait \u00e9t\u00e9 <a href=\"https:\/\/www.leprogres.fr\/faits-divers-justice\/2025\/12\/22\/un-homme-arme-d-un-couteau-blesse-par-la-police-dans-le-centre-ville-de-grenoble\" target=\"_blank\" rel=\"noopener\">bless\u00e9 par balles lundi \u00e0 Grenoble<\/a> par un policier apr\u00e8s l&rsquo;avoir menac\u00e9 avec un couteau a \u00e9t\u00e9 intern\u00e9 dans un service psychiatrique au terme de sa garde \u00e0 vue, a indiqu\u00e9 mercredi le parquet de la ville.<\/p>\n<p>La garde \u00e0 vue du suspect, \u00e2g\u00e9 de 34 ans, a \u00e9t\u00e9 lev\u00e9e mercredi soir, \u00ab l&rsquo;int\u00e9ress\u00e9 ayant fait l&rsquo;objet \u00bb d&rsquo;un placement en soins psychiatriques sur d\u00e9cision du repr\u00e9sentant de l&rsquo;Etat (SPDRE), a pr\u00e9cis\u00e9 dans un communiqu\u00e9 In\u00e8s Delay, procureure-adjointe.<\/p>\n<p>Bless\u00e9 \u00e0 la main et au thorax<\/p>\n<p>L&rsquo;homme avait menac\u00e9 lundi avec un couteau le personnel d&rsquo;une auto-\u00e9cole dont il \u00e9tait client pour protester contre son exclusion r\u00e9cente. Celle-ci avait d\u00e9cid\u00e9e en raison de violences r\u00e9centes qu&rsquo;il avait commises contre le personnel et qui faisaient l&rsquo;objet d&rsquo;une enqu\u00eate, selon le parquet.<\/p>\n<p>A l&rsquo;arriv\u00e9e des policiers appel\u00e9s par l&rsquo;auto-\u00e9cole, le suspect avait pris la fuite. Poursuivi par les fonctionnaires, il avait tent\u00e9 de porter des coups de couteau aux policiers dont l&rsquo;un avait tir\u00e9 deux fois, le blessant \u00e0 une main et au thorax.<\/p>\n<p>L&rsquo;homme \u00e9tait d\u00e9j\u00e0 connu pour des violences depuis 2017 mais qui avaient \u00e9t\u00e9 class\u00e9es sans suite \u00ab pour la plupart, compte tenu de son \u00e9tat psychiatrique \u00bb, avait indiqu\u00e9 In\u00e8s Delay.<\/p>\n","protected":false},"excerpt":{"rendered":"Un homme qui avait \u00e9t\u00e9 bless\u00e9 par balles lundi \u00e0 Grenoble par un policier apr\u00e8s l&rsquo;avoir menac\u00e9 avec&hellip;\n","protected":false},"author":2,"featured_media":621029,"comment_status":"","ping_status":"","sticky":false,"template":"","format":"standard","meta":{"footnotes":""},"categories":[9566],"tags":[1111,11,2430,271,272,1777,674,274,107,1011,27,329,2731,12,25],"class_list":{"0":"post-621028","1":"post","2":"type-post","3":"status-publish","4":"format-standard","5":"has-post-thumbnail","7":"category-grenoble","8":"tag-actu","9":"tag-actualites","10":"tag-auvergne-rhone-alpes","11":"tag-crime","12":"tag-delit-et-contravention","13":"tag-eu","14":"tag-europe","15":"tag-faits-divers-justice","16":"tag-fil-info","17":"tag-fr","18":"tag-france","19":"tag-france-monde","20":"tag-grenoble","21":"tag-news","22":"tag-republique-francaise"},"share_on_mastodon":{"url":"https:\/\/pubeurope.com\/@fr\/115778653103338789","error":""},"_links":{"self":[{"href":"https:\/\/www.europesays.com\/fr\/wp-json\/wp\/v2\/posts\/621028","targetHints":{"allow":["GET"]}}],"collection":[{"href":"https:\/\/www.europesays.com\/fr\/wp-json\/wp\/v2\/posts"}],"about":[{"href":"https:\/\/www.europesays.com\/fr\/wp-json\/wp\/v2\/types\/post"}],"author":[{"embeddable":true,"href":"https:\/\/www.europesays.com\/fr\/wp-json\/wp\/v2\/users\/2"}],"replies":[{"embeddable":true,"href":"https:\/\/www.europesays.com\/fr\/wp-json\/wp\/v2\/comments?post=621028"}],"version-history":[{"count":0,"href":"https:\/\/www.europesays.com\/fr\/wp-json\/wp\/v2\/posts\/621028\/revisions"}],"wp:featuredmedia":[{"embeddable":true,"href":"https:\/\/www.europesays.com\/fr\/wp-json\/wp\/v2\/media\/621029"}],"wp:attachment":[{"href":"https:\/\/www.europesays.com\/fr\/wp-json\/wp\/v2\/media?parent=621028"}],"wp:term":[{"taxonomy":"category","embeddable":true,"href":"https:\/\/www.europesays.com\/fr\/wp-json\/wp\/v2\/categories?post=621028"},{"taxonomy":"post_tag","embeddable":true,"href":"https:\/\/www.europesays.com\/fr\/wp-json\/wp\/v2\/tags?post=621028"}],"curies":[{"name":"wp","href":"https:\/\/api.w.org\/{rel}","templated":true}]}}