{"id":621036,"date":"2025-12-25T05:57:42","date_gmt":"2025-12-25T05:57:42","guid":{"rendered":"https:\/\/www.europesays.com\/fr\/621036\/"},"modified":"2025-12-25T05:57:42","modified_gmt":"2025-12-25T05:57:42","slug":"basket-ball-la-sig-veut-gater-ses-supporters-ce-vendredi-pour-la-reception-de-limoges","status":"publish","type":"post","link":"https:\/\/www.europesays.com\/fr\/621036\/","title":{"rendered":"Basket-ball. La SIG veut g\u00e2ter ses supporters ce vendredi pour la r\u00e9ception de\u00a0Limoges"},"content":{"rendered":"<p>Les Strasbourgeois se laisseront-ils aller \u00e0 quelques exc\u00e8s, ce jeudi durant le repas de No\u00ebl\u200a? On n\u2019a pas pu s\u2019emp\u00eacher de poser la question \u00e0 Abdoulaye Ndoye, mardi apr\u00e8s l\u2019entra\u00eenement.<\/p>\n<p>\u00ab\u200aNous sommes d\u2019assez grands gar\u00e7ons pour pouvoir g\u00e9rer \u00e7a, r\u00e9pond l\u2019arri\u00e8re de 27 ans. Si tu as envie de venir gros, tu viendras gros, mais si tu n\u2019es pas performant, ce sera ton probl\u00e8me (sourire).\u200a\u00bb\u00a0<\/p>\n<p>Une semaine de coupure, \u00ab\u00a0ce n&rsquo;est b\u00e9n\u00e9fique pour personne\u00a0\u00bb<\/p>\n<p>\u00a0Le sujet n\u2019est pas si l\u00e9ger qu\u2019il n\u2019y para\u00eet. Il fait en tout cas moyennement rigoler Janis Gailitis, le coach de la SIG, qui ne&#8230;<\/p>\n","protected":false},"excerpt":{"rendered":"Les Strasbourgeois se laisseront-ils aller \u00e0 quelques exc\u00e8s, ce jeudi durant le repas de No\u00ebl\u200a? On n\u2019a pas&hellip;\n","protected":false},"author":2,"featured_media":621037,"comment_status":"","ping_status":"","sticky":false,"template":"","format":"standard","meta":{"footnotes":""},"categories":[2820],"tags":[1111,11,2389,2649,1791,1777,674,107,1011,27,775,12,25,3543,517,640],"class_list":{"0":"post-621036","1":"post","2":"type-post","3":"status-publish","4":"format-standard","5":"has-post-thumbnail","7":"category-strasbourg","8":"tag-actu","9":"tag-actualites","10":"tag-alsace","11":"tag-bas-rhin","12":"tag-basket-ball","13":"tag-eu","14":"tag-europe","15":"tag-fil-info","16":"tag-fr","17":"tag-france","18":"tag-grand-est","19":"tag-news","20":"tag-republique-francaise","21":"tag-sig-strasbourg","22":"tag-sport","23":"tag-strasbourg"},"share_on_mastodon":{"url":"https:\/\/pubeurope.com\/@fr\/115778672564385015","error":""},"_links":{"self":[{"href":"https:\/\/www.europesays.com\/fr\/wp-json\/wp\/v2\/posts\/621036","targetHints":{"allow":["GET"]}}],"collection":[{"href":"https:\/\/www.europesays.com\/fr\/wp-json\/wp\/v2\/posts"}],"about":[{"href":"https:\/\/www.europesays.com\/fr\/wp-json\/wp\/v2\/types\/post"}],"author":[{"embeddable":true,"href":"https:\/\/www.europesays.com\/fr\/wp-json\/wp\/v2\/users\/2"}],"replies":[{"embeddable":true,"href":"https:\/\/www.europesays.com\/fr\/wp-json\/wp\/v2\/comments?post=621036"}],"version-history":[{"count":0,"href":"https:\/\/www.europesays.com\/fr\/wp-json\/wp\/v2\/posts\/621036\/revisions"}],"wp:featuredmedia":[{"embeddable":true,"href":"https:\/\/www.europesays.com\/fr\/wp-json\/wp\/v2\/media\/621037"}],"wp:attachment":[{"href":"https:\/\/www.europesays.com\/fr\/wp-json\/wp\/v2\/media?parent=621036"}],"wp:term":[{"taxonomy":"category","embeddable":true,"href":"https:\/\/www.europesays.com\/fr\/wp-json\/wp\/v2\/categories?post=621036"},{"taxonomy":"post_tag","embeddable":true,"href":"https:\/\/www.europesays.com\/fr\/wp-json\/wp\/v2\/tags?post=621036"}],"curies":[{"name":"wp","href":"https:\/\/api.w.org\/{rel}","templated":true}]}}