{"id":621038,"date":"2025-12-25T05:59:14","date_gmt":"2025-12-25T05:59:14","guid":{"rendered":"https:\/\/www.europesays.com\/fr\/621038\/"},"modified":"2025-12-25T05:59:14","modified_gmt":"2025-12-25T05:59:14","slug":"le-message-de-noel-de-mgr-jean-philippe-nault-eveque-de-nice","status":"publish","type":"post","link":"https:\/\/www.europesays.com\/fr\/621038\/","title":{"rendered":"le message de No\u00ebl de Mgr Jean-Philippe Nault, \u00e9v\u00eaque de Nice"},"content":{"rendered":"<p class=\"fs-5 \">Ce jeudi 25\u00a0d\u00e9cembre, le jour la f\u00eate qui c\u00e9l\u00e8bre la naissance du Christ, l\u2019\u00e9v\u00e8que de Nice Mgr Jean Philippe Nault d\u00e9livre son message de joie \u00e0 ses fid\u00e8les.<\/p>\n<p class=\"fs-5 \">\u00ab\u00a0No\u00ebl est l\u00e0 avec son cort\u00e8ge d\u2019illuminations ou d\u2019animations tout autour de nous, mais surtout avec ses rencontres, principalement familiales, qui r\u00e9jouissent le c\u0153ur. Toutefois, pour plusieurs d\u2019entre nous, ces p\u00e9riodes festives mettent aussi en relief une douloureuse solitude ou la m\u00e9moire d\u2019une \u00e9preuve, quelle qu\u2019elle soit.<\/p>\n<p class=\"fs-5 \">Aussi, <strong>il nous faut souligner le vrai sens de No\u00ebl<\/strong>, et non celui de seule \u201cf\u00eate de fin d\u2019ann\u00e9e\u201d comme cela semble se r\u00e9pandre aujourd\u2019hui. No\u00ebl n\u2019est pas une f\u00eate qui risque d\u2019\u00e9carter ceux qui ne peuvent ou ne veulent s\u2019y joindre, <strong>No\u00ebl est d\u2019abord un message adress\u00e9 \u00e0 tous<\/strong>.<\/p>\n<p class=\"fs-5 \">Pour les chr\u00e9tiens, et pour tous ceux qui partagent leur histoire, <strong>No\u00ebl fait m\u00e9moire de la naissance de J\u00e9sus, il y a 2000 ans \u00e0 Bethl\u00e9em<\/strong>. C\u2019est un des \u00e9v\u00e9nements fondateur du christianisme et un marqueur cl\u00e9 de l\u2019histoire de l\u2019humanit\u00e9 : J\u00e9sus est le Messie attendu depuis des si\u00e8cles, le Sauveur du monde qui vient au-devant de l\u2019humanit\u00e9 bless\u00e9e pour lui rendre sa dignit\u00e9 et sa Joie. \u00c0 No\u00ebl, cet enfant entre les bras de sa M\u00e8re est, pour les chr\u00e9tiens, le Fils de Dieu venu habiter parmi nous.<\/p>\n<p class=\"fs-5 \">Le sens de No\u00ebl n\u2019est donc ni commercial, ni seulement festif, ni m\u00eame exclusivement familial ; il nous rappelle un \u00e9v\u00e9nement de l\u2019histoire des hommes qui a marqu\u00e9 les choix et les orientations de l\u2019humanit\u00e9 depuis 2000 ans. Comptabilis\u00e9 depuis le jour de cette naissance pauvre et humble dans une grotte de Bethl\u00e9em, l\u2019\u00e8re chr\u00e9tienne d\u00e9bute et marque la trace de Dieu dans la vie des hommes et du monde.<\/p>\n<p class=\"fs-5 \"><strong>No\u00ebl est porteur de sens<\/strong> ; un sens \u00e0 la fois comme une direction qui est donn\u00e9e et comme signification apport\u00e9e ; No\u00ebl donne de l\u2019\u00e9paisseur et de la grandeur \u00e0 la dignit\u00e9 humaine puisque Dieu lui-m\u00eame a choisi de partager cette condition. No\u00ebl nous montre que Dieu s\u2019est rendu proche pour partager nos joies et nos peines, et nous redire combien chacun a du prix \u00e0 ses yeux, quelle que soit son histoire ou sa vie.<\/p>\n<p class=\"fs-5 \"><strong>No\u00ebl rassemble donc \u00e0 la fois la simplicit\u00e9 de la cr\u00e8che et le sens que Dieu y apporte.<\/strong> Beaucoup plus qu\u2019une op\u00e9ration commerciale, la joie de No\u00ebl est donc porteuse d\u2019Esp\u00e9rance. No\u00ebl, c\u2019est l\u2019infini de Dieu qui rejoint nos pauvret\u00e9s pour donner sens \u00e0 ce que je suis. Avec Lui, tout devient possible si nous mettons ensemble Amour et V\u00e9rit\u00e9. Ces deux mots, transmis par la Bible, se rejoignent en J\u00e9sus et sont un appel \u00e0 Le suivre. En regardant cet enfant dans la Cr\u00e8che, nous ressentons un appel \u00e0 nous d\u00e9passer pour qu\u2019Amour et V\u00e9rit\u00e9 r\u00e9unis prennent le dessus en chacun de nous et dans l\u2019histoire des hommes.<\/p>\n<p class=\"fs-5 \"><strong>Belle et joyeuse f\u00eate de No\u00ebl \u00e0 chacun<\/strong> ; que l\u2019Enfant de la Cr\u00e8che soit notre Joie !\u00a0\u00bb<\/p>\n","protected":false},"excerpt":{"rendered":"Ce jeudi 25\u00a0d\u00e9cembre, le jour la f\u00eate qui c\u00e9l\u00e8bre la naissance du Christ, l\u2019\u00e9v\u00e8que de Nice Mgr Jean&hellip;\n","protected":false},"author":2,"featured_media":621039,"comment_status":"","ping_status":"","sticky":false,"template":"","format":"standard","meta":{"footnotes":""},"categories":[2819],"tags":[1111,11,1777,674,1011,27,12,2401,882,25],"class_list":{"0":"post-621038","1":"post","2":"type-post","3":"status-publish","4":"format-standard","5":"has-post-thumbnail","7":"category-nice","8":"tag-actu","9":"tag-actualites","10":"tag-eu","11":"tag-europe","12":"tag-fr","13":"tag-france","14":"tag-news","15":"tag-nice","16":"tag-provence-alpes-cote-dazur","17":"tag-republique-francaise"},"share_on_mastodon":{"url":"https:\/\/pubeurope.com\/@fr\/115778680595522966","error":""},"_links":{"self":[{"href":"https:\/\/www.europesays.com\/fr\/wp-json\/wp\/v2\/posts\/621038","targetHints":{"allow":["GET"]}}],"collection":[{"href":"https:\/\/www.europesays.com\/fr\/wp-json\/wp\/v2\/posts"}],"about":[{"href":"https:\/\/www.europesays.com\/fr\/wp-json\/wp\/v2\/types\/post"}],"author":[{"embeddable":true,"href":"https:\/\/www.europesays.com\/fr\/wp-json\/wp\/v2\/users\/2"}],"replies":[{"embeddable":true,"href":"https:\/\/www.europesays.com\/fr\/wp-json\/wp\/v2\/comments?post=621038"}],"version-history":[{"count":0,"href":"https:\/\/www.europesays.com\/fr\/wp-json\/wp\/v2\/posts\/621038\/revisions"}],"wp:featuredmedia":[{"embeddable":true,"href":"https:\/\/www.europesays.com\/fr\/wp-json\/wp\/v2\/media\/621039"}],"wp:attachment":[{"href":"https:\/\/www.europesays.com\/fr\/wp-json\/wp\/v2\/media?parent=621038"}],"wp:term":[{"taxonomy":"category","embeddable":true,"href":"https:\/\/www.europesays.com\/fr\/wp-json\/wp\/v2\/categories?post=621038"},{"taxonomy":"post_tag","embeddable":true,"href":"https:\/\/www.europesays.com\/fr\/wp-json\/wp\/v2\/tags?post=621038"}],"curies":[{"name":"wp","href":"https:\/\/api.w.org\/{rel}","templated":true}]}}