{"id":621040,"date":"2025-12-25T06:00:18","date_gmt":"2025-12-25T06:00:18","guid":{"rendered":"https:\/\/www.europesays.com\/fr\/621040\/"},"modified":"2025-12-25T06:00:18","modified_gmt":"2025-12-25T06:00:18","slug":"la-minute-rouge-et-noir-retour-sur-le-match-stade-briochin-ogc-nice-2-1","status":"publish","type":"post","link":"https:\/\/www.europesays.com\/fr\/621040\/","title":{"rendered":"La minute Rouge et Noir\u00a0: retour sur le match Stade Briochin &#8211; OGC Nice (2-1)"},"content":{"rendered":"<p>Avant de basculer vers 2026 et de regarder devant avec le Gym, on rembobine l&rsquo;ann\u00e9e \u00e9coul\u00e9e avec les matchs qui ont marqu\u00e9 les esprits. Retour ce jeudi sur la triste \u00e9limination \u00e0 St-Brieuc en Coupe de France.<\/p>\n<p>D\u00e9sol\u00e9, c&rsquo;est pas un cadeau en ce matin de No\u00ebl. Mais quelques jours apr\u00e8s ce succ\u00e8s majuscule face a l\u2019OM, le Gym arrive en Bretagne pour conserver sa nouvelle dynamique et surtout effacer la d\u00e9ception europ\u00e9enne en misant sur une autre Coupe. Celle qui emm\u00e8ne les pros chaque saison dans les odeurs de barbecue et de galettes saucisses en l\u2019occurrence. Succulentes pour le coup. Au contraire de ce 8e de finale qui tourne au vinaigre sur la pelouse face au pensionnaire de National 2, qui joue avec des comptables et des avocats et va finir par braquer la banque en fin de match quand un courtier en assurance claque un improbable doubl\u00e9 pour renverser le Gym.<\/p>\n<p>Des Aiglons qui pensaient bien avoir fait le plus dur en ouvrant le score par Louchet \u00e0 l\u2019heure de jeu. Mais les Ni\u00e7ois n\u2019avaient pas les yeux en face des trous et apr\u00e8s le calvaire en Europa Ligue c\u2019est un nouveau fiasco qui vient entacher, pour de bon, cette saison qui aurait pu \u00eatre totalement r\u00e9ussie avec un beau parcours en Coupe et qui restera mitig\u00e9e, forc\u00e9ment, quand le Gym ne sait prendre que des coups en Coupe.<\/p>\n<p>Alors que la plupart des gros bras de la Ligue 1 avaient d\u00e9j\u00e0 fini au tapis, on s\u2019\u00e9tait dit que \u00e7a pouvait nous ramener au stade de france cette histoire. Mais Nice n\u2019a pas fait mieux que les autres et laiss\u00e9 le PSG se pencher pour ramasser cette Coupe de France que personne ne voulait visiblement ici. Allez joyeux No\u00ebl quand m\u00eame\u00a0!<\/p>\n<p>\u00c0 lire aussi   <img decoding=\"async\" src=\"https:\/\/www.europesays.com\/fr\/wp-content\/uploads\/2025\/12\/1766642418_183_400x400\" alt=\"\" style=\"--_image-preview:url('data:image\/jpeg;base64,\/9j\/2wBDACgcHiMeGSgjISMtKygwPGRBPDc3PHtYXUlkkYCZlo+AjIqgtObDoKrarYqMyP\/L2u71\/\/\/\/m8H\/\/\/\/6\/+b9\/\/j\/2wBDASstLTw1PHZBQXb4pYyl+Pj4+Pj4+Pj4+Pj4+Pj4+Pj4+Pj4+Pj4+Pj4+Pj4+Pj4+Pj4+Pj4+Pj4+Pj4+Pj4+Pj\/wAARCAAXACoDASIAAhEBAxEB\/8QAFwABAQEBAAAAAAAAAAAAAAAAAAIBA\/\/EABYQAQEBAAAAAAAAAAAAAAAAAAABEf\/EABYBAQEBAAAAAAAAAAAAAAAAAAIBA\/\/EABgRAQEBAQEAAAAAAAAAAAAAAAABERIC\/9oADAMBAAIRAxEAPwCNZpU62tYSLlbrnKqUei5VrNZrNHSwqKC1PJKqUAaNtToKj\/\/Z');\" loading=\"lazy\" fetchpriority=\"low\" aria-hidden=\"true\" class=\"svelte-1cksh76 rounded\" onload=\"this.__e=event\" onerror=\"this.__e=event\"\/><\/p>\n","protected":false},"excerpt":{"rendered":"Avant de basculer vers 2026 et de regarder devant avec le Gym, on rembobine l&rsquo;ann\u00e9e \u00e9coul\u00e9e avec les&hellip;\n","protected":false},"author":2,"featured_media":621041,"comment_status":"","ping_status":"","sticky":false,"template":"","format":"standard","meta":{"footnotes":""},"categories":[2819],"tags":[1111,11,1777,674,1011,27,12,2401,882,25],"class_list":{"0":"post-621040","1":"post","2":"type-post","3":"status-publish","4":"format-standard","5":"has-post-thumbnail","7":"category-nice","8":"tag-actu","9":"tag-actualites","10":"tag-eu","11":"tag-europe","12":"tag-fr","13":"tag-france","14":"tag-news","15":"tag-nice","16":"tag-provence-alpes-cote-dazur","17":"tag-republique-francaise"},"share_on_mastodon":{"url":"https:\/\/pubeurope.com\/@fr\/115778685283242309","error":""},"_links":{"self":[{"href":"https:\/\/www.europesays.com\/fr\/wp-json\/wp\/v2\/posts\/621040","targetHints":{"allow":["GET"]}}],"collection":[{"href":"https:\/\/www.europesays.com\/fr\/wp-json\/wp\/v2\/posts"}],"about":[{"href":"https:\/\/www.europesays.com\/fr\/wp-json\/wp\/v2\/types\/post"}],"author":[{"embeddable":true,"href":"https:\/\/www.europesays.com\/fr\/wp-json\/wp\/v2\/users\/2"}],"replies":[{"embeddable":true,"href":"https:\/\/www.europesays.com\/fr\/wp-json\/wp\/v2\/comments?post=621040"}],"version-history":[{"count":0,"href":"https:\/\/www.europesays.com\/fr\/wp-json\/wp\/v2\/posts\/621040\/revisions"}],"wp:featuredmedia":[{"embeddable":true,"href":"https:\/\/www.europesays.com\/fr\/wp-json\/wp\/v2\/media\/621041"}],"wp:attachment":[{"href":"https:\/\/www.europesays.com\/fr\/wp-json\/wp\/v2\/media?parent=621040"}],"wp:term":[{"taxonomy":"category","embeddable":true,"href":"https:\/\/www.europesays.com\/fr\/wp-json\/wp\/v2\/categories?post=621040"},{"taxonomy":"post_tag","embeddable":true,"href":"https:\/\/www.europesays.com\/fr\/wp-json\/wp\/v2\/tags?post=621040"}],"curies":[{"name":"wp","href":"https:\/\/api.w.org\/{rel}","templated":true}]}}