{"id":62105,"date":"2025-04-29T15:27:14","date_gmt":"2025-04-29T15:27:14","guid":{"rendered":"https:\/\/www.europesays.com\/fr\/62105\/"},"modified":"2025-04-29T15:27:14","modified_gmt":"2025-04-29T15:27:14","slug":"sarangbang-rencontre-10-mai-au-melies-a-saint-etienne-vie-associative-les-sorties-et-loisirs","status":"publish","type":"post","link":"https:\/\/www.europesays.com\/fr\/62105\/","title":{"rendered":"Sarangbang rencontre 10 mai au M\u00e9li\u00e8s \u00e0 Saint-Etienne &#8211; Vie associative &#8211; &#8211; Les sorties et loisirs"},"content":{"rendered":"<p>L&rsquo;association franco-cor\u00e9enne HANASSO organise sa prochaine rencontre mensuelle (Sarangbang) le 10 mai \u00e0 14h30 au M\u00e9li\u00e8s Caf\u00e9 \u00e0 Saint-Etienne. <br \/>Nous vous proposons cette fois-ci un \u00e9change sur le th\u00e8me suivant :\u00a0\u00bbHistoire de la Cor\u00e9e de 1950 \u00e0 2025 &#8211; fin de la guerre, r\u00e9voltes, tentative de coup d&rsquo;Etat, d\u00e9mocratie\u00a0\u00bb.<br \/>Nous vous esp\u00e9rons nombreux !!!<br \/>Nous suivre sur nos RS : <br \/>IG : hanasso4243<br \/>FB : Hanasso \ud55c\uc544\uc3d8<\/p>\n","protected":false},"excerpt":{"rendered":"L&rsquo;association franco-cor\u00e9enne HANASSO organise sa prochaine rencontre mensuelle (Sarangbang) le 10 mai \u00e0 14h30 au M\u00e9li\u00e8s Caf\u00e9 \u00e0&hellip;\n","protected":false},"author":2,"featured_media":62106,"comment_status":"","ping_status":"","sticky":false,"template":"","format":"standard","meta":{"footnotes":""},"categories":[9653],"tags":[1111,2281,11,2430,1777,674,2282,1011,27,2280,2284,2285,2283,12,25,4001],"class_list":{"0":"post-62105","1":"post","2":"type-post","3":"status-publish","4":"format-standard","5":"has-post-thumbnail","7":"category-saint-etienne","8":"tag-actu","9":"tag-actualite-43","10":"tag-actualites","11":"tag-auvergne-rhone-alpes","12":"tag-eu","13":"tag-europe","14":"tag-faits-divers-auvergne","15":"tag-fr","16":"tag-france","17":"tag-information-haute-loire","18":"tag-infos-43","19":"tag-journal-haute-loire","20":"tag-la-commere-43","21":"tag-news","22":"tag-republique-francaise","23":"tag-saint-etienne"},"share_on_mastodon":{"url":"https:\/\/pubeurope.com\/@fr\/114421959457534005","error":""},"_links":{"self":[{"href":"https:\/\/www.europesays.com\/fr\/wp-json\/wp\/v2\/posts\/62105","targetHints":{"allow":["GET"]}}],"collection":[{"href":"https:\/\/www.europesays.com\/fr\/wp-json\/wp\/v2\/posts"}],"about":[{"href":"https:\/\/www.europesays.com\/fr\/wp-json\/wp\/v2\/types\/post"}],"author":[{"embeddable":true,"href":"https:\/\/www.europesays.com\/fr\/wp-json\/wp\/v2\/users\/2"}],"replies":[{"embeddable":true,"href":"https:\/\/www.europesays.com\/fr\/wp-json\/wp\/v2\/comments?post=62105"}],"version-history":[{"count":0,"href":"https:\/\/www.europesays.com\/fr\/wp-json\/wp\/v2\/posts\/62105\/revisions"}],"wp:featuredmedia":[{"embeddable":true,"href":"https:\/\/www.europesays.com\/fr\/wp-json\/wp\/v2\/media\/62106"}],"wp:attachment":[{"href":"https:\/\/www.europesays.com\/fr\/wp-json\/wp\/v2\/media?parent=62105"}],"wp:term":[{"taxonomy":"category","embeddable":true,"href":"https:\/\/www.europesays.com\/fr\/wp-json\/wp\/v2\/categories?post=62105"},{"taxonomy":"post_tag","embeddable":true,"href":"https:\/\/www.europesays.com\/fr\/wp-json\/wp\/v2\/tags?post=62105"}],"curies":[{"name":"wp","href":"https:\/\/api.w.org\/{rel}","templated":true}]}}