{"id":621050,"date":"2025-12-25T06:08:14","date_gmt":"2025-12-25T06:08:14","guid":{"rendered":"https:\/\/www.europesays.com\/fr\/621050\/"},"modified":"2025-12-25T06:08:14","modified_gmt":"2025-12-25T06:08:14","slug":"ils-ont-ete-vides-de-leurs-habitants","status":"publish","type":"post","link":"https:\/\/www.europesays.com\/fr\/621050\/","title":{"rendered":"ils ont \u00e9t\u00e9 vid\u00e9s de leurs habitants"},"content":{"rendered":"<p>                    Par<br \/>\n        <strong><br \/>\n            <a href=\"https:\/\/actu.fr\/auteur\/lea-afonso\" title=\"Consulter tous les articles de L\u00e9a Afonso\" target=\"_blank\" rel=\"noopener\">L\u00e9a Afonso<\/a><br \/>\n                    <\/strong><\/p>\n<p>        Publi\u00e9 le<\/p>\n<p>            25 d\u00e9c. 2025 \u00e0 6h42        <\/p>\n<p>\u00c0 seulement quelques heures de No\u00ebl, en ce mois de d\u00e9cembre 2025, <strong>deux immeubles du centre-ville<\/strong> de <a href=\"https:\/\/actu.fr\/toulouse\/\" target=\"_blank\" rel=\"noopener\">Toulouse<\/a> ont fait l\u2019objet d\u2019un<a href=\"https:\/\/deliberations.toulouse.fr\/data\/archive\/20251223_VILLE_ARRETE_ARVT-25-1516.pdf\" target=\"_blank\" rel=\"noopener\"> nouvel<strong> arr\u00eat\u00e9 de mise en s\u00e9curit\u00e9<\/strong><\/a> pris par la mairie. Les b\u00e2timents sont d\u00e9sormais<strong> interdits \u00e0 l\u2019habitation et \u00e0 toute exploitation<\/strong>, en raison de risques structurels importants. Il ne s\u2019agit pas d\u2019une premi\u00e8re mesure de ce type pour ces immeubles,<a href=\"https:\/\/actu.fr\/occitanie\/toulouse_31555\/toulouse-un-gros-incendie-se-declare-en-plein-centre-ville-32-personnes-evacuees_62230756.html\" target=\"_blank\" rel=\"noopener\"> d\u00e9j\u00e0 fragilis\u00e9s par un incendie survenu plus t\u00f4t dans l\u2019ann\u00e9e.<\/a> Voici ce que l\u2019on sait.<\/p>\n<p>Deux immeubles concern\u00e9s en plein c\u0153ur de Toulouse<\/p>\n<p class=\" wall-content\">\u00c0 quelques heures des f\u00eates, c\u2019est un cadeau dont les habitants se seraient bien pass\u00e9s. Par un arr\u00eat\u00e9 municipal dat\u00e9 du 22 d\u00e9cembre, la mairie de Toulouse a ordonn\u00e9<strong> l\u2019interdiction de p\u00e9n\u00e9trer dans les logements des immeubles situ\u00e9s 5 rue Pharaon et 4 rue des Poutiroux<\/strong>.<\/p>\n<p class=\" wall-content\">Selon les documents municipaux, ces b\u00e2timents avaient<strong> d\u00e9j\u00e0 \u00e9t\u00e9 signal\u00e9s une premi\u00e8re fois en 2020<\/strong>, avant d\u2019\u00eatre touch\u00e9s par <a href=\"https:\/\/actu.fr\/occitanie\/toulouse_31555\/gros-incendie-cette-nuit-dans-le-centre-ville-de-toulouse-trois-hommes-places-en-garde-a-vue_62232131.html\" target=\"_blank\" rel=\"noopener\">un <strong>incendie<\/strong> en f\u00e9vrier 2025, comme nous vous en parlions pr\u00e9c\u00e9demment.<\/a> Faute de travaux engag\u00e9s depuis, la situation ne s\u2019est pas am\u00e9lior\u00e9e. Consid\u00e9rant \u00ab une aggravation des d\u00e9sordres affectant les structures porteuses et un risque d\u2019effondrement partiel \u00bb, le service IMR (Immeubles mena\u00e7ant ruine) s\u2019est rendu sur place le 11 d\u00e9cembre dernier pour une nouvelle inspection. Celle-ci a conduit \u00e0 la prise d\u2019un nouvel arr\u00eat\u00e9 de mise en s\u00e9curit\u00e9, jug\u00e9 indispensable.<\/p>\n<p>Quel est l\u2019\u00e9tat des immeubles ?<\/p>\n<p class=\" wall-content\">L\u2019arr\u00eat\u00e9 municipal d\u00e9taille de nombreux d\u00e9sordres constat\u00e9s dans les deux b\u00e2timents. Au<strong> 5 rue Pharaon\u00a0<\/strong>:<\/p>\n<ul class=\" wall-content\">\n<li><strong>Fa\u00e7ades<\/strong> : des d\u00e9formations et fractures importantes sur plusieurs tron\u00e7ons donnant rue des Poutiroux. En l\u2019absence de clos et couvert, l\u2019exposition aux intemp\u00e9ries accentue les d\u00e9gradations.<\/li>\n<li><strong>Planchers<\/strong> : la destruction partielle des planchers \u00e0 l\u2019arri\u00e8re des fa\u00e7ades fragilise l\u2019ensemble de la structure.<\/li>\n<li><strong>Mur mitoyen avec le 4 rue des Poutiroux<\/strong> : son \u00e9tat n\u2019a pas pu \u00eatre \u00e9valu\u00e9 en raison de son inaccessibilit\u00e9, de la pr\u00e9sence de suie et des dispositifs de s\u00e9curisation existants.<br \/>Escaliers et coursives : la zone reliant les deux parties de l\u2019immeuble est fortement sinistr\u00e9e.<\/li>\n<li><strong>Logements<\/strong> : les planchers pr\u00e9sentent des affaiblissements majeurs.<\/li>\n<li><strong>Ancienne boulangerie en rez-de-chauss\u00e9e :<\/strong> un d\u00e9but d\u2019effondrement a \u00e9t\u00e9 observ\u00e9.<\/li>\n<li><strong>Caves<\/strong> : une forte humidit\u00e9 et une grande v\u00e9tust\u00e9 des ouvrages de cloisonnement sont constat\u00e9es.<\/li>\n<\/ul>\n<p>Vid\u00e9os : en ce moment sur Actu<\/p>\n<p class=\" wall-content\"><strong>Au 4 rue des Poutiroux<\/strong>, concernant le mur mitoyen avec le 5 rue Pharaon :<\/p>\n<ul class=\" wall-content\">\n<li>Les fractures li\u00e9es au sinistre initial de 2020 montrent des signes d\u2019\u00e9volution lente.<\/li>\n<li>L\u2019incendie a entra\u00een\u00e9 une humidification accrue du mur, notamment au niveau du raccordement avec la fa\u00e7ade.<\/li>\n<li>Le dispositif de mise en s\u00e9curit\u00e9 install\u00e9 lors de l\u2019arr\u00eat\u00e9 de p\u00e9ril de 2020 est toujours en place, mais une d\u00e9gradation progressive de l\u2019\u00e9tat du mur est observ\u00e9e.<\/li>\n<\/ul>\n<p>Votre r\u00e9gion, votre actu !<\/p>\n<p>Recevez chaque jour les infos qui comptent pour vous.<\/p>\n<p>\t<a href=\"https:\/\/actu.fr\/newsletter\" class=\"ac-btn ac-btn--corner ac-btn--medium ac-btn--blue800\" target=\"_blank\" rel=\"noopener\">S&rsquo;incrire<\/a><br \/>\nDes travaux obligatoires avant toute r\u00e9ouverture<\/p>\n<p class=\" wall-content\">Face \u00e0 ces constats, l\u2019arr\u00eat\u00e9 impose au syndic des immeubles la r\u00e9alisation de nombreux travaux, parmi lesquels le <strong>renforcement des dispositifs de mise en s\u00e9curit\u00e9<\/strong> existant ; la<strong> d\u00e9molition des ouvrages<\/strong> incendi\u00e9s ou instables ; l\u2019\u00e9vacuation des gravats ; la s\u00e9curisation globale des structures porteuses\u2026<\/p>\n<p class=\" wall-content\">Ces travaux devront \u00eatre engag\u00e9s <strong>dans un d\u00e9lai de 15 \u00e0 30 jours.<\/strong> Une fois r\u00e9alis\u00e9s, un bureau d\u2019\u00e9tudes sp\u00e9cialis\u00e9 sera charg\u00e9 d\u2019en assurer le suivi afin de permettre l\u2019avanc\u00e9e des proc\u00e9dures administratives. D\u2019ici l\u00e0, les deux immeubles restent <strong>strictement inaccessibles et inhabitables<\/strong>, laissant leurs occupants passer les f\u00eates loin de chez eux.<\/p>\n<p class=\" wall-content\">Personnalisez votre actualit\u00e9 en ajoutant vos villes et m\u00e9dias en favori avec <a href=\"https:\/\/moncompte.actu.fr\" title=\"D\u00e9couvez Mon Actu\" rel=\"nofollow noopener\" data-trk=\"{&quot;cta&quot;:{&quot;action&quot;:&quot;https:\\\/\\\/moncompte.actu.fr&quot;,&quot;category&quot;:&quot;mon compte&quot;,&quot;from&quot;:&quot;article footer&quot;,&quot;name&quot;:&quot;Mon actu&quot;,&quot;type&quot;:&quot;cta&quot;}}\" target=\"_blank\">Mon Actu<\/a>.<\/p>\n","protected":false},"excerpt":{"rendered":"Par L\u00e9a Afonso Publi\u00e9 le 25 d\u00e9c. 2025 \u00e0 6h42 \u00c0 seulement quelques heures de No\u00ebl, en ce&hellip;\n","protected":false},"author":2,"featured_media":621051,"comment_status":"","ping_status":"","sticky":false,"template":"","format":"standard","meta":{"footnotes":""},"categories":[2816],"tags":[1111,11,1777,674,1011,27,1310,12,2680,25,104,2312,1352],"class_list":{"0":"post-621050","1":"post","2":"type-post","3":"status-publish","4":"format-standard","5":"has-post-thumbnail","7":"category-toulouse","8":"tag-actu","9":"tag-actualites","10":"tag-eu","11":"tag-europe","12":"tag-fr","13":"tag-france","14":"tag-incendie","15":"tag-news","16":"tag-occitanie","17":"tag-republique-francaise","18":"tag-societe","19":"tag-toulouse","20":"tag-urbanisme"},"share_on_mastodon":{"url":"https:\/\/pubeurope.com\/@fr\/115778715898983916","error":""},"_links":{"self":[{"href":"https:\/\/www.europesays.com\/fr\/wp-json\/wp\/v2\/posts\/621050","targetHints":{"allow":["GET"]}}],"collection":[{"href":"https:\/\/www.europesays.com\/fr\/wp-json\/wp\/v2\/posts"}],"about":[{"href":"https:\/\/www.europesays.com\/fr\/wp-json\/wp\/v2\/types\/post"}],"author":[{"embeddable":true,"href":"https:\/\/www.europesays.com\/fr\/wp-json\/wp\/v2\/users\/2"}],"replies":[{"embeddable":true,"href":"https:\/\/www.europesays.com\/fr\/wp-json\/wp\/v2\/comments?post=621050"}],"version-history":[{"count":0,"href":"https:\/\/www.europesays.com\/fr\/wp-json\/wp\/v2\/posts\/621050\/revisions"}],"wp:featuredmedia":[{"embeddable":true,"href":"https:\/\/www.europesays.com\/fr\/wp-json\/wp\/v2\/media\/621051"}],"wp:attachment":[{"href":"https:\/\/www.europesays.com\/fr\/wp-json\/wp\/v2\/media?parent=621050"}],"wp:term":[{"taxonomy":"category","embeddable":true,"href":"https:\/\/www.europesays.com\/fr\/wp-json\/wp\/v2\/categories?post=621050"},{"taxonomy":"post_tag","embeddable":true,"href":"https:\/\/www.europesays.com\/fr\/wp-json\/wp\/v2\/tags?post=621050"}],"curies":[{"name":"wp","href":"https:\/\/api.w.org\/{rel}","templated":true}]}}