{"id":621060,"date":"2025-12-25T06:15:15","date_gmt":"2025-12-25T06:15:15","guid":{"rendered":"https:\/\/www.europesays.com\/fr\/621060\/"},"modified":"2025-12-25T06:15:15","modified_gmt":"2025-12-25T06:15:15","slug":"quelle-situation-dans-le-rhone-et-a-lyon","status":"publish","type":"post","link":"https:\/\/www.europesays.com\/fr\/621060\/","title":{"rendered":"quelle situation dans le Rh\u00f4ne et \u00e0 Lyon\u00a0?"},"content":{"rendered":"<p>                    Par<br \/>\n        <strong><br \/>\n            <a href=\"https:\/\/actu.fr\/auteur\/nicolas-zaugra\" title=\"Consulter tous les articles de Nicolas Zaugra\" target=\"_blank\" rel=\"noopener\">Nicolas Zaugra<\/a><br \/>\n                    <\/strong><\/p>\n<p>        Publi\u00e9 le<\/p>\n<p>            25 d\u00e9c. 2025 \u00e0 7h08        <\/p>\n<p>Le nombre de malades de la<strong> grippe saisonni\u00e8re<\/strong> continue de progresser dans la r\u00e9gion. Et cette <a href=\"https:\/\/actu.fr\/societe\/la-grippe-explose-en-france-symptomes-variant-pic-de-l-epidemie-nos-reponses-a-10-questions-cles_63598985.html\" target=\"_blank\" rel=\"noopener\">tendance touche toute la France<\/a> ces derniers jours. La r\u00e9gion Auvergne-Rh\u00f4ne-Alpes est en \u00e9pid\u00e9mie de grippe, pour la 3\u1d49 semaine \u00e9pid\u00e9mique cons\u00e9cutive. L\u2019ensemble des indicateurs (ville, h\u00f4pital, virologie) est en forte augmentation, selon le nouveau bulletin r\u00e9gional de Sant\u00e9 Publique France du 24 d\u00e9cembre 2025.<\/p>\n<p class=\" wall-content\">Les autorit\u00e9s sanitaires constatent une forte hausse des consultations pour grippe\/syndrome grippal et 18,7 % des actes SOS M\u00e9decins concernent la grippe. L\u2019incidence en m\u00e9decine g\u00e9n\u00e9rale est de 239 cas pour 100 000 habitants (contre 224 la semaine pr\u00e9c\u00e9dente). Les consultations concernent majoritairement les moins de 65 ans.<\/p>\n<p>O\u00f9 se situe le d\u00e9partement du Rh\u00f4ne ?<\/p>\n<p class=\" wall-content\">Dans le d\u00e9partement du Rh\u00f4ne, la grippe repr\u00e9sente 1 589,78 passages (pour 100 000 passages aux urgences).\u00a0<\/p>\n<p class=\" wall-content\">A titre de comparaison, le d\u00e9partement de Seine-et-Marne est nettement plus concern\u00e9 par la flamb\u00e9e de grippe : 5 971,76 passages ou encore 6 460,83 pour les Hautes-Pyr\u00e9n\u00e9es qui est le d\u00e9partement le plus touch\u00e9 en France.<\/p>\n<p class=\" wall-content\">\n<p class=\" wall-content\">Concernant le variant K, il n\u2019y a pas d\u2019\u00e9l\u00e9ment signalant sp\u00e9cifiquement une gravit\u00e9 diff\u00e9rente dans la r\u00e9gion Auvergne-Rh\u00f4ne-Alpes par rapport au reste du pays : la s\u00e9v\u00e9rit\u00e9 observ\u00e9e (consultations, urgences, hospitalisations) refl\u00e8te globalement la progression de l\u2019\u00e9pid\u00e9mie aigu\u00eb.<\/p>\n<p>La ministre de la Sant\u00e9 \u00e0 Lyon ce vendredi<\/p>\n<p class=\" wall-content\">Face \u00e0 la hausse de l\u2019\u00e9pid\u00e9mie de grippe, <a href=\"https:\/\/actu.fr\/politique\/gouvernement-lecornu-ii-qui-est-stephanie-rist-nouvelle-ministre-de-la-sante_63289923.html\" target=\"_blank\" rel=\"noopener\">St\u00e9phanie Rist<\/a>, la ministre de la Sant\u00e9, se rendra d\u2019ailleurs \u00e0 l\u2019h\u00f4pital \u00c9douard Herriot de Lyon ce vendredi 26 d\u00e9cembre, a annonc\u00e9 son minist\u00e8re.<\/p>\n<p class=\" wall-content\">Elle visitera le service des urgences\u00a0avant de pr\u00e9sider une table ronde\u00a0\u00ab\u00a0en pr\u00e9sence d\u2019\u00e9lus, des services de l\u2019\u00c9tat et des professionnels de sant\u00e9 sur le th\u00e8me des difficult\u00e9s rencontr\u00e9es dans la gestion des tensions hivernales\u00a0\u00bb.<\/p>\n<p class=\" wall-content\">Personnalisez votre actualit\u00e9 en ajoutant vos villes et m\u00e9dias en favori avec <a href=\"https:\/\/moncompte.actu.fr\" title=\"D\u00e9couvez Mon Actu\" rel=\"nofollow noopener\" data-trk=\"{&quot;cta&quot;:{&quot;action&quot;:&quot;https:\\\/\\\/moncompte.actu.fr&quot;,&quot;category&quot;:&quot;mon compte&quot;,&quot;from&quot;:&quot;article footer&quot;,&quot;name&quot;:&quot;Mon actu&quot;,&quot;type&quot;:&quot;cta&quot;}}\" target=\"_blank\">Mon Actu<\/a>.<\/p>\n","protected":false},"excerpt":{"rendered":"Par Nicolas Zaugra Publi\u00e9 le 25 d\u00e9c. 2025 \u00e0 7h08 Le nombre de malades de la grippe saisonni\u00e8re&hellip;\n","protected":false},"author":2,"featured_media":621061,"comment_status":"","ping_status":"","sticky":false,"template":"","format":"standard","meta":{"footnotes":""},"categories":[1889],"tags":[1111,11,2430,1777,674,1011,27,2428,12,25,71,104],"class_list":{"0":"post-621060","1":"post","2":"type-post","3":"status-publish","4":"format-standard","5":"has-post-thumbnail","7":"category-lyon","8":"tag-actu","9":"tag-actualites","10":"tag-auvergne-rhone-alpes","11":"tag-eu","12":"tag-europe","13":"tag-fr","14":"tag-france","15":"tag-lyon","16":"tag-news","17":"tag-republique-francaise","18":"tag-sante","19":"tag-societe"},"share_on_mastodon":{"url":"https:\/\/pubeurope.com\/@fr\/115778743400779567","error":""},"_links":{"self":[{"href":"https:\/\/www.europesays.com\/fr\/wp-json\/wp\/v2\/posts\/621060","targetHints":{"allow":["GET"]}}],"collection":[{"href":"https:\/\/www.europesays.com\/fr\/wp-json\/wp\/v2\/posts"}],"about":[{"href":"https:\/\/www.europesays.com\/fr\/wp-json\/wp\/v2\/types\/post"}],"author":[{"embeddable":true,"href":"https:\/\/www.europesays.com\/fr\/wp-json\/wp\/v2\/users\/2"}],"replies":[{"embeddable":true,"href":"https:\/\/www.europesays.com\/fr\/wp-json\/wp\/v2\/comments?post=621060"}],"version-history":[{"count":0,"href":"https:\/\/www.europesays.com\/fr\/wp-json\/wp\/v2\/posts\/621060\/revisions"}],"wp:featuredmedia":[{"embeddable":true,"href":"https:\/\/www.europesays.com\/fr\/wp-json\/wp\/v2\/media\/621061"}],"wp:attachment":[{"href":"https:\/\/www.europesays.com\/fr\/wp-json\/wp\/v2\/media?parent=621060"}],"wp:term":[{"taxonomy":"category","embeddable":true,"href":"https:\/\/www.europesays.com\/fr\/wp-json\/wp\/v2\/categories?post=621060"},{"taxonomy":"post_tag","embeddable":true,"href":"https:\/\/www.europesays.com\/fr\/wp-json\/wp\/v2\/tags?post=621060"}],"curies":[{"name":"wp","href":"https:\/\/api.w.org\/{rel}","templated":true}]}}