{"id":621062,"date":"2025-12-25T06:17:26","date_gmt":"2025-12-25T06:17:26","guid":{"rendered":"https:\/\/www.europesays.com\/fr\/621062\/"},"modified":"2025-12-25T06:17:26","modified_gmt":"2025-12-25T06:17:26","slug":"ce-centre-commercial-est-a-la-peine-entre-cellules-vides-et-recherche-de-clients","status":"publish","type":"post","link":"https:\/\/www.europesays.com\/fr\/621062\/","title":{"rendered":"ce centre commercial est \u00e0 la peine, entre cellules vides et recherche de clients"},"content":{"rendered":"<p>                    Par<br \/>\n        <strong><br \/>\n            <a href=\"https:\/\/actu.fr\/auteur\/redaction-lyon\" title=\"Consulter tous les articles de R\u00e9daction Lyon\" target=\"_blank\" rel=\"noopener\">R\u00e9daction Lyon<\/a><br \/>\n                    <\/strong><\/p>\n<p>        Publi\u00e9 le<\/p>\n<p>            25 d\u00e9c. 2025 \u00e0 7h10        <\/p>\n<p><strong>Cet article est publi\u00e9 dans le magazine \u00ab nouveau Lyon \u00bb de janvier-f\u00e9vrier 2026 dans les kiosques depuis vendredi 19 d\u00e9cembre 2025 dont actu Lyon est partenaire.<\/strong><\/p>\n<p class=\" wall-content\">Des cellules vacantes, un flux faiblard, une vocation qui se cherche : le complexe commercial est \u00e0 la peine. Il a les moyens de rebondir. <strong>Habitat, <\/strong><a href=\"https:\/\/actu.fr\/auvergne-rhone-alpes\/lyon_69123\/lyon-le-restaurant-sushi-shop-de-bellecour-ferme-definitivement-ses-portes_61092074.html\" target=\"_blank\" rel=\"noopener\">Sushi Shop<\/a><strong>, Kabestan, Second Cup, bient\u00f4t Obbo Design<\/strong>, sans oublier les halles : la liste des cellules vacantes s\u2019allonge pour le <a href=\"https:\/\/actu.fr\/tag\/hotel-dieu\" target=\"_blank\" rel=\"noopener\">Grand H\u00f4tel-Dieu<\/a> sur la Presqu\u2019\u00eele dans le 2e arrondissement de <a href=\"https:\/\/actu.fr\/auvergne-rhone-alpes\/lyon_69123\" target=\"_blank\" rel=\"noopener\">Lyon<\/a>.<\/p>\n<p>Des baisses de loyers accord\u00e9es<\/p>\n<p class=\" wall-content\">Cette d\u00e9saffection est \u00e0 mettre en rapport avec l\u2019ambition initiale de faire des lieux un temple du premium et du haut de gamme \u00e0 la lyonnaise. On en est loin.<\/p>\n<p class=\" wall-content\">Conscient des difficult\u00e9s, le bailleur, Predica (Cr\u00e9dit Agricole Assurances), a consenti des baisses de loyers. Si la direction n\u2019a pas souhait\u00e9 nous rencontrer, elle a pu nous annoncer l\u2019arriv\u00e9e de pop-up et de deux enseignes, <a href=\"https:\/\/actu.fr\/auvergne-rhone-alpes\/lyon_69123\/ce-magasin-de-sport-ouvre-sa-toute-premiere-boutique-a-lyon-au-grand-hotel-dieu_63270019.html\" target=\"_blank\" rel=\"noopener\">Basket4Ballers<\/a>\u00a0et\u00a0Arctic Juice &amp; Caf\u00e9. Pas de quoi impulser une franche relance. Chacun a son opinion sur cette d\u00e9route.<\/p>\n<p>    <img   decoding=\"async\" loading=\"lazy\" src=\"https:\/\/www.europesays.com\/fr\/wp-content\/uploads\/2025\/12\/enseigne-boutique-hotel-dieu-lyon-960x640.jpg\" alt=\"L'enseigne Basket4Ballers va s'installer c\u00f4t\u00e9 rue \" width=\"960\" height=\"640\"\/><br \/>\n    L\u2019enseigne Basket4Ballers va s\u2019installer c\u00f4t\u00e9 rue Bellecordi\u00e8re, qui reste attractive. (\u00a9Nicolas Zaugra\/ actu Lyon)Seuls les commerces sur les rues cartonnent<\/p>\n<p class=\" wall-content\">Probl\u00e8me architectural d\u2019abord : les acc\u00e8s sont presque confidentiels, sanctionn\u00e9s par un faible passage. Il y a une difficult\u00e9 \u00e0 faire entrer des gens dans la cour du Midi o\u00f9 sont concentr\u00e9s nombre de magasins.<\/p>\n<p class=\" wall-content\">Ce n\u2019est pas un hasard si les commerces qui marchent le mieux sont ceux qui ont une entr\u00e9e et une vitrine sur la rue de la Barre, comme Citadium, ou ceux situ\u00e9s sur la rue Bellecordi\u00e8re comme <a href=\"https:\/\/actu.fr\/auvergne-rhone-alpes\/lyon_69123\/lyon-apres-bellecour-cette-boutique-tres-appreciee-ouvre-au-centre-commercial-part-dieu_63562109.html\" target=\"_blank\" rel=\"noopener\">Aroma-Zone<\/a> ou Cos (v\u00eatements).<\/p>\n<p>Votre r\u00e9gion, votre actu !<\/p>\n<p>Recevez chaque jour les infos qui comptent pour vous.<\/p>\n<p>\t<a href=\"https:\/\/actu.fr\/newsletter\" class=\"ac-btn ac-btn--corner ac-btn--medium ac-btn--blue800\" target=\"_blank\" rel=\"noopener\">S&rsquo;incrire<\/a><\/p>\n<p class=\" wall-content\">\u00ab\u00a0Le passage est rue de la R\u00e9publique. Il n\u2019y a pas bien d\u2019exemples de villes o\u00f9 l\u2019on arrive \u00e0 le d\u00e9tourner d\u2019un axe\u00a0\u00bb, abonde Vladimir Da Silva Dias, expert en immobilier commercial. \u201cIl y a un flux touristique qu\u2019ils n\u2019arrivent pas \u00e0 convertir en flux de client\u00e8le\u00a0\u00bb, ajoute un professionnel. D\u2019aucuns raillent aussi l\u2019ambiance des lieux.<\/p>\n<p>\u00ab\u00a0Un b\u00e2timent aust\u00e8re, froid, pas chaleureux\u00a0\u00bb<\/p>\n<p class=\" wall-content\">\u00ab\u00a0C\u2019est un b\u00e2timent aust\u00e8re, froid, pas chaleureux. \u00c0 faire trop de standing, on a oubli\u00e9 d\u2019en faire un lieu de vie\u00a0\u00bb, persifle un acteur de l\u2019immobilier. Ce n\u2019est peut-\u00eatre pas une co\u00efncidence si le bar Justin fonctionne, qui se d\u00e9ploie sur une large terrasse et qui accueille \u00e0 l\u2019occasion des DJ.<\/p>\n<p class=\" wall-content\">\u00ab\u00a0Je pense qu\u2019ils auraient d\u00fb installer la restauration au niveau -1 de la cour du Midi pour animer les lieux\u00a0\u00bb, confie Pascal Larue, consultant au cabinet Herm\u00e8s. Le propri\u00e9taire est bien conscient des difficult\u00e9s et songe \u00e0 un nouveau d\u00e9part. \u00ab\u00a0Il faut se poser les bonnes questions sur le Grand H\u00f4tel-Dieu : est-il destin\u00e9 aux touristes ou aux Lyonnais ? Faut-il viser des commerces de flux ou de destination ?\u00a0\u00bb, recadre un observateur.<\/p>\n<p>Un positionnement \u00e0 retrouver<\/p>\n<p class=\" wall-content\">\u00ab\u00a0Je viserais une typologie de commerces qui s\u2019adressent aux clients de l\u2019h\u00f4tel InterContinental, comme un magasin de souvenirs, une boutique de belles chaussures, un chocolatier, un parfumeur ou les soins \u00e0 la personne\u00a0\u00bb, propose <a href=\"https:\/\/actu.fr\/auvergne-rhone-alpes\/lyon_69123\/lyon-les-commercants-tirent-la-langue-pendant-la-fete-des-lumieres-le-pire-week-end_63536951.html\" target=\"_blank\" rel=\"noopener\">Johanna Benedetti, pr\u00e9sidente de l\u2019association My Presqu\u2019\u00eele.<\/a><\/p>\n<p class=\" wall-content\">Tout n\u2019est pas foutu pour le Grand H\u00f4tel-Dieu. L\u2019\u00e9crin reste exceptionnel, inspirant. Le complexe pr\u00e9sente aussi l\u2019int\u00e9r\u00eat de proposer des cellules de grande taille, au-del\u00e0 de 1 000\u00a0 m2 , ce qui manque un peu en centre-ville. Directeur du d\u00e9partement commerces chez Omnium, Mathieu Paredes relativise les difficult\u00e9s : \u00ab\u00a0La Part-Dieu avait mis dix ans \u00e0 d\u00e9coller\u00a0\u00bb, rappelle-t-il.<\/p>\n<p class=\" wall-content\"><strong>Au sommaire de Nouveau Lyon de janvier-f\u00e9vrier 2026<\/strong><\/p>\n<p><a href=\"https:\/\/static.actu.fr\/uploads\/2025\/12\/a3-94.pdf\" target=\"_blank\" rel=\"noopener\">Afficher ou t\u00e9l\u00e9charger le fichier.<\/a><\/p>\n<ul class=\" wall-content\">\n<li>L\u2019\u00eele Barbe : histoire et l\u00e9gendes<\/li>\n<li>Presqu\u2019\u00eele : comment le commerce peut rebondir<\/li>\n<li>Entretien avec \u00ab\u00a0A L\u2019\u00e9poque\u00a0\u00bb, historien et influenceur TikTok et Instagram<\/li>\n<li>Interview : le coup de gueule des promoteurs et des constructeurs<\/li>\n<li>Question : le tram vers Cr\u00e9mieu, utile pour les Lyonnais ?<\/li>\n<li>Chantier : le M+ \u00e0 la Part-Dieu<\/li>\n<li>Ville : sp\u00e9cial Bourg en Bresse<\/li>\n<li>et aussi : Vallon des h\u00f4pitaux, l\u2019heure du choix pour Rive droite, Feu vert (et r\u00e9serves) pour Teol, les retards d\u2019Ecorenov\u2026<\/li>\n<\/ul>\n<p class=\" wall-content\">Personnalisez votre actualit\u00e9 en ajoutant vos villes et m\u00e9dias en favori avec <a href=\"https:\/\/moncompte.actu.fr\" title=\"D\u00e9couvez Mon Actu\" rel=\"nofollow noopener\" data-trk=\"{&quot;cta&quot;:{&quot;action&quot;:&quot;https:\\\/\\\/moncompte.actu.fr&quot;,&quot;category&quot;:&quot;mon compte&quot;,&quot;from&quot;:&quot;article footer&quot;,&quot;name&quot;:&quot;Mon actu&quot;,&quot;type&quot;:&quot;cta&quot;}}\" target=\"_blank\">Mon Actu<\/a>.<\/p>\n","protected":false},"excerpt":{"rendered":"Par R\u00e9daction Lyon Publi\u00e9 le 25 d\u00e9c. 2025 \u00e0 7h10 Cet article est publi\u00e9 dans le magazine \u00ab&hellip;\n","protected":false},"author":2,"featured_media":621063,"comment_status":"","ping_status":"","sticky":false,"template":"","format":"standard","meta":{"footnotes":""},"categories":[1889],"tags":[1111,11,2430,215,33,1777,674,1011,27,41890,2428,12,25],"class_list":{"0":"post-621062","1":"post","2":"type-post","3":"status-publish","4":"format-standard","5":"has-post-thumbnail","7":"category-lyon","8":"tag-actu","9":"tag-actualites","10":"tag-auvergne-rhone-alpes","11":"tag-commerce","12":"tag-economie","13":"tag-eu","14":"tag-europe","15":"tag-fr","16":"tag-france","17":"tag-hotel-dieu","18":"tag-lyon","19":"tag-news","20":"tag-republique-francaise"},"share_on_mastodon":{"url":"https:\/\/pubeurope.com\/@fr\/115778752664148032","error":""},"_links":{"self":[{"href":"https:\/\/www.europesays.com\/fr\/wp-json\/wp\/v2\/posts\/621062","targetHints":{"allow":["GET"]}}],"collection":[{"href":"https:\/\/www.europesays.com\/fr\/wp-json\/wp\/v2\/posts"}],"about":[{"href":"https:\/\/www.europesays.com\/fr\/wp-json\/wp\/v2\/types\/post"}],"author":[{"embeddable":true,"href":"https:\/\/www.europesays.com\/fr\/wp-json\/wp\/v2\/users\/2"}],"replies":[{"embeddable":true,"href":"https:\/\/www.europesays.com\/fr\/wp-json\/wp\/v2\/comments?post=621062"}],"version-history":[{"count":0,"href":"https:\/\/www.europesays.com\/fr\/wp-json\/wp\/v2\/posts\/621062\/revisions"}],"wp:featuredmedia":[{"embeddable":true,"href":"https:\/\/www.europesays.com\/fr\/wp-json\/wp\/v2\/media\/621063"}],"wp:attachment":[{"href":"https:\/\/www.europesays.com\/fr\/wp-json\/wp\/v2\/media?parent=621062"}],"wp:term":[{"taxonomy":"category","embeddable":true,"href":"https:\/\/www.europesays.com\/fr\/wp-json\/wp\/v2\/categories?post=621062"},{"taxonomy":"post_tag","embeddable":true,"href":"https:\/\/www.europesays.com\/fr\/wp-json\/wp\/v2\/tags?post=621062"}],"curies":[{"name":"wp","href":"https:\/\/api.w.org\/{rel}","templated":true}]}}