{"id":621064,"date":"2025-12-25T06:20:38","date_gmt":"2025-12-25T06:20:38","guid":{"rendered":"https:\/\/www.europesays.com\/fr\/621064\/"},"modified":"2025-12-25T06:20:38","modified_gmt":"2025-12-25T06:20:38","slug":"de-la-neige-est-tombee-dans-ces-regions-de-france-durant-la-nuit-de-noel-rare-et-magique","status":"publish","type":"post","link":"https:\/\/www.europesays.com\/fr\/621064\/","title":{"rendered":"De la neige est tomb\u00e9e dans ces r\u00e9gions de France durant la nuit de No\u00ebl\u00a0: \u00ab\u00a0rare et magique\u00a0\u00bb"},"content":{"rendered":"<p>        <img decoding=\"async\" loading=\"lazy\" src=\"https:\/\/www.europesays.com\/fr\/wp-content\/uploads\/2025\/12\/1625d72_upload-1-evzhgqq69udu-capture-d-ecran-2025-12-25-002216.png\"  width=\"728\" height=\"410\" alt=\"Des flocons sont tomb\u00e9s dans de nombreuses r\u00e9gions de l\u2019Hexagone, de la Bourgogne-Franche-Comt\u00e9 \u00e0 l\u2019Auvergne-Rh\u00f4ne-Alpes en passant par l\u2019\u00cele-de-France, dans la nuit du 24\u00a0au 25\u00a0d\u00e9cembre 2025.\"\/>  <\/p>\n<p>Photo MC. Desmarquet, partag\u00e9e sur X par M\u00e9t\u00e9o89<\/p>\n<p>Des flocons sont tomb\u00e9s dans de nombreuses r\u00e9gions de l\u2019Hexagone, de la Bourgogne-Franche-Comt\u00e9 \u00e0 l\u2019Auvergne-Rh\u00f4ne-Alpes en passant par l\u2019\u00cele-de-France, dans la nuit du 24\u00a0au 25\u00a0d\u00e9cembre 2025.<\/p>\n<p class=\"asset asset-text\">Des enfants qui d\u00e9valent les escaliers, courent dans le jardin sans enfiler de manteau et se lancent dans une bataille de boules de<a href=\"https:\/\/www.huffingtonpost.fr\/france\/video\/neige-crues-face-un-episode-hivernal-notable-6-departements-en-vigilance-orange-ce-lundi_258483.html\" target=\"_blank\" rel=\"noopener\"> neige<\/a>. Cette sc\u00e8ne, vous avez peut-\u00eatre eu la chance de la vivre mercredi 24\u00a0d\u00e9cembre au soir ou ce jeudi 25\u00a0d\u00e9cembre matin, alors que des flocons sont tomb\u00e9s dans de nombreuses r\u00e9gions de l\u2019Hexagone, de la Bourgogne-Franche-Comt\u00e9 \u00e0 l\u2019Auvergne-Rh\u00f4ne-Alpes en passant par l\u2019\u00cele-de-France.<\/p>\n<p class=\"asset asset-text\">M\u00e9t\u00e9o France avait pr\u00e9venu que <a href=\"https:\/\/www.huffingtonpost.fr\/france\/article\/la-meteo-de-noel-annonce-un-temps-froid-jamais-vu-depuis-15-ans-dans-l-hexagone-clx1_258515.html\" target=\"_blank\" rel=\"noopener\" title=\"Nouvelle fen\u00eatre\">No\u00ebl 2025\u00a0serait \u00ab\u00a0au tison\u00a0\u00bb<\/a>, m\u00eame si les temp\u00e9ratures restent \u00ab\u00a010\u00a0\u00b0C au-dessus du No\u00ebl 1962\u00a0\u00bb. Le pr\u00e9visionniste national a ainsi maintenu l\u2019Ard\u00e8che et la Dr\u00f4me en vigilance orange neige-verglas \u00e0 partir de 18\u00a0h mercredi et jusqu\u2019\u00e0 jeudi matin. La cause de cette fra\u00eecheur\u00a0: une goutte froide qui a circul\u00e9 d\u2019est en ouest sur le pays durant la nuit de No\u00ebl, explique <a href=\"https:\/\/actualite.lachainemeteo.com\/alerte-meteo\/8956-bref-episode-de-neige-et-verglas-pour-le-reveillon-de-noel\" target=\"_blank\" rel=\"noopener\" title=\"Nouvelle fen\u00eatre\">La Cha\u00eene M\u00e9t\u00e9o<\/a>.<\/p>\n<p class=\"asset asset-text\">La perturbation neigeuse traversant la r\u00e9gion Auvergne-Rh\u00f4ne-Alpes va apporter des chutes de neige en \u00ab\u00a0quantit\u00e9s notables\u00a0\u00bb, avait encore mis en garde M\u00e9t\u00e9o France. Avant de pr\u00e9ciser qu\u2019elles pourraient atteindre 3 \u00e0 5 centim\u00e8tres en plaine, davantage sur les hauteurs, rendant la circulation difficile en cette p\u00e9riode de f\u00eates.<\/p>\n<p>    Neige abondante en Bourgogne    <\/p>\n<p class=\"asset asset-text\">Pas d\u2019erreur sur les pr\u00e9visions\u00a0: les premiers flocons de neige sont tomb\u00e9s \u00e0 Valence, dans la Dr\u00f4me, d\u00e8s 22\u00a0h. \u00ab\u00a0C\u2019est la premi\u00e8re ann\u00e9e que \u00e7a arrive \u00e0 No\u00ebl\u00a0\u00bb, s\u2019est r\u00e9joui Mathieu, restaurateur, au micro de <a href=\"https:\/\/www.bfmtv.com\/environnement\/climat\/video-la-neige-tombe-a-valence-c-est-la-premiere-annee-ou-j-en-vois-a-noel-se-rejouit-mathieu-restaurateur_VN-202512240597.html\" target=\"_blank\" rel=\"noopener\" title=\"Nouvelle fen\u00eatre\">BFMTV<\/a>. Sur les r\u00e9seaux sociaux, beaucoup d\u2019internautes partagent son enthousiasme\u00a0: \u00ab\u00a0Il neige le 24\u00a0d\u00e9cembre. Rare\u00a0et magique.\u00a0\u00bb, \u00ab\u00a0Sublime\u00a0\u00bb, \u00ab\u00a0J\u2019ai fait une bataille de boules de neige, ce n\u2019est pas arriv\u00e9 depuis 15\u00a0ans\u00a0\u00bb, peut-on notamment lire sur X.<\/p>\n<p class=\"asset asset-text\">De petites chutes de neige ont aussi \u00e9t\u00e9 observ\u00e9es dans la soir\u00e9e dans la ville de Saint-Chamond ou encore \u00e0 Lyon, aussi en r\u00e9gion Auvergne-Rh\u00f4ne-Alpes. Le dernier \u00e9pisode de ce type remonte \u00e0 l\u2019ann\u00e9e 2010, pointe le journal<a href=\"https:\/\/www.leprogres.fr\/environnement\/2025\/12\/24\/de-la-neige-a-noel-a-lyon-on-ne-l-avait-pas-vu-depuis-15-ans?at_content=video&amp;at_term=leprogreslyon&amp;at_campaign=Twitter&amp;at_medium=Social&amp;at_source=nonli\" target=\"_blank\" rel=\"noopener\" title=\"Nouvelle fen\u00eatre\"> Le Progr\u00e8s<\/a>.<\/p>\n<p> La lecture de ce contenu est susceptible d\u2019entra\u00eener un d\u00e9p\u00f4t de cookies de la part de l\u2019op\u00e9rateur tiers qui l\u2019h\u00e9berge. Compte-tenu des choix que vous avez exprim\u00e9s en mati\u00e8re de d\u00e9p\u00f4t de cookies, nous avons bloqu\u00e9 l\u2019affichage de ce contenu. Si vous souhaitez y acc\u00e9der, vous devez accepter la cat\u00e9gorie de cookies \u201cContenus tiers\u201d en cliquant sur le bouton ci-dessous. <\/p>\n<p> Lire la Vid\u00e9o           <\/p>\n<p> La lecture de ce contenu est susceptible d\u2019entra\u00eener un d\u00e9p\u00f4t de cookies de la part de l\u2019op\u00e9rateur tiers qui l\u2019h\u00e9berge. Compte-tenu des choix que vous avez exprim\u00e9s en mati\u00e8re de d\u00e9p\u00f4t de cookies, nous avons bloqu\u00e9 l\u2019affichage de ce contenu. Si vous souhaitez y acc\u00e9der, vous devez accepter la cat\u00e9gorie de cookies \u201cContenus tiers\u201d en cliquant sur le bouton ci-dessous. <\/p>\n<p> Lire la Vid\u00e9o            <\/p>\n<p class=\"asset asset-text\">La neige \u00e9tait plus abondante encore en\u00a0Bourgogne-Franche-Comt\u00e9, et notamment en C\u00f4te d\u2019Or et dans l\u2019Yonne, comme vous pouvez le voir sur les images ci-dessous.<\/p>\n<p> La lecture de ce contenu est susceptible d\u2019entra\u00eener un d\u00e9p\u00f4t de cookies de la part de l\u2019op\u00e9rateur tiers qui l\u2019h\u00e9berge. Compte-tenu des choix que vous avez exprim\u00e9s en mati\u00e8re de d\u00e9p\u00f4t de cookies, nous avons bloqu\u00e9 l\u2019affichage de ce contenu. Si vous souhaitez y acc\u00e9der, vous devez accepter la cat\u00e9gorie de cookies \u201cContenus tiers\u201d en cliquant sur le bouton ci-dessous. <\/p>\n<p> Lire la Vid\u00e9o           <\/p>\n<p> La lecture de ce contenu est susceptible d\u2019entra\u00eener un d\u00e9p\u00f4t de cookies de la part de l\u2019op\u00e9rateur tiers qui l\u2019h\u00e9berge. Compte-tenu des choix que vous avez exprim\u00e9s en mati\u00e8re de d\u00e9p\u00f4t de cookies, nous avons bloqu\u00e9 l\u2019affichage de ce contenu. Si vous souhaitez y acc\u00e9der, vous devez accepter la cat\u00e9gorie de cookies \u201cContenus tiers\u201d en cliquant sur le bouton ci-dessous. <\/p>\n<p> Lire la Vid\u00e9o           <\/p>\n<p> La lecture de ce contenu est susceptible d\u2019entra\u00eener un d\u00e9p\u00f4t de cookies de la part de l\u2019op\u00e9rateur tiers qui l\u2019h\u00e9berge. Compte-tenu des choix que vous avez exprim\u00e9s en mati\u00e8re de d\u00e9p\u00f4t de cookies, nous avons bloqu\u00e9 l\u2019affichage de ce contenu. Si vous souhaitez y acc\u00e9der, vous devez accepter la cat\u00e9gorie de cookies \u201cContenus tiers\u201d en cliquant sur le bouton ci-dessous. <\/p>\n<p> Lire la Vid\u00e9o        <\/p>\n<p class=\"asset asset-text\">\u00c0 Arleuf, dans la Ni\u00e8vre, les rues \u00e9taient d\u00e9j\u00e0 recouvertes d\u2019une \u00e9paisse couche de neige bien avant minuit.<\/p>\n<p> La lecture de ce contenu est susceptible d\u2019entra\u00eener un d\u00e9p\u00f4t de cookies de la part de l\u2019op\u00e9rateur tiers qui l\u2019h\u00e9berge. Compte-tenu des choix que vous avez exprim\u00e9s en mati\u00e8re de d\u00e9p\u00f4t de cookies, nous avons bloqu\u00e9 l\u2019affichage de ce contenu. Si vous souhaitez y acc\u00e9der, vous devez accepter la cat\u00e9gorie de cookies \u201cContenus tiers\u201d en cliquant sur le bouton ci-dessous. <\/p>\n<p> Lire la Vid\u00e9o        <\/p>\n<p class=\"asset asset-text\">Le CIGT, le centre de gestion du trafic du d\u00e9partement de C\u00f4te-d\u2019Or, a indiqu\u00e9 \u00e0 nos confr\u00e8res de la <a href=\"https:\/\/www.francebleu.fr\/infos\/transports\/la-neige-s-invite-pour-la-nuit-de-noel-en-cote-d-or-et-en-saone-et-loire-prudence-sur-les-routes-9870234\" target=\"_blank\" rel=\"noopener\" title=\"Nouvelle fen\u00eatre\">radio Ici<\/a> que des engins de salage \u00e9taient intervenus sur l\u2019A38. L\u2019\u00e9pisode \u00e9tant plus \u00ab\u00a0virulent\u00a0\u00bb que pr\u00e9vu, les autorit\u00e9s appellent \u00e0 la prudence sur les routes.<\/p>\n<p>    De plus en plus rare avec le changement climatique    <\/p>\n<p class=\"asset asset-text\">Plus au nord-ouest, les Franciliens ont aussi pu observer la neige. En Seine-et-Marne, la lumi\u00e8re des r\u00e9verb\u00e8res laissait entrevoir la danse des flocons tombant au sol. M\u00eame dans la capitale, des Parisiens affirment avoir assist\u00e9 \u00e0 ce spectacle de la nature\u00a0: \u00ab\u00a0Il neige \u00e0 Paris c\u2019est historique\u00a0!\u00a0\u00bb, \u00e9crit un utilisateur de X.<\/p>\n<p> La lecture de ce contenu est susceptible d\u2019entra\u00eener un d\u00e9p\u00f4t de cookies de la part de l\u2019op\u00e9rateur tiers qui l\u2019h\u00e9berge. Compte-tenu des choix que vous avez exprim\u00e9s en mati\u00e8re de d\u00e9p\u00f4t de cookies, nous avons bloqu\u00e9 l\u2019affichage de ce contenu. Si vous souhaitez y acc\u00e9der, vous devez accepter la cat\u00e9gorie de cookies \u201cContenus tiers\u201d en cliquant sur le bouton ci-dessous. <\/p>\n<p> Lire la Vid\u00e9o        <\/p>\n<p class=\"asset asset-text\">De la neige a aussi \u00e9t\u00e9 signal\u00e9e \u00e0 Bourges ou \u00e0 Nouans-les-Fontaines, dans la r\u00e9gion\u00a0Centre-Val de Loire.<\/p>\n<p> La lecture de ce contenu est susceptible d\u2019entra\u00eener un d\u00e9p\u00f4t de cookies de la part de l\u2019op\u00e9rateur tiers qui l\u2019h\u00e9berge. Compte-tenu des choix que vous avez exprim\u00e9s en mati\u00e8re de d\u00e9p\u00f4t de cookies, nous avons bloqu\u00e9 l\u2019affichage de ce contenu. Si vous souhaitez y acc\u00e9der, vous devez accepter la cat\u00e9gorie de cookies \u201cContenus tiers\u201d en cliquant sur le bouton ci-dessous. <\/p>\n<p> Lire la Vid\u00e9o           <\/p>\n<p> La lecture de ce contenu est susceptible d\u2019entra\u00eener un d\u00e9p\u00f4t de cookies de la part de l\u2019op\u00e9rateur tiers qui l\u2019h\u00e9berge. Compte-tenu des choix que vous avez exprim\u00e9s en mati\u00e8re de d\u00e9p\u00f4t de cookies, nous avons bloqu\u00e9 l\u2019affichage de ce contenu. Si vous souhaitez y acc\u00e9der, vous devez accepter la cat\u00e9gorie de cookies \u201cContenus tiers\u201d en cliquant sur le bouton ci-dessous. <\/p>\n<p> Lire la Vid\u00e9o            <\/p>\n<p class=\"asset asset-text\">Les Pays de la Loire et la Bretagne pourraient \u00e9galement conna\u00eetre un \u00e9pisode neigeux en tout d\u00e9but de matin\u00e9e, indique La Cha\u00eene M\u00e9t\u00e9o.<\/p>\n<p class=\"asset asset-text\">Au-del\u00e0 de la surprise de d\u00e9couvrir leur jardin ou leur balcon recouvert d\u2019une fine couche blanche, beaucoup de Fran\u00e7ais vont se r\u00e9veiller sous des temp\u00e9ratures tr\u00e8s froides, il fera par exemple -1\u00a0degr\u00e9 \u00e0 Paris. M\u00e9t\u00e9o France pr\u00e9voit une temp\u00e9rature moyenne nationale estim\u00e9e \u00e0\u00a03\u00a0\u00b0C, soit le 25\u00a0d\u00e9cembre le plus froid depuis 2010.<\/p>\n<p class=\"asset asset-text\">Avec le r\u00e9chauffement climatique, les \u00e9pisodes de\u00a0neige en plaine\u00a0sont beaucoup moins fr\u00e9quents depuis les ann\u00e9es 1980, rappelle <a href=\"https:\/\/meteofrance.com\/actualites-et-dossiers\/actualites\/de-la-neige-noel#:~:text=Si%20l\u2019imaginaire%20populaire%20associe,les%20r%C3%A9gions%20au%20climat%20m%C3%A9diterran%C3%A9en.\" target=\"_blank\" rel=\"noopener\" title=\"Nouvelle fen\u00eatre\">M\u00e9t\u00e9o France<\/a>. En effet, de nos jours, il pleut plus souvent qu\u2019il ne neige et cet or blanc fond plus rapidement.\u00a0Un ph\u00e9nom\u00e8ne devenu rare qui contribue au bonheur ressentit par les Fran\u00e7ais en ce No\u00ebl 2025.<\/p>\n","protected":false},"excerpt":{"rendered":"Photo MC. Desmarquet, partag\u00e9e sur X par M\u00e9t\u00e9o89 Des flocons sont tomb\u00e9s dans de nombreuses r\u00e9gions de l\u2019Hexagone,&hellip;\n","protected":false},"author":2,"featured_media":621065,"comment_status":"","ping_status":"","sticky":false,"template":"","format":"standard","meta":{"footnotes":""},"categories":[1592],"tags":[1111,11,1777,674,1011,27,662,2487,2357,10584,12,15830,626,25],"class_list":{"0":"post-621064","1":"post","2":"type-post","3":"status-publish","4":"format-standard","5":"has-post-thumbnail","7":"category-ile-de-france","8":"tag-actu","9":"tag-actualites","10":"tag-eu","11":"tag-europe","12":"tag-fr","13":"tag-france","14":"tag-ile-de-france","15":"tag-meteo","16":"tag-meteo-france","17":"tag-neige","18":"tag-news","19":"tag-noel","20":"tag-paris","21":"tag-republique-francaise"},"share_on_mastodon":{"url":"https:\/\/pubeurope.com\/@fr\/115778763974861665","error":""},"_links":{"self":[{"href":"https:\/\/www.europesays.com\/fr\/wp-json\/wp\/v2\/posts\/621064","targetHints":{"allow":["GET"]}}],"collection":[{"href":"https:\/\/www.europesays.com\/fr\/wp-json\/wp\/v2\/posts"}],"about":[{"href":"https:\/\/www.europesays.com\/fr\/wp-json\/wp\/v2\/types\/post"}],"author":[{"embeddable":true,"href":"https:\/\/www.europesays.com\/fr\/wp-json\/wp\/v2\/users\/2"}],"replies":[{"embeddable":true,"href":"https:\/\/www.europesays.com\/fr\/wp-json\/wp\/v2\/comments?post=621064"}],"version-history":[{"count":0,"href":"https:\/\/www.europesays.com\/fr\/wp-json\/wp\/v2\/posts\/621064\/revisions"}],"wp:featuredmedia":[{"embeddable":true,"href":"https:\/\/www.europesays.com\/fr\/wp-json\/wp\/v2\/media\/621065"}],"wp:attachment":[{"href":"https:\/\/www.europesays.com\/fr\/wp-json\/wp\/v2\/media?parent=621064"}],"wp:term":[{"taxonomy":"category","embeddable":true,"href":"https:\/\/www.europesays.com\/fr\/wp-json\/wp\/v2\/categories?post=621064"},{"taxonomy":"post_tag","embeddable":true,"href":"https:\/\/www.europesays.com\/fr\/wp-json\/wp\/v2\/tags?post=621064"}],"curies":[{"name":"wp","href":"https:\/\/api.w.org\/{rel}","templated":true}]}}