{"id":621066,"date":"2025-12-25T06:24:26","date_gmt":"2025-12-25T06:24:26","guid":{"rendered":"https:\/\/www.europesays.com\/fr\/621066\/"},"modified":"2025-12-25T06:24:26","modified_gmt":"2025-12-25T06:24:26","slug":"noel-samaritaine-tour-eiffel-marches-ce-qui-est-ouvert-a-paris-ce-jeudi-25-decembre","status":"publish","type":"post","link":"https:\/\/www.europesays.com\/fr\/621066\/","title":{"rendered":"No\u00ebl. Samaritaine, tour Eiffel, march\u00e9s\u2026 Ce qui est ouvert \u00e0 Paris ce jeudi 25 d\u00e9cembre"},"content":{"rendered":"<p>                    Par<br \/>\n        <strong><br \/>\n            <a href=\"https:\/\/actu.fr\/auteur\/dorinegoth\" title=\"Consulter tous les articles de Dorine Goth\" target=\"_blank\" rel=\"noopener\">Dorine Goth<\/a><br \/>\n                    <\/strong><\/p>\n<p>        Publi\u00e9 le<\/p>\n<p>            25 d\u00e9c. 2025 \u00e0 7h10        <\/p>\n<p>Qui dit\u00a0<strong>No\u00ebl<\/strong>, dit\u00a0<strong>jour f\u00e9ri\u00e9<\/strong>. C\u2019est l\u2019un des rares jours f\u00e9ri\u00e9s encore respect\u00e9. N\u00e9anmoins, si vous souhaitez prendre l\u2019air ou faire des activit\u00e9s, certains sites continuent d\u2019accueillir du public. Voici ce qui reste ouvert ou non \u00e0 <a href=\"https:\/\/actu.fr\/paris\/\" target=\"_blank\" rel=\"noopener\"><strong>Paris<\/strong><\/a> ce jeudi 25 d\u00e9cembre 2025.<\/p>\n<p>Ce qui est ouvert<\/p>\n<ul class=\" wall-content\">\n<li>Certains march\u00e9s alimentaires (consultez <a href=\"https:\/\/www.paris.fr\/lieux\/marches-alimentaires\/tous-les-horaires\" target=\"_blank\" rel=\"noopener\">les horaires ici<\/a>) : Saint-Eustache-Les Halles, les Enfants Rouges, Maubert, Port-Royal, Saint-Germain, Saxe-Breteuil, Saint-Martin, Saint-Quentin, Bastille, Porte Dor\u00e9e, Saint-Eloi, Porte-Dor\u00e9e, Ledru-Rollin, march\u00e9 d\u2019Aligre, Jeanne-d\u2019Arc, Maison-Blanche, Brune, Convention, Point-du-Jour, Passy, Batignolles, Ternes, La Chapelle, Ney, Joinville, Jean-Jaur\u00e8s, R\u00e9union, Pyr\u00e9n\u00e9es, Mortier.\u00a0<\/li>\n<li>Les\u00a0parcs et jardins\u00a0(consultez\u00a0<a href=\"https:\/\/www.paris.fr\/lieux\/parcs-jardins-et-bois\/tous-les-horaires\" target=\"_blank\" rel=\"noopener\">les horaires ici<\/a>)<\/li>\n<li>Les grands magasins \u00e0 l\u2019exception de la Samaritaine, ouverte de 12 heures \u00e0 20 heures<\/li>\n<\/ul>\n<p class=\" wall-content\">Certains mus\u00e9es et monuments continuent d\u2019accueillir des visiteurs comme la tour Eiffel, le mus\u00e9e Gr\u00e9vin, le mus\u00e9e Jacquemart-Andr\u00e9, le jardin d\u2019acclimatation, le parc zoologique de Paris, le mus\u00e9e Maillol ou encore l\u2019aquarium de Paris. La liste compl\u00e8te est \u00e0 <a href=\"https:\/\/parisjetaime.com\/article\/musees-et-monuments-ouverts-le-25-decembre-a976\" target=\"_blank\" rel=\"noopener\">retrouver ici<\/a>.\u00a0<\/p>\n<p>Ce qui est ferm\u00e9<\/p>\n<ul class=\" wall-content\">\n<li>Les mus\u00e9es municipaux<\/li>\n<li>Les biblioth\u00e8ques municipales<\/li>\n<li>Les piscines municipales<\/li>\n<li>Les cours de tennis<\/li>\n<li>Tous les services administratifs<\/li>\n<\/ul>\n<p class=\" wall-content\">\u00c0 noter que\u00a0le stationnement sera gratuit\u00a0dans Paris, comme tous les jours f\u00e9ri\u00e9s et dimanches.\u00a0<\/p>\n<p class=\" wall-content\">Personnalisez votre actualit\u00e9 en ajoutant vos villes et m\u00e9dias en favori avec <a href=\"https:\/\/moncompte.actu.fr\" title=\"D\u00e9couvez Mon Actu\" rel=\"nofollow noopener\" data-trk=\"{&quot;cta&quot;:{&quot;action&quot;:&quot;https:\\\/\\\/moncompte.actu.fr&quot;,&quot;category&quot;:&quot;mon compte&quot;,&quot;from&quot;:&quot;article footer&quot;,&quot;name&quot;:&quot;Mon actu&quot;,&quot;type&quot;:&quot;cta&quot;}}\" target=\"_blank\">Mon Actu<\/a>.<\/p>\n","protected":false},"excerpt":{"rendered":"Par Dorine Goth Publi\u00e9 le 25 d\u00e9c. 2025 \u00e0 7h10 Qui dit\u00a0No\u00ebl, dit\u00a0jour f\u00e9ri\u00e9. C\u2019est l\u2019un des rares&hellip;\n","protected":false},"author":2,"featured_media":621067,"comment_status":"","ping_status":"","sticky":false,"template":"","format":"standard","meta":{"footnotes":""},"categories":[1888],"tags":[1111,1928,11,1927,215,1777,674,1011,27,12,1926,15830,626,1925,25,73082,104],"class_list":{"0":"post-621066","1":"post","2":"type-post","3":"status-publish","4":"format-standard","5":"has-post-thumbnail","7":"category-paris","8":"tag-actu","9":"tag-actu-paris","10":"tag-actualites","11":"tag-actualites-paris","12":"tag-commerce","13":"tag-eu","14":"tag-europe","15":"tag-fr","16":"tag-france","17":"tag-news","18":"tag-news-paris","19":"tag-noel","20":"tag-paris","21":"tag-paris-news","22":"tag-republique-francaise","23":"tag-samaritaine","24":"tag-societe"},"share_on_mastodon":{"url":"https:\/\/pubeurope.com\/@fr\/115778778777979515","error":""},"_links":{"self":[{"href":"https:\/\/www.europesays.com\/fr\/wp-json\/wp\/v2\/posts\/621066","targetHints":{"allow":["GET"]}}],"collection":[{"href":"https:\/\/www.europesays.com\/fr\/wp-json\/wp\/v2\/posts"}],"about":[{"href":"https:\/\/www.europesays.com\/fr\/wp-json\/wp\/v2\/types\/post"}],"author":[{"embeddable":true,"href":"https:\/\/www.europesays.com\/fr\/wp-json\/wp\/v2\/users\/2"}],"replies":[{"embeddable":true,"href":"https:\/\/www.europesays.com\/fr\/wp-json\/wp\/v2\/comments?post=621066"}],"version-history":[{"count":0,"href":"https:\/\/www.europesays.com\/fr\/wp-json\/wp\/v2\/posts\/621066\/revisions"}],"wp:featuredmedia":[{"embeddable":true,"href":"https:\/\/www.europesays.com\/fr\/wp-json\/wp\/v2\/media\/621067"}],"wp:attachment":[{"href":"https:\/\/www.europesays.com\/fr\/wp-json\/wp\/v2\/media?parent=621066"}],"wp:term":[{"taxonomy":"category","embeddable":true,"href":"https:\/\/www.europesays.com\/fr\/wp-json\/wp\/v2\/categories?post=621066"},{"taxonomy":"post_tag","embeddable":true,"href":"https:\/\/www.europesays.com\/fr\/wp-json\/wp\/v2\/tags?post=621066"}],"curies":[{"name":"wp","href":"https:\/\/api.w.org\/{rel}","templated":true}]}}