{"id":621068,"date":"2025-12-25T06:27:34","date_gmt":"2025-12-25T06:27:34","guid":{"rendered":"https:\/\/www.europesays.com\/fr\/621068\/"},"modified":"2025-12-25T06:27:34","modified_gmt":"2025-12-25T06:27:34","slug":"claude-francois-son-dernier-penthouse-a-paris-dans-un-immeuble-des-annees-1960","status":"publish","type":"post","link":"https:\/\/www.europesays.com\/fr\/621068\/","title":{"rendered":"Claude Fran\u00e7ois : son dernier penthouse \u00e0 Paris dans un immeuble des ann\u00e9es 1960"},"content":{"rendered":"<p><img decoding=\"async\" alt=\"Claude Fran\u00e7ois son dernier appartement est \u00e0 vendre batiment en bton des annes 1960\" loading=\"lazy\" class=\"ResponsiveImageContainer-eNxvmU cfBbTk responsive-image__image\"   src=\"https:\/\/www.europesays.com\/fr\/wp-content\/uploads\/2025\/12\/Appartement%20Claude%20Franc%CC%A7ois%20-%20toit%20terrasse%20Paris%2016%20(10).jpg\"\/><\/p>\n<p>Dans l&rsquo;ouest parisien, l&rsquo;ancien penthouse de Claude Fran\u00e7ois est situ\u00e9 dans un immeuble des ann\u00e9es 1960.<\/p>\n<p>\u00a9 Architecture de Collection<\/p>\n<p>L&rsquo;ultime adresse de Claude Fran\u00e7ois<\/p>\n<p>\u00c9ternel perfectionniste et maniaque du d\u00e9tail, Claude Fran\u00e7ois tente de redresser une applique murale dans sa <a href=\"https:\/\/www.admagazine.fr\/galerie\/salle-de-bains-conseils-judicieux-amenager\" target=\"_blank\" rel=\"noopener\">salle de bains<\/a> alors qu\u2019il prend un bain dans son appartement parisien. Au contact des fils \u00e9lectriques en partie d\u00e9nud\u00e9s, ses doigts restent coll\u00e9s au cuivre : il s\u2019\u00e9lectrocute le 11 mars 1978. V\u00e9ritable ph\u00e9nom\u00e8ne de son vivant, l\u2019interpr\u00e8te de Cette ann\u00e9e-l\u00e0 voit son mythe encore davantage renforc\u00e9 par sa spectaculaire disparition. Restaur\u00e9 pour faire entrer la lumi\u00e8re, l\u2019appartement a \u00e9t\u00e9 modifi\u00e9 apr\u00e8s la disparition de l\u2019artiste. Cuisine et salle de bains ont \u00e9t\u00e9 d\u00e9plac\u00e9es pour constituer un lieu de vie agr\u00e9able et plus ouvert vers l\u2019ext\u00e9rieur.<\/p>\n<p>Le penthouse de Claude Fran\u00e7ois \u00e9tait mis en vente l&rsquo;an dernier pour 950 000 \u20ac par l\u2019agence Architecture de Collection. L&rsquo;appartement a \u00e9t\u00e9 vendu depuis.<\/p>\n<p><img decoding=\"async\" alt=\"Claude Fran\u00e7ois son dernier appartement est \u00e0 vendre\" loading=\"lazy\" class=\"ResponsiveImageContainer-eNxvmU cfBbTk responsive-image__image\"   src=\"https:\/\/www.europesays.com\/fr\/wp-content\/uploads\/2025\/12\/Appartement%20Claude%20Franc%CC%A7ois%20-%20toit%20terrasse%20Paris%2016%20(4).jpg\"\/><\/p>\n<p>\u00a9 Architecture de Collection<\/p>\n<p>Claude Fran\u00e7ois\u00a0a \u00e9galement v\u00e9cu dans un moulin pr\u00e8s de Paris<\/p>\n<p>Une demeure de 500 m\u00e8tres carr\u00e9s<\/p>\n<p>Sur les conseils de son amie et ic\u00f4ne <a href=\"https:\/\/www.admagazine.fr\/article\/brigitte-bardot-maisons\" target=\"_blank\" rel=\"noopener\">Brigitte Bardot<\/a>, Claude Fran\u00e7ois ach\u00e8te une r\u00e9sidence secondaire en 1964 \u00e0 quelques kilom\u00e8tres de Paris, \u00e0 la recherche d\u2019un havre de paix calme et spacieux, dans lequel il pourrait vivre une vie simple et passer du temps avec ses enfants. Il acquiert le Moulin de Dannemois, une grandiose demeure de 500 m\u00e8tres carr\u00e9s nich\u00e9s dans un somptueux parc de 3 hectares, \u00e0 proximit\u00e9 d\u2019une rivi\u00e8re, au creux d\u2019une oasis de verdure.<\/p>\n<p>La luxueuse maison de campagne accueille la famille de Claude Fran\u00e7ois, sa compagne Isabelle For\u00eat et leurs deux gar\u00e7ons, Claude Fran\u00e7ois Junior et Marc Fran\u00e7ois. Nich\u00e9 au c\u0153ur d\u2019un petit village de l\u2019Essonne, le moulin du XIIe si\u00e8cle subit plus de 9 ans de travaux pour devenir ce que l\u2019artiste appellera sa \u00ab\u00a0ferme du bonheur\u00a0\u00bb. La grande demeure qui a accueilli Sheila, <a href=\"https:\/\/www.admagazine.fr\/adinspiration\/article\/johnny-hallyday-photo-vintage\" target=\"_blank\" rel=\"noopener\">Johnny Hallyday<\/a>, France Gall ou <a href=\"https:\/\/www.admagazine.fr\/adinspiration\/galerie\/dalida-maison-cachee-hauteurs-montmartre\" target=\"_blank\" rel=\"noopener\">Dalida<\/a> inspire Claude Fran\u00e7ois \u00e0 \u00e9crire l\u2019un des plus grands classiques de son r\u00e9pertoire, le titre \u00ab\u00a0Comme d\u2019habitude\u00a0\u00bb.<\/p>\n<p>Le havre de paix du chanteur<\/p>\n<p>Entour\u00e9e de cascades, d\u2019une piscine XXL et d\u2019une discoth\u00e8que priv\u00e9e, la propri\u00e9t\u00e9 am\u00e9nag\u00e9e avec extravagance refl\u00e8te le caract\u00e8re du chanteur, en alliant charme rustique et modernisme. L\u2019artiste d\u00e9crivait ce lieu paisible comme un \u00ab\u00a0havre de paix avec ses oiseaux, sa verdure, ses vieilles pierres, son air pur\u00a0\u00bb, avant d\u2019ajouter \u00ab\u00a0c\u2019est l\u00e0 que j\u2019oublie les soucis, les tracas, c\u2019est l\u00e0 que je recharge mes batteries\u00a0\u00bb.<\/p>\n<p>La vie de Claude Fran\u00e7ois en dates cl\u00e9s<\/p>\n<p>Enfance \u00e9gyptienne et succ\u00e8s mondiaux<\/p>\n<p>Claude Fran\u00e7ois na\u00eet le 1er f\u00e9vrier 1939 \u00e0 Isma\u00eflia, en \u00c9gypte, dans une famille fran\u00e7aise install\u00e9e au bord du canal de Suez. Sa famille est contrainte de quitter l\u2019\u00c9gypte lors de la crise du canal de Suez en 1956. Claude Fran\u00e7ois arrive en France \u00e0 l&rsquo;adolescence et explore diff\u00e9rentes disciplines musicales \u00e0 l&rsquo;image de la batterie et du chant dans les orchestres. Le succ\u00e8s commence au d\u00e9but des ann\u00e9es 1960 et il devient une v\u00e9ritable ic\u00f4ne du public fran\u00e7ais \u2014 quant \u00e0 la chanson Comme d\u2019habitude elle conna\u00eet un succ\u00e8s mondial.<\/p>\n<p><strong>1er f\u00e9vrier 1939<\/strong><\/p>\n<p>Naissance de Claude Fran\u00e7ois \u00e0 Isma\u00eflia, en \u00c9gypte<\/p>\n<p><strong>1956<\/strong><\/p>\n<p>La crise du canal de Suez oblige sa famille \u00e0 quitter l\u2019\u00c9gypte pour la France<\/p>\n<p><strong>Fin des ann\u00e9es 1950<\/strong><\/p>\n<p>D\u00e9buts difficiles dans la musique ; Claude Fran\u00e7ois joue de la batterie.<\/p>\n<p><strong>1962<\/strong><\/p>\n<p>Succ\u00e8s fulgurant avec la chanson Belles ! Belles ! Belles !<\/p>\n<p><strong>1963\u20131964<\/strong><\/p>\n<p>Claude Fran\u00e7ois devient une idole populaire de la jeunesse fran\u00e7aise<\/p>\n<p><strong>1966<\/strong><\/p>\n<p>Cr\u00e9ation des Claudettes, des personnages l\u00e9gendaires dans sa carri\u00e8re<\/p>\n<p><strong>1967<\/strong><\/p>\n<p>Sortie de Comme d\u2019habitude, une chanson qui conna\u00eetra un succ\u00e8s international<\/p>\n<p><strong>Ann\u00e9es 1970<\/strong><\/p>\n<p>Claude Fran\u00e7ois s\u2019impose comme producteur, homme d\u2019affaires et artiste complet<\/p>\n<p><strong>1972<\/strong><\/p>\n<p>Cr\u00e9ation de son magazine Podium<\/p>\n<p><strong>11 mars 1978<\/strong><\/p>\n<p>Mort accidentelle \u00e0 Paris \u00e0 l\u2019\u00e2ge de 39 ans<\/p>\n","protected":false},"excerpt":{"rendered":"Dans l&rsquo;ouest parisien, l&rsquo;ancien penthouse de Claude Fran\u00e7ois est situ\u00e9 dans un immeuble des ann\u00e9es 1960. \u00a9 Architecture&hellip;\n","protected":false},"author":2,"featured_media":621069,"comment_status":"","ping_status":"","sticky":false,"template":"","format":"standard","meta":{"footnotes":""},"categories":[1888],"tags":[1111,1928,11,1927,1000,1777,674,1011,27,1965,34475,12,1926,626,1925,25],"class_list":{"0":"post-621068","1":"post","2":"type-post","3":"status-publish","4":"format-standard","5":"has-post-thumbnail","7":"category-paris","8":"tag-actu","9":"tag-actu-paris","10":"tag-actualites","11":"tag-actualites-paris","12":"tag-celebrites","13":"tag-eu","14":"tag-europe","15":"tag-fr","16":"tag-france","17":"tag-maisons-a-vendre","18":"tag-maisons-de-celebrites","19":"tag-news","20":"tag-news-paris","21":"tag-paris","22":"tag-paris-news","23":"tag-republique-francaise"},"share_on_mastodon":{"url":"https:\/\/pubeurope.com\/@fr\/115778791483893271","error":""},"_links":{"self":[{"href":"https:\/\/www.europesays.com\/fr\/wp-json\/wp\/v2\/posts\/621068","targetHints":{"allow":["GET"]}}],"collection":[{"href":"https:\/\/www.europesays.com\/fr\/wp-json\/wp\/v2\/posts"}],"about":[{"href":"https:\/\/www.europesays.com\/fr\/wp-json\/wp\/v2\/types\/post"}],"author":[{"embeddable":true,"href":"https:\/\/www.europesays.com\/fr\/wp-json\/wp\/v2\/users\/2"}],"replies":[{"embeddable":true,"href":"https:\/\/www.europesays.com\/fr\/wp-json\/wp\/v2\/comments?post=621068"}],"version-history":[{"count":0,"href":"https:\/\/www.europesays.com\/fr\/wp-json\/wp\/v2\/posts\/621068\/revisions"}],"wp:featuredmedia":[{"embeddable":true,"href":"https:\/\/www.europesays.com\/fr\/wp-json\/wp\/v2\/media\/621069"}],"wp:attachment":[{"href":"https:\/\/www.europesays.com\/fr\/wp-json\/wp\/v2\/media?parent=621068"}],"wp:term":[{"taxonomy":"category","embeddable":true,"href":"https:\/\/www.europesays.com\/fr\/wp-json\/wp\/v2\/categories?post=621068"},{"taxonomy":"post_tag","embeddable":true,"href":"https:\/\/www.europesays.com\/fr\/wp-json\/wp\/v2\/tags?post=621068"}],"curies":[{"name":"wp","href":"https:\/\/api.w.org\/{rel}","templated":true}]}}