{"id":621072,"date":"2025-12-25T06:30:17","date_gmt":"2025-12-25T06:30:17","guid":{"rendered":"https:\/\/www.europesays.com\/fr\/621072\/"},"modified":"2025-12-25T06:30:17","modified_gmt":"2025-12-25T06:30:17","slug":"creee-a-deux-pas-de-disneyland-paris-la-vallee-village-accueille-autant-de-visiteurs-que-la-tour-eiffel","status":"publish","type":"post","link":"https:\/\/www.europesays.com\/fr\/621072\/","title":{"rendered":"Cr\u00e9\u00e9e \u00e0 deux pas de Disneyland Paris, la Vall\u00e9e Village accueille autant de visiteurs que&#8230; la Tour Eiffel"},"content":{"rendered":"<p>                    Par<br \/>\n        <strong><br \/>\n            <a href=\"https:\/\/actu.fr\/auteur\/julia-gualtieri\" title=\"Consulter tous les articles de Julia Gualtieri\" target=\"_blank\" rel=\"noopener\">Julia Gualtieri<\/a><br \/>\n                    <\/strong><\/p>\n<p>        Publi\u00e9 le<\/p>\n<p>            25 d\u00e9c. 2025 \u00e0 7h22        <\/p>\n<p>25\u00a0ans. Cette ann\u00e9e, la <b>Vall\u00e9e Village<\/b> f\u00eatait son quart de si\u00e8cle. Install\u00e9 \u00e0 <a href=\"https:\/\/actu.fr\/ile-de-france\/serris_77449\" target=\"_blank\" rel=\"noopener\">Serris<\/a>, \u00e0 c\u00f4t\u00e9 du <b>centre commercial Val d\u2019Europe<\/b>, le lieu s\u2019est impos\u00e9 au fil des ann\u00e9es comme<b> l\u2019une des destinations incontournables en \u00cele-de-France<\/b>. Il faut dire que ce village qui r\u00e9unit<b> plus de 120 boutiques de marques de luxe internationales<\/b> dont les collections pr\u00e9c\u00e9dentes sont propos\u00e9es \u00e0 prix Outlet, est le seul du groupe Value Retail en France. Il n\u2019en existe que onze dans le monde, dont neuf en Europe, deux en Chine et, depuis tr\u00e8s r\u00e9cemment, un petit dernier pr\u00e8s de New York. \u00c0 l\u2019occasion de cet anniversaire, retour sur l\u2019histoire des lieux.<\/p>\n<p>Au milieu des champs<\/p>\n<p class=\" wall-content\">Il y a 25\u00a0ans, Val d\u2019Europe \u00e9tait encore un territoire rural. Alors qu\u2019est-ce qui a pouss\u00e9 la soci\u00e9t\u00e9 priv\u00e9e Value Retail, fond\u00e9e en 1992 \u00e0 s\u2019installer ici et pas \u00e0 Paris, capitale de la mode ? Tout simplement\u2026 son voisin, <b>Disneyland Paris<\/b>. L\u2019emplacement s\u2019inscrit en effet dans le cadre du d\u00e9veloppement du secteur IV de <a href=\"https:\/\/actu.fr\/tag\/marne-la-vallee\" target=\"_blank\" rel=\"noopener\">Marne-la-Vall\u00e9e<\/a>, n\u00e9 d\u2019un <a href=\"https:\/\/actu.fr\/ile-de-france\/serris_77449\/de-disney-a-val-deurope-lhistoire-de-la-creation-de-lidentite-dun-territoire_52915445.html\" target=\"_blank\" rel=\"noopener\">partenariat unique entre l\u2019\u00c9tat fran\u00e7ais et The Walt Disney Company en 1987<\/a> et formalis\u00e9 dans une convention toujours en vigueur aujourd\u2019hui.<\/p>\n<p class=\" wall-content\">La soci\u00e9t\u00e9 a mis\u00e9 sur la cr\u00e9ation de cette ville nouvelle, organis\u00e9e autour du parc d\u2019attractions : \u00ab Disney a choisi Value Retail, soci\u00e9t\u00e9 qui a cr\u00e9\u00e9 et g\u00e8re La Vall\u00e9e Village, pour son concept unique. La Vall\u00e9e Village a ainsi \u00e9t\u00e9 pens\u00e9e comme <b>une destination compl\u00e9mentaire au parc<\/b>, accessible facilement depuis Paris et les h\u00f4tels de Disneyland Paris \u00bb, nous explique-t-on.<\/p>\n<p class=\" wall-content\">Aujourd\u2019hui, le secteur compte plus de 53 000\u00a0habitants, 49 000 emplois et 8 300 entreprises, dont 1 000 cr\u00e9\u00e9es en 2024.<\/p>\n<p>7\u00a0millions de visiteurs<\/p>\n<p class=\" wall-content\">Le pari a donc \u00e9t\u00e9 payant au vu du succ\u00e8s des lieux. Un chiffre illustre cette attractivit\u00e9 : la fr\u00e9quentation. Aujourd\u2019hui la Vall\u00e9e Village attire <b>7\u00a0millions de visiteurs chaque ann\u00e9e<\/b>, soit\u2026 autant que la Tour Eiffel ! \u00ab Ce qui en fait<b> le troisi\u00e8me site culturel et de loisirs le plus fr\u00e9quent\u00e9 autour de Paris<\/b>, apr\u00e8s Disneyland Paris et le Domaine de Versailles \u00bb, souligne Value Retail, reprenant les chiffres du site Visit Paris Region. Ses visiteurs viennent ainsi de toute la France et du monde entier : le Village est fr\u00e9quent\u00e9 par plus de <b>175 nationalit\u00e9s diff\u00e9rentes<\/b>.<\/p>\n<p class=\" wall-content\">Cultivant sa place comme p\u00f4le d\u2019attractivit\u00e9, la Vall\u00e9e Village veut aussi se distinguer \u00ab par son m\u00e9c\u00e9nat culturel hors les murs \u00bb, souligne la destination. Elle organise ainsi \u00ab des \u00e9v\u00e9nements au sein d\u2019expositions dans des mus\u00e9es prestigieux comme le Grand Palais, le mus\u00e9e du Luxembourg, ou dans des sites remarquables tels que l\u2019Orangerie du S\u00e9nat \u00e0 Paris \u00bb.<\/p>\n<p>Votre r\u00e9gion, votre actu !<\/p>\n<p>Recevez chaque jour les infos qui comptent pour vous.<\/p>\n<p>\t<a href=\"https:\/\/actu.fr\/newsletter\" class=\"ac-btn ac-btn--corner ac-btn--medium ac-btn--blue800\" target=\"_blank\" rel=\"noopener\">S&rsquo;incrire<\/a><br \/>\nUn petit village fran\u00e7ais<\/p>\n<p class=\" wall-content\">L\u2019une des cl\u00e9s du succ\u00e8s selon Value Retail ? La conception et l\u2019architecture des lieux. \u00ab <b>Le charme du Village<\/b> provient de ses rues pi\u00e9tonnes fleuries, de ses maisonnettes, et de son ambiance si agr\u00e9able que tous les visiteurs, qu\u2019ils viennent de pr\u00e8s ou de loin, s\u2019y sentent en vacances. \u00bb Le site a en effet \u00e9t\u00e9 pens\u00e9 comme un village fran\u00e7ais, avec petites maisons et ruelles pav\u00e9es.<\/p>\n<p class=\" wall-content\">La destination met \u00e9galement en avant comme \u00e9l\u00e9ment d\u2019attraction les <b>services <\/b>qu\u2019elle a d\u00e9velopp\u00e9s pour ses visiteurs, \u00e0 l\u2019instar du <b>shopping mains libres<\/b> ou du <b>shopping \u00e0 distance<\/b>.<\/p>\n<p class=\" wall-content\">Quant \u00e0 l\u2019offre ? Elle \u00e9volue en continu. Il y a quelques semaines, la Vall\u00e9e Village s\u2019est en effet ouvert \u00e0 la seconde main en accueillant Watchfinder &amp; Co., sp\u00e9cialiste mondial des montres de luxe d\u2019occasion. Une premi\u00e8re. C\u00f4t\u00e9 restauration aussi, la destination a r\u00e9v\u00e9l\u00e9 que c\u2019est d\u00e9sormais le chef triplement \u00e9toil\u00e9 Christian Le Squer qui signe la nouvelle carte du Menu Palais, son restaurant gourmet.<\/p>\n<p>S\u00e9duire la client\u00e8le ais\u00e9e<\/p>\n<p class=\" wall-content\">La Vall\u00e9e a donc f\u00eat\u00e9 cette ann\u00e9e ses 25\u00a0ans, en toute discr\u00e9tion. Sur place, seule l\u2019\u0153uvre du graffeur r\u00e9unionnais Jace, mettant en sc\u00e8ne ses embl\u00e9matiques Gouzous, t\u00e9moigne de cette ann\u00e9e un peu particuli\u00e8re. Seule nouveaut\u00e9 cr\u00e9\u00e9e pour cette date anniversaire : la cr\u00e9ation il y a un mois d\u2019un nouvel espace VIP de 300\u00a0m\u00e8tres carr\u00e9s enti\u00e8rement d\u00e9di\u00e9 au service de Personal Shopper, avec huit \u00ab suites services \u00bb. Objectif : renforcer l\u2019attractivit\u00e9 aupr\u00e8s d\u2019une client\u00e8le ais\u00e9e en proposant un accompagnement totalement personnalis\u00e9.<\/p>\n<p>\u00c0 quand l\u2019extension ?<\/p>\n<p class=\" wall-content\">Quant \u00e0 l\u2019avenir ? Si la Vall\u00e9e Village donne comme cap sa volont\u00e9 de \u00ab travailler \u00e0 d\u00e9velopper toujours plus de services pour ses visiteurs, qu\u2019ils viennent de Seine-et-Marne ou de l\u2019autre bout du monde \u00bb, une autre voie de d\u00e9veloppement est dans toutes les t\u00eates : <b>le projet d\u2019extension du village<\/b>. La destination reste tr\u00e8s discr\u00e8te sur ce point, mais le projet est toujours mentionn\u00e9 dans le PLUi (plan d\u2019urbanisme local intercommunal) de Val d\u2019Europe Agglom\u00e9ration. On parle d\u2019une <b>extension de 6 000\u00a0m2.<\/b><\/p>\n<p class=\" wall-content\">Personnalisez votre actualit\u00e9 en ajoutant vos villes et m\u00e9dias en favori avec <a href=\"https:\/\/moncompte.actu.fr\" title=\"D\u00e9couvez Mon Actu\" rel=\"nofollow noopener\" data-trk=\"{&quot;cta&quot;:{&quot;action&quot;:&quot;https:\\\/\\\/moncompte.actu.fr&quot;,&quot;category&quot;:&quot;mon compte&quot;,&quot;from&quot;:&quot;article footer&quot;,&quot;name&quot;:&quot;Mon actu&quot;,&quot;type&quot;:&quot;cta&quot;}}\" target=\"_blank\">Mon Actu<\/a>.<\/p>\n","protected":false},"excerpt":{"rendered":"Par Julia Gualtieri Publi\u00e9 le 25 d\u00e9c. 2025 \u00e0 7h22 25\u00a0ans. Cette ann\u00e9e, la Vall\u00e9e Village f\u00eatait son&hellip;\n","protected":false},"author":2,"featured_media":621073,"comment_status":"","ping_status":"","sticky":false,"template":"","format":"standard","meta":{"footnotes":""},"categories":[1888],"tags":[11,215,1777,674,1011,27,39175,12,626,25,104],"class_list":{"0":"post-621072","1":"post","2":"type-post","3":"status-publish","4":"format-standard","5":"has-post-thumbnail","7":"category-paris","8":"tag-actualites","9":"tag-commerce","10":"tag-eu","11":"tag-europe","12":"tag-fr","13":"tag-france","14":"tag-marne-la-vallee","15":"tag-news","16":"tag-paris","17":"tag-republique-francaise","18":"tag-societe"},"share_on_mastodon":{"url":"https:\/\/pubeurope.com\/@fr\/115778802351654915","error":""},"_links":{"self":[{"href":"https:\/\/www.europesays.com\/fr\/wp-json\/wp\/v2\/posts\/621072","targetHints":{"allow":["GET"]}}],"collection":[{"href":"https:\/\/www.europesays.com\/fr\/wp-json\/wp\/v2\/posts"}],"about":[{"href":"https:\/\/www.europesays.com\/fr\/wp-json\/wp\/v2\/types\/post"}],"author":[{"embeddable":true,"href":"https:\/\/www.europesays.com\/fr\/wp-json\/wp\/v2\/users\/2"}],"replies":[{"embeddable":true,"href":"https:\/\/www.europesays.com\/fr\/wp-json\/wp\/v2\/comments?post=621072"}],"version-history":[{"count":0,"href":"https:\/\/www.europesays.com\/fr\/wp-json\/wp\/v2\/posts\/621072\/revisions"}],"wp:featuredmedia":[{"embeddable":true,"href":"https:\/\/www.europesays.com\/fr\/wp-json\/wp\/v2\/media\/621073"}],"wp:attachment":[{"href":"https:\/\/www.europesays.com\/fr\/wp-json\/wp\/v2\/media?parent=621072"}],"wp:term":[{"taxonomy":"category","embeddable":true,"href":"https:\/\/www.europesays.com\/fr\/wp-json\/wp\/v2\/categories?post=621072"},{"taxonomy":"post_tag","embeddable":true,"href":"https:\/\/www.europesays.com\/fr\/wp-json\/wp\/v2\/tags?post=621072"}],"curies":[{"name":"wp","href":"https:\/\/api.w.org\/{rel}","templated":true}]}}