{"id":621080,"date":"2025-12-25T06:36:29","date_gmt":"2025-12-25T06:36:29","guid":{"rendered":"https:\/\/www.europesays.com\/fr\/621080\/"},"modified":"2025-12-25T06:36:29","modified_gmt":"2025-12-25T06:36:29","slug":"la-consommation-de-sachets-de-nicotine-progresse-fortement-chez-les-jeunes-hommes","status":"publish","type":"post","link":"https:\/\/www.europesays.com\/fr\/621080\/","title":{"rendered":"la consommation de sachets de nicotine progresse fortement chez les jeunes hommes"},"content":{"rendered":"<p style=\"text-align: justify\">Selon une r\u00e9cente \u00e9tude repr\u00e9sentative de la population des 16 ans et plus, publi\u00e9e dans The Lancet Public Health<a href=\"#_ftn1\" name=\"_ftnref1\"><strong>[1]<\/strong><\/a>, la pr\u00e9valence d\u2019usage des sachets de nicotine au Royaume-Uni est pass\u00e9e d\u2019environ 0,1 % de la population g\u00e9n\u00e9rale en 2020 \u00e0 1 % en 2025, ce qui correspond \u00e0 plus d\u2019un demi-million d\u2019utilisateurs. Cette croissance est principalement port\u00e9e par les membres de la g\u00e9n\u00e9ration Z, avec environ 4 % des 16-24 ans d\u00e9clarant utiliser ces produits en 2025, contre 0,7 % en 2022. Une proportion notable des utilisateurs (environ 16 %) n\u2019a jamais fum\u00e9 r\u00e9guli\u00e8rement de cigarettes, et une majorit\u00e9 des usagers cumule l\u2019usage de sachets de nicotine avec d\u2019autres produits nicotiniques, comme les cigarettes ou les cigarettes \u00e9lectroniques.<\/p>\n<p style=\"text-align: justify\">L\u2019analyse repose sur les donn\u00e9es de l\u2019\u00e9tude publi\u00e9e dans The Lancet Public Health, qui a utilis\u00e9 des donn\u00e9es provenant d\u2019une enqu\u00eate transversale repr\u00e9sentative de la population en Grande-Bretagne, conduite entre octobre 2020 et mars 2025, avec un \u00e9chantillon total de 127 793 personnes \u00e2g\u00e9es de 16 ans et plus. La pr\u00e9valence actuelle d\u2019usage des sachets de nicotine a \u00e9t\u00e9 estim\u00e9e pour l\u2019ensemble de la population et pour plusieurs sous-groupes d\u00e9finis par l\u2019\u00e2ge, le sexe et les comportements tabagiques ou vapotage. L\u2019\u00e9tude est financ\u00e9e par Cancer Research UK et s\u2019appuie sur les donn\u00e9es de l\u2019enqu\u00eate Smoking Toolkit Study, un dispositif de surveillance des comportements li\u00e9s au tabac et aux produits nicotiniques au Royaume-Uni.<\/p>\n<p><strong>Une diffusion g\u00e9n\u00e9rationnelle marqu\u00e9e, port\u00e9e par les jeunes hommes<\/strong><\/p>\n<p style=\"text-align: justify\">Les donn\u00e9es montrent une progression nette de l\u2019usage des sachets de nicotine dans la population britannique, avec une pr\u00e9valence d\u2019utilisation actuelle estim\u00e9e \u00e0 environ 1% de la population \u00e2g\u00e9e de 16 ans et plus en 2025, contre 0,1 % en 2020, soit une augmentation d\u2019un demi-million de personnes. Cette augmentation est particuli\u00e8rement marqu\u00e9e parmi les jeunes adultes : chez les 16-24 ans, l\u2019usage est pass\u00e9 de 0,7 % en 2022 \u00e0 4 % en 2025, et il est encore plus \u00e9lev\u00e9 chez les jeunes hommes de cette tranche d\u2019\u00e2ge, avec un taux d\u2019environ 7,5 % en 2025, contre 1,9 % chez les jeunes femmes du m\u00eame groupe d\u2019\u00e2ge. \u00c0 l\u2019inverse, l\u2019usage reste faible et stable chez les adultes de 35 ans et plus durant cette p\u00e9riode. Par ailleurs, une part croissante de fumeurs a recours aux sachets de nicotine dans leurs tentatives de r\u00e9duction ou d\u2019arr\u00eat du tabac, passant de 0,4 % des tentatives en 2020 \u00e0 1,7 % en 2025, ce qui sugg\u00e8re des usages diversifi\u00e9s de ces produits. Ces tendances s\u2019inscrivent dans un contexte de marketing particuli\u00e8rement agressif, incluant des campagnes promotionnelles sur les r\u00e9seaux sociaux, l\u2019affichage dans les transports publics et le parrainage d\u2019\u00e9v\u00e9nements susceptibles d\u2019attirer les jeunes g\u00e9n\u00e9rations. L\u2019ensemble de ces \u00e9l\u00e9ments souligne l\u2019importance d\u2019une attention renforc\u00e9e des autorit\u00e9s de sant\u00e9 publique face \u00e0 l\u2019expansion de ces produits chez les jeunes adultes rappellent les auteurs de l\u2019\u00e9tude.<\/p>\n<p><strong>Une d\u00e9pendance nicotinique entretenue par la coexistence de diff\u00e9rents produits<\/strong><\/p>\n<p style=\"text-align: justify\">Les r\u00e9sultats de l\u2019\u00e9tude indiquent que l\u2019usage des sachets de nicotine s\u2019inscrit le plus souvent dans des pratiques de poly-consommation. Pr\u00e8s de 69 % des utilisateurs d\u00e9clarent consommer simultan\u00e9ment au moins un autre produit nicotinique. Parmi eux, 56,4 % continuent de fumer des cigarettes combustibles et 38,8 % utilisent \u00e9galement des cigarettes \u00e9lectroniques, r\u00e9v\u00e9lant des sch\u00e9mas d\u2019usage double, voire triple, plut\u00f4t qu\u2019un remplacement d\u2019un produit par un autre. Ces donn\u00e9es sugg\u00e8rent que les sachets de nicotine ne se substituent pas majoritairement aux produits existants mais viennent s\u2019y ajouter, contribuant au maintien, voire au renforcement, d\u2019une d\u00e9pendance globale \u00e0 la nicotine.<\/p>\n<p style=\"text-align: justify\">L\u2019\u00e9tude met \u00e9galement en \u00e9vidence que 15,6 % des utilisateurs de sachets de nicotine n\u2019ont jamais \u00e9t\u00e9 des fumeurs r\u00e9guliers, ce qui soul\u00e8ve des interrogations quant au r\u00f4le potentiel de ces produits dans l\u2019initiation \u00e0 la consommation de nicotine. Dans une perspective de sant\u00e9 publique, ces \u00e9l\u00e9ments interrogent le positionnement des sachets de nicotine comme outils de r\u00e9duction des risques, mis en avant par leurs fabricants, et soulignent la n\u00e9cessit\u00e9 d\u2019une vigilance accrue face aux risques de banalisation de la d\u00e9pendance nicotinique, en particulier chez les jeunes adultes. Au-del\u00e0, se pose \u00e0 plus ou moins long terme, la question de l\u2019effet passerelle potentiel de ces produits en particulier vers les produits du tabac.<\/p>\n<p><strong>Un imp\u00e9ratif de r\u00e9glementation face \u00e0 des usages en\u00a0 forte expansion<\/strong><\/p>\n<p style=\"text-align: justify\">La progression rapide de l\u2019usage des sachets de nicotine, en particulier chez les jeunes adultes, soul\u00e8ve des enjeux r\u00e9glementaires majeurs et met en \u00e9vidence les limites des cadres existants face \u00e0 l\u2019\u00e9mergence de nouveaux produits nicotiniques. Les auteurs soulignent la n\u00e9cessit\u00e9 d\u2019une r\u00e9ponse r\u00e9glementaire proactive afin d\u2019\u00e9viter que ces produits ne contribuent \u00e0 une normalisation durable de la consommation de nicotine, notamment aupr\u00e8s de publics jeunes n\u2019ayant pas d\u2019ant\u00e9c\u00e9dents tabagiques. Ils recommandent en particulier un encadrement strict de l\u2019acc\u00e8s \u00e0 ces produits, des restrictions fortes en mati\u00e8re de marketing et de promotion, ainsi qu\u2019une surveillance continue de leur diffusion et de leurs usages au sein de la population.<\/p>\n<p style=\"text-align: justify\">Dans ce contexte, plusieurs pays ont d\u00e9j\u00e0 adopt\u00e9 des mesures restrictives, voire des interdictions, afin de pr\u00e9venir l\u2019\u00e9mergence d\u2019une nouvelle dynamique de d\u00e9pendance nicotinique. En Europe, la France, la Belgique et les Pays-Bas ont ainsi interdit la commercialisation des sachets de nicotine, consid\u00e9rant les signaux pr\u00e9occupants li\u00e9s \u00e0 leur attractivit\u00e9 aupr\u00e8s des jeunes et l\u2019absence de b\u00e9n\u00e9fices d\u00e9montr\u00e9s en mati\u00e8re de sevrage tabagique \u00e0 l\u2019\u00e9chelle populationnelle. Ces choix s\u2019inscrivent dans une approche de pr\u00e9caution visant \u00e0 prot\u00e9ger les jeunes g\u00e9n\u00e9rations et \u00e0 \u00e9viter l\u2019installation d\u2019une nouvelle \u00e9pid\u00e9mie de consommation de nicotine, susceptible de compromettre les avanc\u00e9es r\u00e9alis\u00e9es en mati\u00e8re de lutte contre le tabagisme. Les sachets de nicotine se caract\u00e9risent en effet par des teneurs majeures en nicotine et la d\u00e9pendance induite pose aussi la question de l\u2019arsenal th\u00e9rapeutique inexistant pour la prise en charge des consommateurs d\u00e9sireux de se sevrer de ces produits.<\/p>\n<p style=\"text-align: justify\">Les auteurs appellent par ailleurs \u00e0 renforcer la collecte de donn\u00e9es ind\u00e9pendantes, \u00e0 mieux documenter les trajectoires de consommation multiples et \u00e0 int\u00e9grer les sachets de nicotine dans les strat\u00e9gies globales de pr\u00e9vention des addictions. Dans une perspective de sant\u00e9 publique, ces recommandations convergent vers la n\u00e9cessit\u00e9 d\u2019anticiper les strat\u00e9gies de diversification de l\u2019offre nicotinique et de garantir des cadres r\u00e9glementaires coh\u00e9rents, fond\u00e9s sur la protection de la sant\u00e9, la pr\u00e9vention de l\u2019initiation et la d\u00e9normalisation de l\u2019usage de la nicotine sous toutes ses formes.<\/p>\n<p style=\"text-align: justify\"><strong style=\"text-align: justify\"><a href=\"https:\/\/www.generationsanstabac.org\/\" target=\"_blank\" rel=\"noopener\">\u00a9G\u00e9n\u00e9ration Sans Tabac<\/a><\/strong><\/p>\n<p style=\"text-align: right\"><strong>AE<\/strong><\/p>\n<p style=\"text-align: justify\"><a href=\"#_ftnref1\" name=\"_ftn1\">[1]<\/a> <a href=\"https:\/\/www.thelancet.com\/journals\/lanpub\/article\/PIIS2468-2667(25)00296-8\/fulltext\" target=\"_blank\" rel=\"noopener\"><strong>Oral nicotine pouch use in Great Britain: a repeat cross-sectional study, 2020\u201325<\/strong><\/a><strong>, <\/strong>Tattan-Birch, Harry et al. The Lancet Public Health, Volume 0, Issue 0<\/p>\n<p style=\"text-align: justify\"><strong style=\"color: #999999\"><a style=\"color: #999999\" href=\"http:\/\/www.cnct.fr\/\" target=\"_blank\" rel=\"noopener noreferrer\">Comit\u00e9 national contre le tabagisme |<\/a><\/strong><\/p>\n","protected":false},"excerpt":{"rendered":"Selon une r\u00e9cente \u00e9tude repr\u00e9sentative de la population des 16 ans et plus, publi\u00e9e dans The Lancet Public&hellip;\n","protected":false},"author":2,"featured_media":621081,"comment_status":"","ping_status":"","sticky":false,"template":"","format":"standard","meta":{"footnotes":""},"categories":[1588],"tags":[11,1777,674,12,473,1853,1851,1850,1852],"class_list":{"0":"post-621080","1":"post","2":"type-post","3":"status-publish","4":"format-standard","5":"has-post-thumbnail","7":"category-royaume-uni","8":"tag-actualites","9":"tag-eu","10":"tag-europe","11":"tag-news","12":"tag-royaume-uni","13":"tag-royaume-uni-de-grande-bretagne-et-dirlande-du-nord","14":"tag-uk","15":"tag-united-kingdom","16":"tag-united-kingdom-of-great-britain-and-northern-ireland"},"share_on_mastodon":{"url":"https:\/\/pubeurope.com\/@fr\/115778826008643831","error":""},"_links":{"self":[{"href":"https:\/\/www.europesays.com\/fr\/wp-json\/wp\/v2\/posts\/621080","targetHints":{"allow":["GET"]}}],"collection":[{"href":"https:\/\/www.europesays.com\/fr\/wp-json\/wp\/v2\/posts"}],"about":[{"href":"https:\/\/www.europesays.com\/fr\/wp-json\/wp\/v2\/types\/post"}],"author":[{"embeddable":true,"href":"https:\/\/www.europesays.com\/fr\/wp-json\/wp\/v2\/users\/2"}],"replies":[{"embeddable":true,"href":"https:\/\/www.europesays.com\/fr\/wp-json\/wp\/v2\/comments?post=621080"}],"version-history":[{"count":0,"href":"https:\/\/www.europesays.com\/fr\/wp-json\/wp\/v2\/posts\/621080\/revisions"}],"wp:featuredmedia":[{"embeddable":true,"href":"https:\/\/www.europesays.com\/fr\/wp-json\/wp\/v2\/media\/621081"}],"wp:attachment":[{"href":"https:\/\/www.europesays.com\/fr\/wp-json\/wp\/v2\/media?parent=621080"}],"wp:term":[{"taxonomy":"category","embeddable":true,"href":"https:\/\/www.europesays.com\/fr\/wp-json\/wp\/v2\/categories?post=621080"},{"taxonomy":"post_tag","embeddable":true,"href":"https:\/\/www.europesays.com\/fr\/wp-json\/wp\/v2\/tags?post=621080"}],"curies":[{"name":"wp","href":"https:\/\/api.w.org\/{rel}","templated":true}]}}