{"id":621086,"date":"2025-12-25T06:40:15","date_gmt":"2025-12-25T06:40:15","guid":{"rendered":"https:\/\/www.europesays.com\/fr\/621086\/"},"modified":"2025-12-25T06:40:15","modified_gmt":"2025-12-25T06:40:15","slug":"a-72-ans-nicole-en-veut-encore-a-ses-parents","status":"publish","type":"post","link":"https:\/\/www.europesays.com\/fr\/621086\/","title":{"rendered":"\u00e0 72 ans, Nicole en veut encore \u00e0 ses parents"},"content":{"rendered":"<p>No\u00ebl est une p\u00e9riode magique, surtout lorsque l\u2019on est enfant et que l\u2019on attend sagement (ou pas) la venue du p\u00e8re No\u00ebl la nuit du 24 au 25\u00a0d\u00e9cembre. C\u2019est en tout cas comme \u00e7a que Nadine aurait aim\u00e9 passer les f\u00eates lorsqu\u2019elle \u00e9tait petite. \u00c0 72 ans aujourd\u2019hui, cette Is\u00e9roise est encore marqu\u00e9e par ce No\u00ebl qu\u2019elle n\u2019a pas eu \u00e9tant enfant.<\/p>\n<p>\u00ab\u00a0Nous n\u2019avions jamais entendu parler <a href=\"https:\/\/www.leprogres.fr\/economie\/2025\/12\/22\/et-si-la-viande-n-etait-plus-incontournable-au-repas-de-noel\" target=\"_blank\" rel=\"noopener\">de No\u00ebl<\/a> chez nous. En revanche, en 1958, lorsque nous sommes all\u00e9s chez mon grand-p\u00e8re, en Is\u00e8re, il nous a parl\u00e9 de Saint-Nicolas et nous a offert une orange pour cette occasion, que nous avons divis\u00e9e en quatre pour la partager avec mon fr\u00e8re et ma s\u0153ur. Je me souviens encore du plaisir, du go\u00fbt, de l\u2019odeur. C\u2019\u00e9tait si bon que nous avons mang\u00e9 la peau sans savoir que celle-ci n\u2019\u00e9tait pas consommable\u00a0\u00bb, se rem\u00e9more-t-elle.<\/p>\n<p>\u00ab\u00a0Nous n\u2019\u00e9tions que des enfants\u00a0\u00bb<\/p>\n<p>Lorsqu\u2019elle rentre en CP, \u00e0 Lyon, l\u00e0 o\u00f9 elle vit avec ses parents et ses fr\u00e8res et s\u0153urs, elle entend alors parler pour la premi\u00e8re fois du p\u00e8re No\u00ebl dans la cour d\u2019\u00e9cole. \u00ab\u00a0J\u2019ai grandi avec des parents communistes qui m\u2019ont tout de suite expliqu\u00e9 que le p\u00e8re No\u00ebl n\u2019existait pas. On ne f\u00eatait d\u2019ailleurs pas No\u00ebl. Qu\u2019importe, je ne voulais pas les croire\u00a0\u00bb, rembobine Nicole.<\/p>\n<p>Elle entend par ses camarades de classe qu\u2019il faut laisser ses souliers devant la chemin\u00e9e le soir du 24\u00a0d\u00e9cembre pour esp\u00e9rer avoir un cadeau. Elle embarque alors sa grande s\u0153ur et son grand fr\u00e8re dans cette histoire et les convainc de laisser leurs souliers devant le po\u00eale \u00e0 mazout. Quelle ne f\u00fbt pas leur surprise et leur d\u00e9sarroi lorsque le matin de No\u00ebl, ils ont trouv\u00e9\u2026 des poireaux dans leurs chaussures. \u00ab\u00a0Ils ont certainement voulu nous faire une blague, c\u2019\u00e9tait un milieu assez cynique, mais nous n\u2019\u00e9tions que des enfants, nous \u00e9tions sid\u00e9r\u00e9s\u00a0\u00bb, se rappelle-t-elle.<\/p>\n<p>Devant cette tentative rat\u00e9e de c\u00e9l\u00e9brer No\u00ebl, Nicole abandonne et ne croit plus aux mythes qui entourent cette f\u00eate, quoi qu\u2019en disent ses camarades de classe. Pour tenter de se rattraper, leurs parents leur ont offert un jeu de l\u2019oie le 1\u1d49\u02b3 janvier, par le \u00ab\u00a0p\u00e8re Janvier\u00a0\u00bb, qui est l\u2019anc\u00eatre du p\u00e8re No\u00ebl. Mais c\u2019est trop tard, le mal est fait. \u00ab\u00a0La cruaut\u00e9 qui en d\u00e9coule est rest\u00e9e grav\u00e9e en moi\u00a0\u00bb, regrette Nicole.<\/p>\n<p>Ce n\u2019est qu\u2019\u00e0 18 ans, lorsqu\u2019elle se marie, qu\u2019elle d\u00e9couvre <a href=\"https:\/\/www.leprogres.fr\/magazine-lifestyle\/2024\/12\/23\/politique-conflits-comment-aborder-les-sujets-sensibles-a-noel-sans-se-facher\" target=\"_blank\" rel=\"noopener\">les repas de No\u00ebl en famille<\/a>. \u00ab\u00a0J\u2019ai tent\u00e9 de cr\u00e9er de nouvelles habitudes, mais \u00e7a a \u00e9t\u00e9 une grande d\u00e9ception, parce que \u00e7a n\u2019a jamais \u00e9t\u00e9 ce que j\u2019attendais. L\u2019esprit de No\u00ebl n\u2019a pas pris, il manquait de chaleur humaine, de la joie. Finalement, j\u2019ai arr\u00eat\u00e9, mis \u00e0 part pour mes enfants\u00a0\u00bb, soupire-t-elle.<\/p>\n<p>  \u00c0 la recherche de chaleur humaine<\/p>\n<p>Aujourd\u2019hui, ses deux gar\u00e7ons sont grands, puisqu\u2019ils ont 51 et 53 ans, mais elle se souvient les avoir g\u00e2t\u00e9s tant qu\u2019elle pouvait, encha\u00eenant les heures suppl\u00e9mentaires et les petits boulots pour pouvoir <a href=\"https:\/\/www.leprogres.fr\/economie\/2025\/12\/07\/les-kidultes-ces-adultes-qui-redonnent-vie-au-marche-du-jouet\" target=\"_blank\" rel=\"noopener\">d\u00e9poser des cadeaux au pied du sapin<\/a> et voir la joie sur leurs visages d\u2019enfants. \u00ab\u00a0Je m\u2019aper\u00e7ois que tout \u00e7a, je l\u2019ai finalement peut-\u00eatre fait pour moi, pour r\u00e9parer quelque chose que je n\u2019ai pas eu \u00e9tant petite. \u00c7a a certainement jou\u00e9 sur les attentes que j\u2019ai autour de cette f\u00eate, je n\u2019ai jamais eu le No\u00ebl de mes r\u00eaves, dont me parlaient mes copines \u00e0 l\u2019\u00e9cole. M\u00eame si je ne porte plus la tristesse de ce moment avec mes parents, il y aura toujours un manque\u00a0\u00bb, songe-t-elle.<\/p>\n<p>Pour autant, elle ne veut pas abandonner l\u2019esprit de No\u00ebl qui sommeille en elle. Son r\u00e9confort\u00a0: \u00ab Je collectionne des petites figurines anciennes pour faire des grandes cr\u00e8ches tous les ans, m\u00eame quand je suis toute seule, c\u2019est rare, mais avec un fils qui travaille \u00e0 No\u00ebl et un autre qui habite en Norv\u00e8ge, \u00e7a peut arriver. Je ne suis jamais triste parce que j\u2019ai tout mon petit entourage\u00a0\u00bb, confie-t-elle.<\/p>\n<p>Son autre plaisir\u00a0: lorsqu\u2019elle le peut, elle rend visite \u00e0 son fils en Norv\u00e8ge pendant les f\u00eates et s\u2019impr\u00e8gne de l\u2019esprit de No\u00ebl qui r\u00e8gne dans ce pays. \u00ab\u00a0Je me r\u00e9gale, il y a des d\u00e9corations, des bougies de partout et surtout beaucoup de joie, c\u2019est un moment important pour eux\u00a0\u00bb, souligne l\u2019Is\u00e9roise. Cette ann\u00e9e, elle passera le No\u00ebl chez elle, entour\u00e9e de ses neveux et ni\u00e8ces, en essayant de retrouver cette chaleur humaine des f\u00eates qu\u2019elle n\u2019a pas connue lorsqu\u2019elle \u00e9tait enfant.<\/p>\n","protected":false},"excerpt":{"rendered":"No\u00ebl est une p\u00e9riode magique, surtout lorsque l\u2019on est enfant et que l\u2019on attend sagement (ou pas) la&hellip;\n","protected":false},"author":2,"featured_media":621087,"comment_status":"","ping_status":"","sticky":false,"template":"","format":"standard","meta":{"footnotes":""},"categories":[1586],"tags":[11,1777,674,1779,107,1011,27,329,1031,15108,12,25,273,104,1778,364],"class_list":{"0":"post-621086","1":"post","2":"type-post","3":"status-publish","4":"format-standard","5":"has-post-thumbnail","7":"category-europe","8":"tag-actualites","9":"tag-eu","10":"tag-europe","11":"tag-european-union","12":"tag-fil-info","13":"tag-fr","14":"tag-france","15":"tag-france-monde","16":"tag-magazine","17":"tag-magazine-lifestyle","18":"tag-news","19":"tag-republique-francaise","20":"tag-selection-de-la-redaction","21":"tag-societe","22":"tag-ue","23":"tag-union-europeenne"},"share_on_mastodon":{"url":"https:\/\/pubeurope.com\/@fr\/115778841881233754","error":""},"_links":{"self":[{"href":"https:\/\/www.europesays.com\/fr\/wp-json\/wp\/v2\/posts\/621086","targetHints":{"allow":["GET"]}}],"collection":[{"href":"https:\/\/www.europesays.com\/fr\/wp-json\/wp\/v2\/posts"}],"about":[{"href":"https:\/\/www.europesays.com\/fr\/wp-json\/wp\/v2\/types\/post"}],"author":[{"embeddable":true,"href":"https:\/\/www.europesays.com\/fr\/wp-json\/wp\/v2\/users\/2"}],"replies":[{"embeddable":true,"href":"https:\/\/www.europesays.com\/fr\/wp-json\/wp\/v2\/comments?post=621086"}],"version-history":[{"count":0,"href":"https:\/\/www.europesays.com\/fr\/wp-json\/wp\/v2\/posts\/621086\/revisions"}],"wp:featuredmedia":[{"embeddable":true,"href":"https:\/\/www.europesays.com\/fr\/wp-json\/wp\/v2\/media\/621087"}],"wp:attachment":[{"href":"https:\/\/www.europesays.com\/fr\/wp-json\/wp\/v2\/media?parent=621086"}],"wp:term":[{"taxonomy":"category","embeddable":true,"href":"https:\/\/www.europesays.com\/fr\/wp-json\/wp\/v2\/categories?post=621086"},{"taxonomy":"post_tag","embeddable":true,"href":"https:\/\/www.europesays.com\/fr\/wp-json\/wp\/v2\/tags?post=621086"}],"curies":[{"name":"wp","href":"https:\/\/api.w.org\/{rel}","templated":true}]}}