{"id":621090,"date":"2025-12-25T06:42:11","date_gmt":"2025-12-25T06:42:11","guid":{"rendered":"https:\/\/www.europesays.com\/fr\/621090\/"},"modified":"2025-12-25T06:42:11","modified_gmt":"2025-12-25T06:42:11","slug":"nuit-de-noel-dieu-envoie-un-enfant-parole-desperance-face-a-la-souffrance","status":"publish","type":"post","link":"https:\/\/www.europesays.com\/fr\/621090\/","title":{"rendered":"Nuit de No\u00ebl: \u00abDieu envoie un enfant, parole d\u2019esp\u00e9rance, face \u00e0 la souffrance\u00bb"},"content":{"rendered":"<p>Pr\u00e9sidant dans la soir\u00e9e de ce 24 d\u00e9cembre, la messe en la solennit\u00e9 de la Nativit\u00e9 du Seigneur, le Pape L\u00e9on XIV a invit\u00e9 \u00e0 admirer \u00abla sagesse de No\u00ebl\u00bb. \u00abPar l\u2019enfant J\u00e9sus, Dieu donne au monde une vie nouvelle\u00bb a-t-il d\u00e9clar\u00e9. \u00abAlors que l\u2019homme veut devenir Dieu pour dominer son prochain, Dieu veut devenir homme pour nous lib\u00e9rer de tout esclavage\u00bb a-t-il ajout\u00e9. Le Saint-P\u00e8re a exhort\u00e9 \u00e0 proclamer la joie de No\u00ebl, \u00abf\u00eate de la foi et de la charit\u00e9\u00bb.&#13;<br \/>\n&#13;<br \/>\n&#13;\n<\/p>\n<p><b>Myriam Sandouno \u2013 Cit\u00e9 du Vatican<\/b><\/p>\n<p>\u00abAujourd\u2019hui, dans la ville de David, vous est n\u00e9 un Sauveur qui est le Christ, le Seigneur\u00bb (Lc 2, 11). Cette nuit-l\u00e0, \u00able peuple qui marchait dans les t\u00e9n\u00e8bres a vu se lever une grande lumi\u00e8re; et sur les habitants du pays de l\u2019ombre, une lumi\u00e8re a resplendi\u00bb. Ces passages bibliques ont r\u00e9sonn\u00e9 ce 24 d\u00e9cembre dans\u00a0la basilique Saint-Pierre de Rome. En cette\u00a0nuit de No\u00ebl, signe de l&rsquo;esp\u00e9rance, message central du temps jubilaire,\u00a0environ 6 000 fid\u00e8les pr\u00e9sents dans la basilique et 5 000 personnes rassembl\u00e9es sur la place vaticane, malgr\u00e9 la pluie, ont particip\u00e9 \u00e0 la c\u00e9l\u00e9bration eucharistique, m\u00e9ditant sur l\u2019essence de la Nativit\u00e9 du Seigneur, mais \u00e9galement sur la gloire de Dieu qui a envelopp\u00e9 de lumi\u00e8re les bergers de Bethl\u00e9em, les invitant \u00e0 accueillir la bonne nouvelle de la naissance du Sauveur.<\/p>\n<p><b>L&rsquo;esp\u00e9rance du monde dans la fragilit\u00e9 d&rsquo;un Enfant<\/b> <\/p>\n<p>Avant le rite d\u2019introduction de la toute premi\u00e8re messe de No\u00ebl de L\u00e9on XIV, qu\u2019il a pr\u00e9sid\u00e9e ce mercredi soir, l\u2019assembl\u00e9e s\u2019est pr\u00e9par\u00e9e dans la pri\u00e8re et la louange, \u00e0 accueillir avec foi \u00able Sauveur venu \u00e0 notre rencontre dans l&rsquo;Eucharistie\u00bb. Quelques textes de l\u2019Ancien testament annon\u00e7ant la venue du Sauveur ont \u00e9t\u00e9 lus, notamment du Livre de la Gen\u00e8se, du proph\u00e8te Isa\u00efe, ou encore du Livre de Mich\u00e9e.\u00a0\u00abL&rsquo;Enfant J\u00e9sus\u00bb \u00e9tant ensuite pr\u00e9sent\u00e9 officiellement, des bouquets de fleurs lui ont \u00e9t\u00e9 offert par dix enfants v\u00eatus de tenues traditionnelles pour certains, originaires de Cor\u00e9e du Sud, d&rsquo;Inde, du Mozambique, du Paraguay, de Pologne et d&rsquo;Ukraine.\u00a0<\/p>\n<p>La Nativit\u00e9 du Seigneur est \u00abl&rsquo;esp\u00e9rance qui ne d\u00e9\u00e7oit pas\u00bb. L&rsquo;esp\u00e9rance du monde s&rsquo;est manifest\u00e9e dans la fragilit\u00e9 d&rsquo;un Enfant, les anges dans le ciel chantent sa gloire; et les hommes aim\u00e9s du\u00a0Seigneur, assistant \u00e0 cette messe, se sont r\u00e9jouis de sa pr\u00e9sence de paix, chantant tous ensemble en latin avec la chorale, le Gloria: \u00abGloire \u00e0 Dieu au plus haut des cieux, et paix sur la terre aux hommes, qu\u2019Il aime\u00bb\u00a0(Luc 2, 13-14). Avec cet hymne, le peuple de Dieu, s\u2019unissant au chant des anges dans la nuit de No\u00ebl, a ainsi glorifi\u00e9 cette naissance de J\u00e9sus \u00e0 l\u2019origine du salut.<\/p>\n<p>    <img decoding=\"async\" src=\"data:image\/gif;base64,R0lGODlhAQABAIAAAAAAAP\/\/\/yH5BAEAAAAALAAAAAABAAEAAAIBRAA7\" data-original=\"https:\/\/www.vaticannews.va\/content\/dam\/vaticannews\/agenzie\/images\/srv\/2025\/12\/24\/2025-12-24-santa-messa-della-notte-di-natale\/1766611906347.JPG\/_jcr_content\/renditions\/cq5dam.thumbnail.cropped.750.422.jpeg\" alt=\"Le Pape L\u00e9on XIV lors de la messe de la nuit de No\u00ebl\" title=\"Le Pape L\u00e9on XIV lors de la messe de la nuit de No\u00ebl\"\/><\/p>\n<p>\n   Le Pape L\u00e9on XIV lors de la messe de la nuit de No\u00ebl \u00a0 (@Vatican Media)\n  <\/p>\n<p><b>La saintet\u00e9 de l\u2019Esprit brillant dans le corps du nouveau-n\u00e9<\/b> <\/p>\n<p>Dans son hom\u00e9lie, le Pape L\u00e9on XIV a rendu gr\u00e2ce pour la naissance \u00abde l\u2019Emmanuel, un nouveau-n\u00e9 emmaillot\u00e9 et couch\u00e9 dans une mangeoire\u00bb, un \u00absigne clair donn\u00e9 au monde obscure\u00bb. La lumi\u00e8re divine qui \u00abrayonne de cet Enfant, a-t-il soutenu, nous aide \u00e0 voir l\u2019homme dans toute vie naissante\u00bb.\u00a0Pour trouver le Sauveur, a-t-il poursuivi, \u00abil ne faut pas regarder vers le haut, mais contempler vers le bas. La toute-puissance de Dieu resplendit dans l\u2019impuissance d\u2019un nouveau-n\u00e9; l\u2019\u00e9loquence du Verbe \u00e9ternel r\u00e9sonne dans le premier cri d\u2019un nourrisson; la saintet\u00e9 de l\u2019Esprit brille dans ce petit corps \u00e0 peine lav\u00e9 et emmaillot\u00e9\u00bb.\u00a0Celui qui nous rach\u00e8te de la nuit na\u00eet dans la nuit, a-t-il expliqu\u00e9, \u00abla trace du jour qui se l\u00e8ve n\u2019est plus \u00e0 chercher loin, dans les espaces sid\u00e9raux, mais en baissant la t\u00eate, dans l\u2019\u00e9table voisine\u00bb.<\/p>\n<blockquote>\n<p>\u201cPour \u00e9clairer notre aveuglement, le Seigneur a voulu se r\u00e9v\u00e9ler \u00e0 l\u2019homme comme un homme, son image v\u00e9ritable, selon un projet d\u2019amour commenc\u00e9 avec la cr\u00e9ation du monde. Tant que la nuit de l\u2019erreur obscurcit cette v\u00e9rit\u00e9 providentielle, alors \u00abil n\u2019y a pas d\u2019espace non plus pour les autres, pour les enfants, pour les pauvres, pour les \u00e9trangers\u00bb (Beno\u00eet XVI, Hom\u00e9lie dans la nuit de No\u00ebl, 24 d\u00e9cembre 2012).\u201d<\/p>\n<\/blockquote>\n<p><b>Le don d\u2019une vie nouvelle pour un monde bless\u00e9<\/b> <\/p>\n<p>Pour le Successeur de Pierre, il faut apprendre de la sagesse de No\u00ebl, \u00abDieu ne nous donne pas quelque chose, mais lui-m\u00eame, afin de nous racheter de toutes nos fautes, et de nous purifier pour faire de nous son peuple\u00bb. Par l\u2019enfant J\u00e9sus, \u00abDieu donne au monde une vie nouvelle: la sienne, pour tous. Ce n\u2019est pas une solution \u00e0 tous les probl\u00e8mes\u00bb, mais \u00abune histoire d\u2019amour qui nous implique tous\u00bb a indiqu\u00e9 le Pape. L\u00e9on\u00a0XIV a rassur\u00e9 sur le fait que face aux attentes des peuples, \u00abIl envoie un enfant, afin qu\u2019il soit parole d\u2019esp\u00e9rance\u00bb; face \u00e0 la souffrance des mis\u00e9rables, \u00abIl envoie un \u00eatre sans d\u00e9fense, afin qu\u2019il soit la force pour se relever\u00bb; face \u00e0 la violence et \u00e0 l\u2019oppression, \u00abIl allume une douce lumi\u00e8re qui \u00e9claire de salut tous les enfants de ce monde\u00bb.<\/p>\n<p><b>No\u00ebl, un temps de gratitude et de mission<\/b> <\/p>\n<p>\u00abLa naissance de J\u00e9sus ravive en nous le don et l\u2019engagement de porter l\u2019esp\u00e9rance l\u00e0 o\u00f9 elle a \u00e9t\u00e9 perdue\u00bb, car \u00abavec Lui, la joie fleurit, la vie change, l\u2019esp\u00e9rance ne d\u00e9\u00e7oit pas\u00bb disait il y a un an, le Pape Fran\u00e7ois lors de la nuit de No\u00ebl. L\u00e9on XIV se souvient encore de ces paroles de son pr\u00e9d\u00e9cesseur. \u00abC\u2019est par ces mots que d\u00e9butait l\u2019Ann\u00e9e Sainte. Maintenant que le Jubil\u00e9 touche \u00e0 sa fin, a-t-il d\u00e9clar\u00e9, No\u00ebl est pour nous un temps de gratitude et de mission. Gratitude pour le don re\u00e7u, mission pour en t\u00e9moigner au monde\u00bb.<\/p>\n<p>    <img decoding=\"async\" src=\"data:image\/gif;base64,R0lGODlhAQABAIAAAAAAAP\/\/\/yH5BAEAAAAALAAAAAABAAEAAAIBRAA7\" data-original=\"https:\/\/www.vaticannews.va\/content\/dam\/vaticannews\/agenzie\/images\/ansa\/2025\/12\/24\/23\/1766614076066.jpg\/_jcr_content\/renditions\/cq5dam.thumbnail.cropped.750.422.jpeg\" alt=\"Un moment de la messe\" title=\"Un moment de la messe\"\/><\/p>\n<p>\n   Un moment de la messe \u00a0 (ANSA)\n  <\/p>\n<p>Le Pape a invit\u00e9 les chr\u00e9tiens \u00e0 proclamer la joie de No\u00ebl, \u00abqui est la f\u00eate de la foi, de la charit\u00e9 et de l\u2019esp\u00e9rance\u00bb. \u00abC\u2019est la f\u00eate de la foi, a-t-il insist\u00e9, car Dieu devient homme, naissant de la Vierge; de la charit\u00e9, car le don du Fils r\u00e9dempteur se r\u00e9alise dans le d\u00e9vouement fraternel; de l\u2019esp\u00e9rance, car l\u2019Enfant J\u00e9sus l\u2019allume en nous, faisant de nous des messagers de paix\u00bb. \u00abAvec ces vertus dans le c\u0153ur, sans craindre la nuit, nous pouvons aller \u00e0 la rencontre de l\u2019aube du jour nouveau\u00bb a dit le Saint-P\u00e8re.<\/p>\n<p><b>Pri\u00e8res pour la paix<\/b> <\/p>\n<p>Au cours de cette c\u00e9l\u00e9bration eucharistique, L\u00e9on XIV, avec toute l\u2019assembl\u00e9e, s\u2019est uni aux joies et souffrances de toute l&rsquo;humanit\u00e9, les pr\u00e9sentant au \u00abFils de Dieu qui est n\u00e9 aujourd&rsquo;hui pour nous\u00bb. Des pri\u00e8res\u00a0ont \u00e9t\u00e9 \u00e9lev\u00e9es par l\u2019ensemble des fid\u00e8les, pour la paix dans le monde, les gouvernants, pour l\u2019\u00c9glise et ceux qui implorent la mis\u00e9ricorde de Dieu en cette p\u00e9riode du Jubil\u00e9, ainsi que pour toutes les femmes.\u00a0<\/p>\n<p>Comme chaque ann\u00e9e, \u00abl&rsquo;Enfant J\u00e9sus\u00bb accompagn\u00e9e de quelques enfants portant des fleurs en offrande, a \u00e9t\u00e9 port\u00e9e par le Pape jusqu&rsquo;\u00e0 la cr\u00e8che de la basilique, o\u00f9 le Saint-P\u00e8re y a accompli un acte de v\u00e9n\u00e9ration.<\/p>\n<\/p>\n<p>\n   Sainte messe de la nuit de No\u00ebl pr\u00e9sid\u00e9e par le Pape L\u00e9on XIV en la solennit\u00e9 de la Nativit\u00e9 du Seigneur\n  <\/p>\n","protected":false},"excerpt":{"rendered":"Pr\u00e9sidant dans la soir\u00e9e de ce 24 d\u00e9cembre, la messe en la solennit\u00e9 de la Nativit\u00e9 du Seigneur,&hellip;\n","protected":false},"author":2,"featured_media":621091,"comment_status":"","ping_status":"","sticky":false,"template":"","format":"standard","meta":{"footnotes":""},"categories":[2],"tags":[11,28722,1011,27,13600,12,15830,2403,20114,25],"class_list":{"0":"post-621090","1":"post","2":"type-post","3":"status-publish","4":"format-standard","5":"has-post-thumbnail","7":"category-actualites","8":"tag-actualites","9":"tag-esperance","10":"tag-fr","11":"tag-france","12":"tag-messe","13":"tag-news","14":"tag-noel","15":"tag-paix","16":"tag-pape-leon-xiv","17":"tag-republique-francaise"},"share_on_mastodon":{"url":"https:\/\/pubeurope.com\/@fr\/115778849680433262","error":""},"_links":{"self":[{"href":"https:\/\/www.europesays.com\/fr\/wp-json\/wp\/v2\/posts\/621090","targetHints":{"allow":["GET"]}}],"collection":[{"href":"https:\/\/www.europesays.com\/fr\/wp-json\/wp\/v2\/posts"}],"about":[{"href":"https:\/\/www.europesays.com\/fr\/wp-json\/wp\/v2\/types\/post"}],"author":[{"embeddable":true,"href":"https:\/\/www.europesays.com\/fr\/wp-json\/wp\/v2\/users\/2"}],"replies":[{"embeddable":true,"href":"https:\/\/www.europesays.com\/fr\/wp-json\/wp\/v2\/comments?post=621090"}],"version-history":[{"count":0,"href":"https:\/\/www.europesays.com\/fr\/wp-json\/wp\/v2\/posts\/621090\/revisions"}],"wp:featuredmedia":[{"embeddable":true,"href":"https:\/\/www.europesays.com\/fr\/wp-json\/wp\/v2\/media\/621091"}],"wp:attachment":[{"href":"https:\/\/www.europesays.com\/fr\/wp-json\/wp\/v2\/media?parent=621090"}],"wp:term":[{"taxonomy":"category","embeddable":true,"href":"https:\/\/www.europesays.com\/fr\/wp-json\/wp\/v2\/categories?post=621090"},{"taxonomy":"post_tag","embeddable":true,"href":"https:\/\/www.europesays.com\/fr\/wp-json\/wp\/v2\/tags?post=621090"}],"curies":[{"name":"wp","href":"https:\/\/api.w.org\/{rel}","templated":true}]}}