{"id":621092,"date":"2025-12-25T06:43:14","date_gmt":"2025-12-25T06:43:14","guid":{"rendered":"https:\/\/www.europesays.com\/fr\/621092\/"},"modified":"2025-12-25T06:43:14","modified_gmt":"2025-12-25T06:43:14","slug":"mariage-reportage-tele-livre-la-formidable-annee-de-cette-ancienne-finaliste-de-miss-france-a-lautre-bout-du-monde","status":"publish","type":"post","link":"https:\/\/www.europesays.com\/fr\/621092\/","title":{"rendered":"Mariage, reportage t\u00e9l\u00e9, livre\u2026 La formidable ann\u00e9e de cette ancienne finaliste de Miss France \u00e0 l\u2019autre bout du monde"},"content":{"rendered":"<p>\n                                                                    l&rsquo;essentiel<br \/>\n                                                                Entre projets professionnels r\u00e9ussis et projets personnels r\u00e9alis\u00e9s, l\u2019ancienne finaliste du concours de Miss France 2017, Axelle Bonnemaison, implant\u00e9e \u00e0 Duba\u00ef, a v\u00e9cu une ann\u00e9e assez folle.\n                            <\/p>\n<p>Son sourire s\u2019entend m\u00eame \u00e0 distance. Et elle a de quoi se le permettre. Ces derniers mois, Axelle Bonnemaison accumule les bonnes nouvelles. Avec, en point d\u2019orgue, \u00ab\u00a0un mariage administratif\u00a0\u00bb r\u00e9alis\u00e9 \u00e0 Duba\u00ef. \u00ab\u00a0Comme on est expatri\u00e9s, on n\u2019est pas affil\u00e9s \u00e0 une mairie. Notre mairie \u00e0 nous, cela a \u00e9t\u00e9 le consulat de Duba\u00ef. On fera la partie religieuse en juillet en Italie\u00a0\u00bb, raconte la jeune femme, s\u2019\u00e9tant juste mari\u00e9e devant \u00ab\u00a0les parents et les t\u00e9moins\u00a0\u00bb. \u00ab\u00a0On n\u2019\u00e9tait que douze\u00a0! Il n\u2019y avait pas la possibilit\u00e9 d\u2019avoir plus de monde.\u00a0\u00bb<\/p>\n<p class=\"std-elt__inline\">\n        <strong>\u00c0 lire aussi :<\/strong><br \/>\n        <a href=\"https:\/\/www.ladepeche.fr\/2024\/12\/30\/on-en-veut-toujours-plus-a-dubai-une-belle-annee-pour-lagenaise-axelle-bonnemaison-ancienne-finaliste-de-miss-france-12414491.php\" target=\"_blank\" rel=\"noopener\">\u00ab\u00a0On en veut toujours plus \u00e0 Duba\u00ef\u00a0!\u00a0\u00bb Une belle ann\u00e9e pour l\u2019Agenaise Axelle Bonnemaison, ancienne finaliste de Miss France<\/a>\n    <\/p>\n<p>Avanc\u00e9es professionnelles<\/p>\n<p>Si l\u2019ann\u00e9e personnelle a donc \u00e9t\u00e9 marqu\u00e9e par un v\u00e9ritable \u00e9panouissement de vie, l\u2019aspect professionnel a lui aussi \u00e9t\u00e9 tr\u00e8s charg\u00e9 pour celle qui travaille dans l\u2019immobilier. \u00ab\u00a0C\u2019est un \u00e9norme tournant dans ma carri\u00e8re, parce que j\u2019ai fait ma plus grosse ann\u00e9e depuis que j\u2019ai commenc\u00e9. J\u2019ai fait plus de trois fois ce que j\u2019avais fait l\u2019ann\u00e9e derni\u00e8re, donc les chiffres sont \u00e9normes.\u00a0\u00bb<\/p>\n<p class=\"std-elt__inline\">\n        <strong>\u00c0 lire aussi :<\/strong><br \/>\n        <a href=\"https:\/\/www.ladepeche.fr\/2023\/07\/29\/dagen-a-dubai-la-nouvelle-vie-daxelle-bonnemaison-ancienne-finaliste-de-miss-france-11365783.php\" target=\"_blank\" rel=\"noopener\">D&rsquo;Agen \u00e0 Duba\u00ef, la nouvelle vie d&rsquo;Axelle Bonnemaison, ancienne finaliste de Miss France<\/a>\n    <\/p>\n<p>Duba\u00ef \u00e9tant en plein d\u00e9veloppement, le rythme de travail devient de plus en plus \u00e9lev\u00e9. Au point m\u00eame d\u2019avoir \u00e9t\u00e9 film\u00e9e par les cam\u00e9ras de\u2026 TF1, dans le cadre de l\u2019\u00e9mission Grands Reportages. \u00ab\u00a0Ils ont film\u00e9 quatre portraits d\u2019expatri\u00e9s aux \u00c9mirats dans des secteurs diff\u00e9rents. C\u2019\u00e9tait cool. On a fait une partie priv\u00e9e, et une partie professionnelle.\u00a0\u00bb<\/p>\n<p class=\"std-elt__inline\">\n        <strong>\u00c0 lire aussi :<\/strong><br \/>\n        <a href=\"https:\/\/www.ladepeche.fr\/2023\/12\/19\/marches-de-noel-sapins-traditions-un-noel-a-dubai-avec-axelle-bonnemaison-ancienne-finaliste-de-miss-france-11652090.php\" target=\"_blank\" rel=\"noopener\">March\u00e9s de No\u00ebl, sapins, traditions&#8230; Un No\u00ebl \u00e0 Duba\u00ef avec Axelle Bonnemaison, ancienne finaliste de Miss France<\/a>\n    <\/p>\n<p>Le reportage devrait \u00eatre diffus\u00e9 au cours de la rentr\u00e9e prochaine. Un petit clin d\u2019\u0153il du destin pour l\u2019ancienne finaliste du concours de Miss France, en 2017. \u00ab\u00a0Ils m\u2019ont demand\u00e9 si je n\u2019avais pas une petite \u00e9charpe de Miss \u00e0 montrer, comme j\u2019\u00e9tais un produit TF1. J\u2019avais ce qu\u2019il fallait, donc c\u2019\u00e9tait assez sympa de refaire le lien avec cela.\u00a0\u00bb Toujours dans une volont\u00e9 de montrer du positif et \u00ab\u00a0de ne pas casser du sucre sur Duba\u00ef\u00a0\u00bb, l\u2019Agenaise a aussi franchi une nouvelle \u00e9tape, en publiant son premier \u00ab\u00a0book\u00a0\u00bb.<\/p>\n<p>Il s\u2019agit d\u2019un ouvrage de plus de 120 pages, disponibles sur certains sites, comme Amazon. \u00ab\u00a0J\u2019avais fait la m\u00eame chose en ligne pour un guide touristique, sans en faire la promotion. Apr\u00e8s avoir su comment cela fonctionnait, je voulais faire quelque chose li\u00e9 \u00e0 l\u2019immobilier. Dans ce book, je remets juste les \u00e9l\u00e9ments cl\u00e9s, et je donne aussi les informations sur certaines zones g\u00e9ographiques\u00a0\u00bb, d\u00e9taille Axelle, plut\u00f4t ravie du r\u00e9sultat\u00a0: \u00ab\u00a0J\u2019ai fait quelque chose de tr\u00e8s complet. Cela m\u2019a pris beaucoup de temps, mais je trouve que le r\u00e9sultat est vraiment bon. C\u2019est vraiment ma mani\u00e8re de travailler \u00e0 l\u2019int\u00e9rieur. \u00c0 l\u2019int\u00e9rieur, c\u2019est la v\u00e9rit\u00e9 pure, et la premi\u00e8re \u00e9tape. Avant de pouvoir parler d\u2019investissement, je donne de l\u2019information.\u00a0\u00bb<\/p>\n<p class=\"std-elt__inline\">\n        <strong>\u00c0 lire aussi :<\/strong><br \/>\n        <a href=\"https:\/\/www.ladepeche.fr\/2024\/05\/30\/sils-ne-viennent-pas-nous-venons-a-eux-pourquoi-lancienne-finaliste-de-miss-france-axelle-bonnemaison-sera-bientot-dans-le-sud-ouest-11979595.php\" target=\"_blank\" rel=\"noopener\">\u00ab\u00a0S\u2019ils ne viennent pas, nous venons \u00e0 eux\u2026\u00a0\u00bb Pourquoi l\u2019ancienne finaliste de Miss France Axelle Bonnemaison sera bient\u00f4t dans le Sud-Ouest<\/a>\n    <\/p>\n<p>D\u2019ici quelque temps, une version anglophone pourrait \u00eatre publi\u00e9e. Un projet presque secondaire, tant Axelle Bonnemaison se pr\u00e9pare \u00e0 quelque chose d\u2019encore plus grand en 2026. La Lot-et-Garonnaise esp\u00e8re \u00ab\u00a0cr\u00e9er\u00a0\u00bb son agence de communication. Reste \u00e0 finaliser les d\u00e9tails, mais l\u2019ann\u00e9e \u00e0 venir de l\u2019ex-Miss promet encore d\u2019\u00eatre riche\u2026 \u00ab\u00a0Apr\u00e8s, je me calmerai\u00a0!\u00a0\u00bb, promet-elle, avec son sourire communicatif.<\/p>\n","protected":false},"excerpt":{"rendered":"l&rsquo;essentiel Entre projets professionnels r\u00e9ussis et projets personnels r\u00e9alis\u00e9s, l\u2019ancienne finaliste du concours de Miss France 2017, Axelle&hellip;\n","protected":false},"author":2,"featured_media":621093,"comment_status":"","ping_status":"","sticky":false,"template":"","format":"standard","meta":{"footnotes":""},"categories":[4],"tags":[11,8837,33,1011,27,1116,8838,12,25],"class_list":{"0":"post-621092","1":"post","2":"type-post","3":"status-publish","4":"format-standard","5":"has-post-thumbnail","7":"category-france","8":"tag-actualites","9":"tag-agen","10":"tag-economie","11":"tag-fr","12":"tag-france","13":"tag-immobilier","14":"tag-lot-et-garonne","15":"tag-news","16":"tag-republique-francaise"},"share_on_mastodon":{"url":"https:\/\/pubeurope.com\/@fr\/115778853424433345","error":""},"_links":{"self":[{"href":"https:\/\/www.europesays.com\/fr\/wp-json\/wp\/v2\/posts\/621092","targetHints":{"allow":["GET"]}}],"collection":[{"href":"https:\/\/www.europesays.com\/fr\/wp-json\/wp\/v2\/posts"}],"about":[{"href":"https:\/\/www.europesays.com\/fr\/wp-json\/wp\/v2\/types\/post"}],"author":[{"embeddable":true,"href":"https:\/\/www.europesays.com\/fr\/wp-json\/wp\/v2\/users\/2"}],"replies":[{"embeddable":true,"href":"https:\/\/www.europesays.com\/fr\/wp-json\/wp\/v2\/comments?post=621092"}],"version-history":[{"count":0,"href":"https:\/\/www.europesays.com\/fr\/wp-json\/wp\/v2\/posts\/621092\/revisions"}],"wp:featuredmedia":[{"embeddable":true,"href":"https:\/\/www.europesays.com\/fr\/wp-json\/wp\/v2\/media\/621093"}],"wp:attachment":[{"href":"https:\/\/www.europesays.com\/fr\/wp-json\/wp\/v2\/media?parent=621092"}],"wp:term":[{"taxonomy":"category","embeddable":true,"href":"https:\/\/www.europesays.com\/fr\/wp-json\/wp\/v2\/categories?post=621092"},{"taxonomy":"post_tag","embeddable":true,"href":"https:\/\/www.europesays.com\/fr\/wp-json\/wp\/v2\/tags?post=621092"}],"curies":[{"name":"wp","href":"https:\/\/api.w.org\/{rel}","templated":true}]}}