{"id":621098,"date":"2025-12-25T06:51:30","date_gmt":"2025-12-25T06:51:30","guid":{"rendered":"https:\/\/www.europesays.com\/fr\/621098\/"},"modified":"2025-12-25T06:51:30","modified_gmt":"2025-12-25T06:51:30","slug":"pas-de-trophee-des-cevennes-en-2026-actualite","status":"publish","type":"post","link":"https:\/\/www.europesays.com\/fr\/621098\/","title":{"rendered":"Pas de Troph\u00e9e des C\u00e9vennes en 2026 &#8211; Actualit\u00e9"},"content":{"rendered":"<p dir=\"ltr\">Il n\u2019y aura pas de 3e \u00e9dition du Troph\u00e9e des C\u00e9vennes en 2026. L\u2019\u00e9preuve \u00c9lite, Open et U19 est annul\u00e9e \u201cpour diverses raisons\u201d, annonce l\u2019organisation. <\/p>\n<p dir=\"ltr\">Cette ann\u00e9e, la course r\u00e9serv\u00e9e aux coureurs \u00c9lites, Open et U19 s\u2019est disput\u00e9e autour de la Bastide-Puylaurent (Loz\u00e8re). La victoire \u00e9tait revenue\u00a0<strong><a href=\"https:\/\/www.directvelo.com\/epreuve\/47272\/trophee-des-cevennes-2025\" target=\"_blank\" rel=\"noopener\">au Belge J\u00e9r\u00f4me Raus<\/a><\/strong>. En 2024, elle s\u2019\u00e9tait tenue sur deux \u00e9tapes <strong><a href=\"https:\/\/www.directvelo.com\/epreuve\/44652\/trophee-des-cevennes-2024\" target=\"_blank\" rel=\"noopener\">avec la victoire finale de Victor Vidal<\/a><\/strong>.<\/p>\n","protected":false},"excerpt":{"rendered":"Il n\u2019y aura pas de 3e \u00e9dition du Troph\u00e9e des C\u00e9vennes en 2026. L\u2019\u00e9preuve \u00c9lite, Open et U19&hellip;\n","protected":false},"author":2,"featured_media":621099,"comment_status":"","ping_status":"","sticky":false,"template":"","format":"standard","meta":{"footnotes":""},"categories":[1411],"tags":[834,828,836,829,837,827,83,826,824,823,1154,207,814,817,815,816,822,821,832,211,839,1011,27,820,818,819,835,831,830,833,838,60,212,208,825],"class_list":{"0":"post-621098","1":"post","2":"type-post","3":"status-publish","4":"format-standard","5":"has-post-thumbnail","7":"category-cyclisme","8":"tag-attaque","9":"tag-belgique","10":"tag-braquet","11":"tag-bretagne","12":"tag-chute","13":"tag-competition","14":"tag-coupe-de-france","15":"tag-coureur","16":"tag-course-cyclisme","17":"tag-course-cycliste","18":"tag-cycling","19":"tag-cyclisme","20":"tag-direct","21":"tag-direct-velo","22":"tag-directvelo","23":"tag-directvelo-com","24":"tag-epreuve","25":"tag-epreuve-cycliste","26":"tag-federation-francaise-de-cyclisme","27":"tag-ffc","28":"tag-flandres","29":"tag-fr","30":"tag-france","31":"tag-live","32":"tag-live-course","33":"tag-live-epreuve","34":"tag-peloton","35":"tag-radio-peloton","36":"tag-radio-tour","37":"tag-ravitaillement","38":"tag-relance","39":"tag-sports","40":"tag-uci","41":"tag-velo","42":"tag-velos"},"share_on_mastodon":{"url":"https:\/\/pubeurope.com\/@fr\/115778884991995224","error":""},"_links":{"self":[{"href":"https:\/\/www.europesays.com\/fr\/wp-json\/wp\/v2\/posts\/621098","targetHints":{"allow":["GET"]}}],"collection":[{"href":"https:\/\/www.europesays.com\/fr\/wp-json\/wp\/v2\/posts"}],"about":[{"href":"https:\/\/www.europesays.com\/fr\/wp-json\/wp\/v2\/types\/post"}],"author":[{"embeddable":true,"href":"https:\/\/www.europesays.com\/fr\/wp-json\/wp\/v2\/users\/2"}],"replies":[{"embeddable":true,"href":"https:\/\/www.europesays.com\/fr\/wp-json\/wp\/v2\/comments?post=621098"}],"version-history":[{"count":0,"href":"https:\/\/www.europesays.com\/fr\/wp-json\/wp\/v2\/posts\/621098\/revisions"}],"wp:featuredmedia":[{"embeddable":true,"href":"https:\/\/www.europesays.com\/fr\/wp-json\/wp\/v2\/media\/621099"}],"wp:attachment":[{"href":"https:\/\/www.europesays.com\/fr\/wp-json\/wp\/v2\/media?parent=621098"}],"wp:term":[{"taxonomy":"category","embeddable":true,"href":"https:\/\/www.europesays.com\/fr\/wp-json\/wp\/v2\/categories?post=621098"},{"taxonomy":"post_tag","embeddable":true,"href":"https:\/\/www.europesays.com\/fr\/wp-json\/wp\/v2\/tags?post=621098"}],"curies":[{"name":"wp","href":"https:\/\/api.w.org\/{rel}","templated":true}]}}