{"id":621102,"date":"2025-12-25T06:54:13","date_gmt":"2025-12-25T06:54:13","guid":{"rendered":"https:\/\/www.europesays.com\/fr\/621102\/"},"modified":"2025-12-25T06:54:13","modified_gmt":"2025-12-25T06:54:13","slug":"caroline-roux-son-mari-laurent-solly-prend-une-grave-decision-il-arrete-tout","status":"publish","type":"post","link":"https:\/\/www.europesays.com\/fr\/621102\/","title":{"rendered":"Caroline Roux : son mari Laurent Solly prend une grave d\u00e9cision, il arr\u00eate tout"},"content":{"rendered":"<p>      R\u00e9sum\u00e9<\/p>\n<p>Laurent Solly, directeur g\u00e9n\u00e9ral de Meta France, annonce sa d\u00e9mission apr\u00e8s 12 ans, marquant la fin d\u2019une \u00e9tape majeure tandis que sa compagne Caroline Roux poursuit sa carri\u00e8re m\u00e9diatique.<\/p>\n<p>        Sommaire<\/p>\n<p><strong>L&rsquo;ann\u00e9e 2026 va d\u00e9marrer diff\u00e9remment pour Caroline Roux<\/strong>. La journaliste de C dans l&rsquo;air, qui a failli tout quitter cet \u00e9t\u00e9 <a href=\"https:\/\/www.public.fr\/ne-me-demandez-pas-au-dela-anne-sophie-lapix-va-t-elle-quitter-le-20-heures-une-journaliste-de-france-2-met-fin-aux-rumeurs\" target=\"_blank\" rel=\"noopener\">pour prendre la place d&rsquo;Anne-Sophie Lapix<\/a> au 20 heures, a pr\u00e9f\u00e9r\u00e9 privil\u00e9gier la stabilit\u00e9. Mais son mari, Laurent Solly, lui, <strong>vient de prendre une d\u00e9cision contraire<\/strong>. En effet, via ses r\u00e9seaux sociaux, le directeur g\u00e9n\u00e9ral de Facebook puis Meta annonce avoir pris la d\u00e9cision de d\u00e9missionner.<\/p>\n<p>\u00ab\u00a012 ans\u2026 Facebook, Instagram, Messenger, WhatsApp et Meta. <strong>Une page se tourne, la suite est enthousiasmante ! Merci \u00e0 tous<\/strong>\u00a0\u00bb a \u00e9crit l&rsquo;homme d&rsquo;affaires. Son \u00e9pouse a tenu \u00e0 le f\u00e9liciter dans les commentaires, tout comme <a href=\"https:\/\/vsd.fr\/80578-bonjour-deux-membres-de-la-matinale-de-bruce-toussaint-en-couple\/\" target=\"_blank\" rel=\"noopener\">Bruce Toussaint<\/a> notamment. <\/p>\n<p>Peu connu du grand public, Laurent Solly n&rsquo;en reste pas moins un haut fonctionnaire tr\u00e8s r\u00e9put\u00e9 \u00e0 Paris. Pr\u00e9sident-directeur g\u00e9n\u00e9ral de Facebook France de juin 2013 \u00e0 d\u00e9cembre 2025, <strong>il avait aussi par le pass\u00e9 dirig\u00e9 TF1 en qualit\u00e9 de num\u00e9ro 2 du groupe<\/strong>. Mais il s&rsquo;est surtout fait conna\u00eetre au d\u00e9but des ann\u00e9es 2000, en \u00e9tant nomm\u00e9 conseiller technique au cabinet de <a href=\"https:\/\/www.public.fr\/nicolas-sarkozy-torse-nu-en-guadeloupe-une-escapade-de-noel-sous-haute-surveillance\" target=\"_blank\" rel=\"noopener\">Nicolas Sarkozy<\/a>, alors ministre de l&rsquo;Int\u00e9rieur. <\/p>\n<p>Laurent Solly a amen\u00e9 Nicolas Sarkozy \u00e0 l&rsquo;\u00c9lys\u00e9e<\/p>\n<p>A son d\u00e9part du minist\u00e8re, Nicolas Sarkozy lui renouvelle sa confiance et <strong>le choisit comme directeur de cabinet \u00e0 la pr\u00e9sidence de l&rsquo;UMP<\/strong>, puis comme directeur adjoint de sa campagne pr\u00e9sidentielle de 2007. Il est \u00e0 la man\u0153uvre de tous les sondages command\u00e9s au nom du futur chef de l&rsquo;\u00c9tat. <strong>Laurent Solly parvient \u00e0 amener son candidat \u00e0 l&rsquo;Elys\u00e9e<\/strong>, puisque Nicolas Sarkozy remporte l&rsquo;\u00e9lection face \u00e0 S\u00e9gol\u00e8ne Royal. Mais alors que toutes les rumeurs laissent supposer une arriv\u00e9e de Laurent Solly \u00e0 l&rsquo;Elys\u00e9e aux c\u00f4t\u00e9s de Nicolas Sarkozy, le haut fonctionnaire choisira <strong>finalement de rejoindre le groupe Bouygues<\/strong> pour une premi\u00e8re mission, avant de finalement \u00eatre parachut\u00e9 \u00e0 TF1.<\/p>\n<p>C&rsquo;est justement \u00e0 cette \u00e9poque que Laurent Solly et Caroline Roux se rencontrent. <a href=\"https:\/\/www.public.fr\/caroline-roux-le-metier-tres-surprenant-de-son-epoux\" target=\"_blank\" rel=\"noopener\">Ils sont mari\u00e9s depuis pr\u00e8s de vingt ans<\/a>. <strong>Ensemble, ils ont eu un fils, Marceau, n\u00e9 en 2009<\/strong>. Quelques ann\u00e9es plus t\u00f4t, la journaliste a donn\u00e9 naissance \u00e0 Rosalie, 21 ans, n\u00e9e d&rsquo;une pr\u00e9c\u00e9dente union. Selon Purem\u00e9dias, Laurent Solly devrait \u00eatre remplac\u00e9 par <strong>Pierre Louette<\/strong>, ex-PDG de l&rsquo;AFP et actuel PDG des \u00c9chos. Pour l&rsquo;heure, aucune information en ce sens n&rsquo;a \u00e9t\u00e9 confirm\u00e9e.<\/p>\n<p>\n          Hits &amp; People en continu\n        <\/p>\n<p>\n          Public Radio\n        <\/p>\n<p>      Mentionn\u00e9s dans cet article<\/p>\n<p>      Sur le m\u00eame sujet<\/p>\n","protected":false},"excerpt":{"rendered":"R\u00e9sum\u00e9 Laurent Solly, directeur g\u00e9n\u00e9ral de Meta France, annonce sa d\u00e9mission apr\u00e8s 12 ans, marquant la fin d\u2019une&hellip;\n","protected":false},"author":2,"featured_media":621103,"comment_status":"","ping_status":"","sticky":false,"template":"","format":"standard","meta":{"footnotes":""},"categories":[1359],"tags":[51143,58,59,4688,1011,27,12244,973],"class_list":{"0":"post-621102","1":"post","2":"type-post","3":"status-publish","4":"format-standard","5":"has-post-thumbnail","7":"category-people","8":"tag-caroline-roux","9":"tag-divertissement","10":"tag-entertainment","11":"tag-facebook","12":"tag-fr","13":"tag-france","14":"tag-metier","15":"tag-people"},"share_on_mastodon":{"url":"https:\/\/pubeurope.com\/@fr\/115778896875073651","error":""},"_links":{"self":[{"href":"https:\/\/www.europesays.com\/fr\/wp-json\/wp\/v2\/posts\/621102","targetHints":{"allow":["GET"]}}],"collection":[{"href":"https:\/\/www.europesays.com\/fr\/wp-json\/wp\/v2\/posts"}],"about":[{"href":"https:\/\/www.europesays.com\/fr\/wp-json\/wp\/v2\/types\/post"}],"author":[{"embeddable":true,"href":"https:\/\/www.europesays.com\/fr\/wp-json\/wp\/v2\/users\/2"}],"replies":[{"embeddable":true,"href":"https:\/\/www.europesays.com\/fr\/wp-json\/wp\/v2\/comments?post=621102"}],"version-history":[{"count":0,"href":"https:\/\/www.europesays.com\/fr\/wp-json\/wp\/v2\/posts\/621102\/revisions"}],"wp:featuredmedia":[{"embeddable":true,"href":"https:\/\/www.europesays.com\/fr\/wp-json\/wp\/v2\/media\/621103"}],"wp:attachment":[{"href":"https:\/\/www.europesays.com\/fr\/wp-json\/wp\/v2\/media?parent=621102"}],"wp:term":[{"taxonomy":"category","embeddable":true,"href":"https:\/\/www.europesays.com\/fr\/wp-json\/wp\/v2\/categories?post=621102"},{"taxonomy":"post_tag","embeddable":true,"href":"https:\/\/www.europesays.com\/fr\/wp-json\/wp\/v2\/tags?post=621102"}],"curies":[{"name":"wp","href":"https:\/\/api.w.org\/{rel}","templated":true}]}}