{"id":621105,"date":"2025-12-25T06:57:15","date_gmt":"2025-12-25T06:57:15","guid":{"rendered":"https:\/\/www.europesays.com\/fr\/621105\/"},"modified":"2025-12-25T06:57:15","modified_gmt":"2025-12-25T06:57:15","slug":"noubliez-pas-les-enfants-en-replay-noubliez-pas-les-paroles","status":"publish","type":"post","link":"https:\/\/www.europesays.com\/fr\/621105\/","title":{"rendered":"N&rsquo;oubliez pas les enfants en replay &#8211; N&rsquo;oubliez pas les paroles"},"content":{"rendered":"<p>Diffus\u00e9 le 24\/12\/2025 \u00e0 21h08 &#8211; Disponible jusqu&rsquo;au 31\/12\/2025<\/p>\n<p>Pour les f\u00eates de fin d&rsquo;ann\u00e9e, l&rsquo;\u00e9dition sp\u00e9ciale enfants de \u00ab\u00a0N&rsquo;oubliez pas les paroles\u00a0\u00bb est de retour. De nouveaux chanteurs en herbe font tout pour montrer qu&rsquo;ils sont aussi bons que leurs a\u00een\u00e9s. Au cours de la soir\u00e9e, des mini-maestros entrent en piste et tentent de remporter les cadeaux de leurs r\u00eaves. Et parce qu&rsquo;en ce r\u00e9veillon de No\u00ebl il ne faut pas oublier les plus d\u00e9munis, en fin d&rsquo;\u00e9mission, ils joueront tous ensemble pour remporter des cadeaux au profit d&rsquo;un oeuvre caritative. Comme chez les grands et dans un d\u00e9cor tout en couleurs, des duels opposent deux candidats, suivant les m\u00eames r\u00e8gles que l&rsquo;\u00e9mission quotidienne. En finale, le vainqueur de chaque face-\u00e0-face tentera de remporter des beaux cadeaux.<\/p>\n","protected":false},"excerpt":{"rendered":"Diffus\u00e9 le 24\/12\/2025 \u00e0 21h08 &#8211; Disponible jusqu&rsquo;au 31\/12\/2025 Pour les f\u00eates de fin d&rsquo;ann\u00e9e, l&rsquo;\u00e9dition sp\u00e9ciale enfants&hellip;\n","protected":false},"author":2,"featured_media":621106,"comment_status":"","ping_status":"","sticky":false,"template":"","format":"standard","meta":{"footnotes":""},"categories":[1356],"tags":[58,59,1011,27,252,1364],"class_list":{"0":"post-621105","1":"post","2":"type-post","3":"status-publish","4":"format-standard","5":"has-post-thumbnail","7":"category-television","8":"tag-divertissement","9":"tag-entertainment","10":"tag-fr","11":"tag-france","12":"tag-television","13":"tag-tv"},"share_on_mastodon":{"url":"https:\/\/pubeurope.com\/@fr\/115778908706504260","error":""},"_links":{"self":[{"href":"https:\/\/www.europesays.com\/fr\/wp-json\/wp\/v2\/posts\/621105","targetHints":{"allow":["GET"]}}],"collection":[{"href":"https:\/\/www.europesays.com\/fr\/wp-json\/wp\/v2\/posts"}],"about":[{"href":"https:\/\/www.europesays.com\/fr\/wp-json\/wp\/v2\/types\/post"}],"author":[{"embeddable":true,"href":"https:\/\/www.europesays.com\/fr\/wp-json\/wp\/v2\/users\/2"}],"replies":[{"embeddable":true,"href":"https:\/\/www.europesays.com\/fr\/wp-json\/wp\/v2\/comments?post=621105"}],"version-history":[{"count":0,"href":"https:\/\/www.europesays.com\/fr\/wp-json\/wp\/v2\/posts\/621105\/revisions"}],"wp:featuredmedia":[{"embeddable":true,"href":"https:\/\/www.europesays.com\/fr\/wp-json\/wp\/v2\/media\/621106"}],"wp:attachment":[{"href":"https:\/\/www.europesays.com\/fr\/wp-json\/wp\/v2\/media?parent=621105"}],"wp:term":[{"taxonomy":"category","embeddable":true,"href":"https:\/\/www.europesays.com\/fr\/wp-json\/wp\/v2\/categories?post=621105"},{"taxonomy":"post_tag","embeddable":true,"href":"https:\/\/www.europesays.com\/fr\/wp-json\/wp\/v2\/tags?post=621105"}],"curies":[{"name":"wp","href":"https:\/\/api.w.org\/{rel}","templated":true}]}}