{"id":621109,"date":"2025-12-25T06:59:18","date_gmt":"2025-12-25T06:59:18","guid":{"rendered":"https:\/\/www.europesays.com\/fr\/621109\/"},"modified":"2025-12-25T06:59:18","modified_gmt":"2025-12-25T06:59:18","slug":"qui-est-capable-de-reconnaitre-luke-skywalker-sans-cape-ni-sabre-laser-pas-meme-dark-vador","status":"publish","type":"post","link":"https:\/\/www.europesays.com\/fr\/621109\/","title":{"rendered":"Qui est capable de reconna\u00eetre Luke Skywalker sans cape, ni sabre laser\u00a0? Pas m\u00eame Dark Vador"},"content":{"rendered":"<p>\n    L\u2019\u00e9mission am\u00e9ricaine \u00ab\u00a0Jimmy Kimmel Live\u00a0!\u00a0\u00bb a film\u00e9 l\u2019acteur de 74 ans Mark Hamill, qui incarnait le h\u00e9ros la saga Star Wars, dans les rues de Los Angeles. Si le com\u00e9dien est connu, il n\u2019est pas toujours reconnu.<\/p>\n<p class=\"fig-paragraph\">Blaise Pascal aurait pu \u00eatre \u00e0 l\u2019origine de ce canular, qui pourfend ce que le philosophe jans\u00e9niste classait du c\u00f4t\u00e9 des \u00ab\u00a0grandeurs d\u2019\u00e9tablissement\u00a0\u00bb. Trois trilogies de\u00a0<a href=\"http:\/\/www.lefigaro.fr\/cinema\/quel-casting-pour-starfighter-futur-vaisseau-amiral-de-star-wars-au-cinema-20250829\" target=\"_blank\" data-fig-type=\"Article\" rel=\"noopener\" data-gtm-custom-categorie=\"navigation\" data-gtm-custom-action=\"crossclick\" data-gtm-custom-label=\"Contextuel\" data-gtm-event=\"customEventSPE\" data-fig-domain=\"LEFIGARO\">Star Wars<\/a> \u00a0ne suffisent pas \u00e0 durablement marquer les esprits. C\u00e9l\u00e8bre, aim\u00e9 et populaire,\u00a0<a href=\"http:\/\/www.lefigaro.fr\/cinema\/star-wars-mark-hamill-ne-veut-plus-jouer-luke-skywalker-et-explique-pourquoi-20250603\" target=\"_blank\" data-fig-type=\"Article\" rel=\"noopener\" data-gtm-custom-categorie=\"navigation\" data-gtm-custom-action=\"crossclick\" data-gtm-custom-label=\"Contextuel\" data-gtm-event=\"customEventSPE\" data-fig-domain=\"LEFIGARO\">Mark Hamill<\/a>\u00a0? L\u2019interpr\u00e8te de Luke Skywalker dans la saga a pu v\u00e9rifier qu\u2019aucun passant ou presque de\u00a0<a href=\"http:\/\/www.lefigaro.fr\/cinema\/tim-burton-inaugure-son-etoile-sur-le-walk-of-fame-a-hollywood-20240904\" target=\"_blank\" data-fig-type=\"Article\" rel=\"noopener\" data-gtm-custom-categorie=\"navigation\" data-gtm-custom-action=\"crossclick\" data-gtm-custom-label=\"Contextuel\" data-gtm-event=\"customEventSPE\" data-fig-domain=\"LEFIGARO\">Hollywood Walk of Fame<\/a>\u00a0ne parvenait \u00e0 le reconna\u00eetre. Avec certes une casquette sur la t\u00eate et cinquante ans de plus qu\u2019\u00e0 l\u2019apog\u00e9e de sa c\u00e9l\u00e9brit\u00e9.<\/p>\n<p class=\"fig-paragraph\">Cette fac\u00e9tie a \u00e9t\u00e9 orchestr\u00e9e le 17 d\u00e9cembre dans l\u2019\u00e9mission \u00ab\u00a0Jimmy Kimmel Live\u00a0!\u00a0\u00bb, ce late-night show qui ne fait\u00a0<a href=\"http:\/\/tvmag.lefigaro.fr\/programme-tv\/actu-tele\/malgre-la-vive-polemique-jimmy-kimmel-parvient-a-prolonger-son-emission-sur-abc-20251209\" target=\"_blank\" data-fig-type=\"NewsFlash\" rel=\"noopener\" data-gtm-custom-categorie=\"navigation\" data-gtm-custom-action=\"crossclick\" data-gtm-custom-label=\"Contextuel\" data-gtm-event=\"customEventSPE\" data-fig-domain=\"TVMAG\">pas vraiment rire Donald Trump<\/a>. Mark Hamill, acteur de 74 ans \u00e0 la carri\u00e8re prolifique, pr\u00e9sent dans Star Wars et dans des s\u00e9ries tir\u00e9es de l\u2019univers des superh\u00e9ros, s\u2019est donc positionn\u00e9 sur l\u2019\u00e9toile que la chambre de commerce de Hollywood lui a accord\u00e9e en 2018. L\u2019une des 2700 \u00e9toiles qui tapissent ce bitume de Los Angeles.<\/p>\n<p class=\"fig-body-link\">\n            \u00c0 lire aussi<br \/>\n        <a class=\"fig-body-link__link\" href=\"http:\/\/www.lefigaro.fr\/cinema\/star-wars-mark-hamill-ne-veut-plus-jouer-luke-skywalker-et-explique-pourquoi-20250603\" target=\"_blank\" data-fig-type=\"Article\" rel=\"noopener\" data-gtm-custom-categorie=\"navigation\" data-gtm-custom-action=\"crossclick\" data-gtm-custom-label=\"Contextuel\" data-gtm-event=\"customEventSPE\" data-fig-domain=\"LEFIGARO\"><\/p>\n<p>        Star Wars\u00a0: Mark Hamill ne veut plus jouer Luke Skywalker et explique pourquoi<br \/>\n    <\/a>\n<\/p>\n<p>                                            <a class=\"fig-a11y-skip\" href=\"#fig-a11y-skip-main-inarticle\" data-module=\"a11y-skip\" data-context=\"was @visible\"><br \/>\n    Passer la publicit\u00e9<br \/>\n<\/a>            <\/p>\n<p>                                            Des c\u00e9l\u00e9brit\u00e9s confondues<\/p>\n<p class=\"fig-paragraph\">\u00ab\u00a0Avez-vous d\u00e9j\u00e0 entendu parler de lui\u00a0?\u00a0\u00bb, \u00ab\u00a0Vous connaissiez cet acteur\u00a0? Il para\u00eet qu\u2019il vient de mourir dans un accident de jet-ski\u00a0\u00bb&#8230; Avec humour,\u00a0<a href=\"http:\/\/www.lefigaro.fr\/cinema\/star-wars-mark-hamill-ne-veut-plus-jouer-luke-skywalker-et-explique-pourquoi-20250603\" target=\"_blank\" data-fig-type=\"Article\" rel=\"noopener\" data-gtm-custom-categorie=\"navigation\" data-gtm-custom-action=\"crossclick\" data-gtm-custom-label=\"Contextuel\" data-gtm-event=\"customEventSPE\" data-fig-domain=\"LEFIGARO\">Mark Hamill<\/a>\u00a0pointe du doigt son \u00e9toile et alpague les passants. M\u00eame ceux qui s\u2019arr\u00eatent \u00e0 sa demande pour le prendre en photo ou, plus cocasse, pour v\u00e9rifier sur Internet si cette c\u00e9l\u00e9brit\u00e9 est d\u00e9c\u00e9d\u00e9e, ne font pas le rapprochement.<\/p>\n<p class=\"fig-paragraph\">Par la suite, le com\u00e9dien jette \u00e0 un fan d\u00e9guis\u00e9 en Dark Vador\u00a0: \u00ab\u00a0Papa, je t\u2019avais dit de ne pas me suivre au travail\u00a0!\u00a0\u00bb.\u00a0<a href=\"https:\/\/www.lefigaro.fr\/cinema\/2015\/08\/13\/03002-20150813ARTFIG00019-l-histoire-secrete-de-je-suis-ton-pere-dans-star-wars.php\" target=\"_blank\" data-fig-type=\"Article\" rel=\"noopener\" data-gtm-custom-categorie=\"navigation\" data-gtm-custom-action=\"crossclick\" data-gtm-custom-label=\"Contextuel\" data-gtm-event=\"customEventSPE\" data-fig-domain=\"LEFIGARO\">Une r\u00e9f\u00e9rence \u00e0 la saga Star Wars<\/a> . Une jeune femme finit toutefois par trouver ce visage familier. Peut-\u00eatre la production a-t-elle, d\u2019ailleurs, conserv\u00e9 au montage les rat\u00e9s pour plus de dr\u00f4lerie. De retour sur le plateau d\u2019ABC, et alors que le pr\u00e9sentateur le f\u00e9licite pour son anniversaire de mariage, Mark Hamill confie esp\u00e9rer que son \u00e9pouse le \u00ab\u00a0reconna\u00eetra\u00a0\u00bb.<\/p>\n<p class=\"fig-paragraph\">Ce canular \u00e9voque certains t\u00e9moignages de c\u00e9l\u00e9brit\u00e9s, qui confessent \u00eatre confondues entre elles. Le meilleur rem\u00e8de \u00e0 l\u2019hypertrophie de l\u2019ego cons\u00e9cutive au succ\u00e8s. Il arrive, par exemple, \u00e0 Jeffrey Dean Morgan d\u2019\u00eatre pris pour\u00a0<a href=\"http:\/\/www.lefigaro.fr\/cinema\/avec-penelope-cruz-et-javier-bardem-florian-zeller-veut-brouiller-les-pistes-dans-son-prochain-film-20250507\" target=\"_blank\" data-fig-type=\"Article\" rel=\"noopener\" data-gtm-custom-categorie=\"navigation\" data-gtm-custom-action=\"crossclick\" data-gtm-custom-label=\"Contextuel\" data-gtm-event=\"customEventSPE\" data-fig-domain=\"LEFIGARO\">Javier Bardem<\/a>. C\u00f4t\u00e9 fran\u00e7ais, Denis Podalyd\u00e8s raconte devoir accepter des compliments au nom de Jean-Pierre Darroussin. \u00ab\u00a0Nicolas Sarkozy m\u2019a f\u00e9licit\u00e9 pour\u00a0<a href=\"http:\/\/www.lefigaro.fr\/vox\/culture\/decrire-le-monde-avec-les-yeux-du-renseignement-apres-le-bureau-des-legendes-eric-rochant-lance-une-collection-chez-gallimard-20250620\" target=\"_blank\" data-fig-type=\"Article\" rel=\"noopener\" data-gtm-custom-categorie=\"navigation\" data-gtm-custom-action=\"crossclick\" data-gtm-custom-label=\"Contextuel\" data-gtm-event=\"customEventSPE\" data-fig-domain=\"LEFIGARO\">Le Bureau des l\u00e9gendes<\/a>\u00a0\u00bb, confiait-il r\u00e9cemment au Figaro. Une s\u00e9rie port\u00e9e par Darroussin&#8230; Il n\u2019a eu d\u2019autres choix que de remercier l\u2019ancien pr\u00e9sident.<\/p>\n","protected":false},"excerpt":{"rendered":"L\u2019\u00e9mission am\u00e9ricaine \u00ab\u00a0Jimmy Kimmel Live\u00a0!\u00a0\u00bb a film\u00e9 l\u2019acteur de 74 ans Mark Hamill, qui incarnait le h\u00e9ros la&hellip;\n","protected":false},"author":2,"featured_media":621110,"comment_status":"","ping_status":"","sticky":false,"template":"","format":"standard","meta":{"footnotes":""},"categories":[1354],"tags":[46476,1000,58,59,1346,1011,27,2137,1551,1360],"class_list":{"0":"post-621109","1":"post","2":"type-post","3":"status-publish","4":"format-standard","5":"has-post-thumbnail","7":"category-films","8":"tag-canular","9":"tag-celebrites","10":"tag-divertissement","11":"tag-entertainment","12":"tag-films","13":"tag-fr","14":"tag-france","15":"tag-hollywood","16":"tag-mark-hamill","17":"tag-movies"},"share_on_mastodon":{"url":"https:\/\/pubeurope.com\/@fr\/115778916732702299","error":""},"_links":{"self":[{"href":"https:\/\/www.europesays.com\/fr\/wp-json\/wp\/v2\/posts\/621109","targetHints":{"allow":["GET"]}}],"collection":[{"href":"https:\/\/www.europesays.com\/fr\/wp-json\/wp\/v2\/posts"}],"about":[{"href":"https:\/\/www.europesays.com\/fr\/wp-json\/wp\/v2\/types\/post"}],"author":[{"embeddable":true,"href":"https:\/\/www.europesays.com\/fr\/wp-json\/wp\/v2\/users\/2"}],"replies":[{"embeddable":true,"href":"https:\/\/www.europesays.com\/fr\/wp-json\/wp\/v2\/comments?post=621109"}],"version-history":[{"count":0,"href":"https:\/\/www.europesays.com\/fr\/wp-json\/wp\/v2\/posts\/621109\/revisions"}],"wp:featuredmedia":[{"embeddable":true,"href":"https:\/\/www.europesays.com\/fr\/wp-json\/wp\/v2\/media\/621110"}],"wp:attachment":[{"href":"https:\/\/www.europesays.com\/fr\/wp-json\/wp\/v2\/media?parent=621109"}],"wp:term":[{"taxonomy":"category","embeddable":true,"href":"https:\/\/www.europesays.com\/fr\/wp-json\/wp\/v2\/categories?post=621109"},{"taxonomy":"post_tag","embeddable":true,"href":"https:\/\/www.europesays.com\/fr\/wp-json\/wp\/v2\/tags?post=621109"}],"curies":[{"name":"wp","href":"https:\/\/api.w.org\/{rel}","templated":true}]}}