{"id":621113,"date":"2025-12-25T07:02:28","date_gmt":"2025-12-25T07:02:28","guid":{"rendered":"https:\/\/www.europesays.com\/fr\/621113\/"},"modified":"2025-12-25T07:02:28","modified_gmt":"2025-12-25T07:02:28","slug":"gaba-nomme-judoka-de-lannee","status":"publish","type":"post","link":"https:\/\/www.europesays.com\/fr\/621113\/","title":{"rendered":"Gaba nomm\u00e9 judoka de l&rsquo;ann\u00e9e ?"},"content":{"rendered":"<p><strong>Champion du monde chez les -73kg<br \/>\nen juin dernier du c\u00f4t\u00e9 de Budapest, Joan-Benjamin Gaba fait partie<br \/>\ndes nomin\u00e9s par la F\u00e9d\u00e9ration internationale (IJF) pour le titre de<br \/>\njudoka de l&rsquo;ann\u00e9e.<\/strong><\/p>\n<p>Apr\u00e8s avoir fait sensation l\u2019\u00e9t\u00e9 dernier \u00e0 l\u2019occasion des Jeux<br \/>\nolympiques de Paris, aur\u00e9ol\u00e9 de deux m\u00e9dailles (argent en -73kg, or<br \/>\npar \u00e9quipe mixte), Joan-Benjamin Gaba a r\u00e9alis\u00e9 une ann\u00e9e 2025 de<br \/>\ntr\u00e8s bonne facture. M\u00e9daill\u00e9 de bronze du c\u00f4t\u00e9 de Podgorica \u00e0<br \/>\nl\u2019occasion des Championnats d\u2019Europe, le natif du Chesnay s\u2019est<br \/>\noffert le titre supr\u00eame de Champion du monde en juin dernier \u00e0<br \/>\nBucarest.<\/p>\n<p>Gr\u00e2ce \u00e0 son judo excentrique mais efficace techniquement,<br \/>\nJoan-Benjamin Gaba a logiquement \u00e9t\u00e9 nomin\u00e9 par la F\u00e9d\u00e9ration<br \/>\ninternationale de judo pour peut-\u00eatre devenir le meilleur judoka de<br \/>\nl\u2019ann\u00e9e. Mais pour remporter ce titre prestigieux, le Fran\u00e7ais fait<br \/>\nface \u00e0 de redoutables adversaires dans sa qu\u00eate. Alors qu\u2019un membre<br \/>\nest choisi pour chaque cat\u00e9gorie de poids, Joan-Benjamin Gaba aura<br \/>\ndonc en comp\u00e9tition face \u00e0 lui les Japonais Ryuju Nagayawa (-60<br \/>\nkg), Takeshi Takeoka (-66 kg), Sanshiro Murao (-90 kg) et les<br \/>\nRusses (qui combattaient alors encore sous la banni\u00e8re neutre)<br \/>\nTimur Arbuzov (-81 kg), Matvey Kanikovskiy (-100 kg) et Inal Tasoev<br \/>\n(+100 kg).<\/p>\n<p>Pont et Cancan r\u00e9compens\u00e9es ?<\/p>\n<p>Du c\u00f4t\u00e9 des judokates f\u00e9minines de l\u2019\u00c9quipe de France, aucune ne<br \/>\ns\u2019est hiss\u00e9 tout en haut de sa cat\u00e9gorie pour esp\u00e9rer \u00eatre \u00e9lue<br \/>\njudokate de l\u2019ann\u00e9e. Cependant, on en retrouve deux nomin\u00e9es dans<br \/>\ndeux autres cat\u00e9gories, puisque du c\u00f4t\u00e9 des espoirs, C\u00e9lia Cancan<br \/>\nfait partie des nomin\u00e9es. Championne d\u2019Europe et du monde en junior<br \/>\n(+78kg), la judokate de 19 ans s\u2019est parfaitement fondu dans le<br \/>\ngrand bain chez les seniors en s\u2019imposant aux Grands Prix<br \/>\nd\u2019Autriche et de Zagreb.<\/p>\n<p>L\u2019autre nomin\u00e9e, c\u2019est Blandine Pont (-52 kg) qui pourrait se<br \/>\nvoir aur\u00e9ol\u00e9e du titre du ippon de l\u2019ann\u00e9e. Son sublime ippon seoi<br \/>\nnage r\u00e9alis\u00e9 lors du Grand Chelem de Douchamb\u00e9 au Tadjikistan face<br \/>\n\u00e0 la Chinoise Yao Yuhong lui permet donc de pr\u00e9tendre \u00e0 ce prix.<br \/>\nElle fait tout m\u00eame face \u00e0 dix-sept autres pr\u00e9tendants qui esp\u00e8rent<br \/>\nautant rafler la mise. Pour toutes ces r\u00e9compenses, les spectateurs<br \/>\nont jusqu\u2019au 15 janvier pour voter pour leurs favoris.<\/p>\n","protected":false},"excerpt":{"rendered":"Champion du monde chez les -73kg en juin dernier du c\u00f4t\u00e9 de Budapest, Joan-Benjamin Gaba fait partie des&hellip;\n","protected":false},"author":2,"featured_media":621114,"comment_status":"","ping_status":"","sticky":false,"template":"","format":"standard","meta":{"footnotes":""},"categories":[9],"tags":[73083,73084,73085,1011,27,73086,13739,57681,60],"class_list":{"0":"post-621113","1":"post","2":"type-post","3":"status-publish","4":"format-standard","5":"has-post-thumbnail","7":"category-sports","8":"tag-blandine-pont","9":"tag-celia-cancan","10":"tag-federation-internationale-de-judo","11":"tag-fr","12":"tag-france","13":"tag-joan-benjamin-gaba","14":"tag-judo","15":"tag-sport365-fr","16":"tag-sports"},"share_on_mastodon":{"url":"https:\/\/pubeurope.com\/@fr\/115778928312438017","error":""},"_links":{"self":[{"href":"https:\/\/www.europesays.com\/fr\/wp-json\/wp\/v2\/posts\/621113","targetHints":{"allow":["GET"]}}],"collection":[{"href":"https:\/\/www.europesays.com\/fr\/wp-json\/wp\/v2\/posts"}],"about":[{"href":"https:\/\/www.europesays.com\/fr\/wp-json\/wp\/v2\/types\/post"}],"author":[{"embeddable":true,"href":"https:\/\/www.europesays.com\/fr\/wp-json\/wp\/v2\/users\/2"}],"replies":[{"embeddable":true,"href":"https:\/\/www.europesays.com\/fr\/wp-json\/wp\/v2\/comments?post=621113"}],"version-history":[{"count":0,"href":"https:\/\/www.europesays.com\/fr\/wp-json\/wp\/v2\/posts\/621113\/revisions"}],"wp:featuredmedia":[{"embeddable":true,"href":"https:\/\/www.europesays.com\/fr\/wp-json\/wp\/v2\/media\/621114"}],"wp:attachment":[{"href":"https:\/\/www.europesays.com\/fr\/wp-json\/wp\/v2\/media?parent=621113"}],"wp:term":[{"taxonomy":"category","embeddable":true,"href":"https:\/\/www.europesays.com\/fr\/wp-json\/wp\/v2\/categories?post=621113"},{"taxonomy":"post_tag","embeddable":true,"href":"https:\/\/www.europesays.com\/fr\/wp-json\/wp\/v2\/tags?post=621113"}],"curies":[{"name":"wp","href":"https:\/\/api.w.org\/{rel}","templated":true}]}}