{"id":621115,"date":"2025-12-25T07:03:29","date_gmt":"2025-12-25T07:03:29","guid":{"rendered":"https:\/\/www.europesays.com\/fr\/621115\/"},"modified":"2025-12-25T07:03:29","modified_gmt":"2025-12-25T07:03:29","slug":"il-y-a-beaucoup-de-tension-le-film-la-femme-de-menage-fait-fremir-ses-premiers-spectateurs","status":"publish","type":"post","link":"https:\/\/www.europesays.com\/fr\/621115\/","title":{"rendered":"\u00ab\u00a0Il y a beaucoup de tension\u00a0\u00bb\u00a0: le film \u00ab\u00a0La Femme de m\u00e9nage\u00a0\u00bb fait fr\u00e9mir ses premiers spectateurs"},"content":{"rendered":"<p class=\"paragraph text_align_left lp-f-body-02\">Il n\u2019y avait pas foule au cin\u00e9ma CGR de Soissons (Aisne) ce mercredi 24 d\u00e9cembre. Certes, il faisait un temps magnifique, mais surtout, explique un professionnel, \u00ab ce doit \u00eatre le jour le plus creux en termes de fr\u00e9quentation. Les gens sont plut\u00f4t dans les magasins \u00e0 faire leurs derni\u00e8res courses de No\u00ebl \u00bb. \u00c0 14 heures, ils \u00e9taient 17 \u00e0 acheter leur billet pour voir <a href=\"https:\/\/www.leparisien.fr\/culture-loisirs\/cinema\/la-femme-de-menage-arrive-au-cinema-que-vaut-le-film-adapte-du-livre-phenomene-24-12-2025-RRSVB5KQ2NBRNK5OKE3R2JI6TI.php\" target=\"_self\" rel=\"noopener\">\u00ab La Femme de m\u00e9nage \u00bb, adaptation du livre ph\u00e9nom\u00e8ne de Freida McFadden<\/a>.<\/p>\n<p class=\"\">M\u00eame si c\u2019est moins que pour <a href=\"https:\/\/www.leparisien.fr\/culture-loisirs\/cinema\/avatar-3-et-zootopie-2-qui-rient-jean-dujardin-qui-pleure-les-tops-et-les-flops-cinema-de-2025-24-12-2025-VPPS2UDRVFEJJKHZ7NRWLBTB3E.php\" target=\"_blank\" rel=\"noreferrer noopener\">\u00ab Avatar \u00bb et \u00ab Zootopie \u00bb<\/a>, c\u2019est loin d\u2019\u00eatre ridicule, souligne la jeune femme \u00e0 la caisse. \u00ab On a fait salle comble vendredi dernier pour l\u2019avant-premi\u00e8re et les gens avaient l\u2019air tr\u00e8s contents en sortant \u00bb. C\u2019est justement parce qu\u2019elle a rat\u00e9 la s\u00e9ance de la semaine derni\u00e8re que Maryline a tenu \u00e0 le voir d\u00e8s sa sortie. Et elle ne le regrette pas.<\/p>\n<p class=\"\">\u00ab J\u2019avais peur d\u2019\u00eatre d\u00e9\u00e7ue, car j\u2019ai tellement aim\u00e9 <a href=\"https:\/\/www.leparisien.fr\/culture-loisirs\/livres\/la-femme-de-menage-qui-est-son-autrice-freida-mcfadden-23-12-2025-WNSB5UE5IJGSXO4XCU3JRPVW3I.php\" target=\"_blank\" rel=\"noreferrer noopener\">le livre<\/a>, et pas du tout ! Franchement, je sors tr\u00e8s contente, c\u2019est vraiment fid\u00e8le au livre \u00bb, sourit la p\u00e9tillante infirmi\u00e8re de 32 ans. \u00ab J\u2019ai beaucoup aim\u00e9, car <a href=\"https:\/\/www.leparisien.fr\/culture-loisirs\/cinema\/pas-question-de-le-voir-sans-mes-copines-les-fans-du-livre-la-femme-de-menage-impatientes-de-decouvrir-le-film-23-12-2025-XHAJX6JQ5NA4XOVDYFRUWIWUDI.php\" target=\"_self\" rel=\"noopener\">j\u2019ai retrouv\u00e9 l\u2019ambiance du roman<\/a> et surtout, je trouve que les deux actrices sont g\u00e9niales. Surtout celle qui joue Nina Winchester (Amanda Seyfried), elle est terrifiante. \u00bb<\/p>\n<p class=\"\">Son compagnon, Paul, qui g\u00e8re un garage, est plus mitig\u00e9 m\u00eame s\u2019il reconna\u00eet que c\u2019est un bon thriller o\u00f9 les hommes en prennent pour leur grade. \u00ab Je n\u2019ai pas eu le choix, car sinon je passais No\u00ebl seul \u00bb, se marre-t-il. \u00ab Ce n\u2019est vraiment pas ma tasse de th\u00e9, mais m\u00eame si c\u2019est un peu long au d\u00e9but, l\u2019intrigue est bien ficel\u00e9e et il y a quelques sc\u00e8nes assez fortes. Il y a beaucoup de tension, surtout \u00e0 la fin. \u00bb<\/p>\n<p class=\"\">En r\u00e9gion parisienne, St\u00e9phanie et Fabienne, deux copines d\u2019enfance, ont s\u00e9ch\u00e9 les pr\u00e9paratifs du r\u00e9veillon pour voir le film le premier jour de sa sortie au cin\u00e9ma l\u2019Alcazar d\u2019Asni\u00e8res (Hauts-de-Seine).<\/p>\n<p>\u00ab Z\u00e9ro d\u00e9ception \u00bb<\/p>\n<p class=\"\">\u00ab Quand j\u2019ai d\u00e9vor\u00e9 le premier tome, je me suis dit que ce serait g\u00e9nial au cin\u00e9ma. Mon v\u0153u a \u00e9t\u00e9 exauc\u00e9 \u00bb, rigole St\u00e9phanie, secr\u00e9taire en entreprise. \u00ab Z\u00e9ro d\u00e9ception, les acteurs sont tops. Enfin, surtout les deux actrices ! \u00bb Son amie, qui recherche du travail dans les ressources humaines, a elle aussi ador\u00e9 le long-m\u00e9trage autant que le polar. \u00ab J\u2019ai peut-\u00eatre m\u00eame pr\u00e9f\u00e9r\u00e9 le film \u00bb, poursuit-elle. \u00ab La com\u00e9dienne qui joue Millie est \u00e9poustouflante. \u00bb<\/p>\n<p class=\"\">\u00c0 Paris, ils \u00e9taient 75 \u00e0 la s\u00e9ance de 9 heures au cin\u00e9ma UGC des Halles \u2014 un rep\u00e8re pour les professionnels \u2014, un score qui est loin d\u2019\u00eatre honteux en cette veille de No\u00ebl. \u00ab Avec Avatar et Zootopie, la concurrence est forte \u00bb, souligne un professionnel du cin\u00e9ma. \u00ab Demain (jeudi 25 d\u00e9cembre), ce week-end et avec les vacances, on pourra savoir si le film surfera sur l\u2019incroyable succ\u00e8s du roman. \u00bb<\/p>\n","protected":false},"excerpt":{"rendered":"Il n\u2019y avait pas foule au cin\u00e9ma CGR de Soissons (Aisne) ce mercredi 24 d\u00e9cembre. Certes, il faisait&hellip;\n","protected":false},"author":2,"featured_media":621116,"comment_status":"","ping_status":"","sticky":false,"template":"","format":"standard","meta":{"footnotes":""},"categories":[8],"tags":[650,872,58,59,1011,27],"class_list":{"0":"post-621115","1":"post","2":"type-post","3":"status-publish","4":"format-standard","5":"has-post-thumbnail","7":"category-divertissement","8":"tag-cinema","9":"tag-culture-et-loisirs","10":"tag-divertissement","11":"tag-entertainment","12":"tag-fr","13":"tag-france"},"share_on_mastodon":{"url":"https:\/\/pubeurope.com\/@fr\/115778932206748495","error":""},"_links":{"self":[{"href":"https:\/\/www.europesays.com\/fr\/wp-json\/wp\/v2\/posts\/621115","targetHints":{"allow":["GET"]}}],"collection":[{"href":"https:\/\/www.europesays.com\/fr\/wp-json\/wp\/v2\/posts"}],"about":[{"href":"https:\/\/www.europesays.com\/fr\/wp-json\/wp\/v2\/types\/post"}],"author":[{"embeddable":true,"href":"https:\/\/www.europesays.com\/fr\/wp-json\/wp\/v2\/users\/2"}],"replies":[{"embeddable":true,"href":"https:\/\/www.europesays.com\/fr\/wp-json\/wp\/v2\/comments?post=621115"}],"version-history":[{"count":0,"href":"https:\/\/www.europesays.com\/fr\/wp-json\/wp\/v2\/posts\/621115\/revisions"}],"wp:featuredmedia":[{"embeddable":true,"href":"https:\/\/www.europesays.com\/fr\/wp-json\/wp\/v2\/media\/621116"}],"wp:attachment":[{"href":"https:\/\/www.europesays.com\/fr\/wp-json\/wp\/v2\/media?parent=621115"}],"wp:term":[{"taxonomy":"category","embeddable":true,"href":"https:\/\/www.europesays.com\/fr\/wp-json\/wp\/v2\/categories?post=621115"},{"taxonomy":"post_tag","embeddable":true,"href":"https:\/\/www.europesays.com\/fr\/wp-json\/wp\/v2\/tags?post=621115"}],"curies":[{"name":"wp","href":"https:\/\/api.w.org\/{rel}","templated":true}]}}