{"id":621130,"date":"2025-12-25T07:13:59","date_gmt":"2025-12-25T07:13:59","guid":{"rendered":"https:\/\/www.europesays.com\/fr\/621130\/"},"modified":"2025-12-25T07:13:59","modified_gmt":"2025-12-25T07:13:59","slug":"devant-nancy-necrologie-deces-de-michel-libry","status":"publish","type":"post","link":"https:\/\/www.europesays.com\/fr\/621130\/","title":{"rendered":"devant-Nancy | N\u00e9crologie. D\u00e9c\u00e8s de Michel Libry"},"content":{"rendered":"<p>N\u00e9 en 1937 \u00e0 Cr\u00e9vic, Michel Libry est d\u00e9c\u00e9d\u00e9 le 21\u00a0d\u00e9cembre\u00a02025 \u00e0 l\u2019Ehpad de Saint-Genest (88).<\/p>\n<p>En 1945, il habite \u00e0 Laneuveville-devant-Nancy avec ses parents o\u00f9 la famille s\u2019agrandit avec les naissances de sa s\u0153ur et de ses trois fr\u00e8res.<\/p>\n<p>Michel Libry effectue son service militaire en Allemagne et en Alg\u00e9rie.<\/p>\n<p>Mari\u00e9 \u00e0 Marie-Th\u00e9r\u00e8se Valet en 1961, la famille demeure \u00e0 Richardm\u00e9nil. De leur union, na\u00eet Christophe. Deux petits-enfants, Lilian et Chlo\u00e9, agrandissent la famille.<\/p>\n<p>Michel se remarie avec Bernadette Duguet en 1990. Tous deux ont partag\u00e9 cette union pendant 37\u00a0ans avant que Michel int\u00e8gre l\u2019Ehpad de Saint-Genest en 2022.<\/p>\n<p>Sur le plan professionnel, Michel Libry commence sa carri\u00e8re chez Henri Gras \u00e0 Nancy, avant de rejoindre le garage Renault \u00e0 Laxou o\u00f9 il fera valoir ses droits \u00e0 la retraite en 1993.<\/p>\n<p>Michel aimait jardiner, bricoler et voyager.<\/p>\n<p>Nos condol\u00e9ances.<\/p>\n","protected":false},"excerpt":{"rendered":"N\u00e9 en 1937 \u00e0 Cr\u00e9vic, Michel Libry est d\u00e9c\u00e9d\u00e9 le 21\u00a0d\u00e9cembre\u00a02025 \u00e0 l\u2019Ehpad de Saint-Genest (88). En 1945,&hellip;\n","protected":false},"author":2,"featured_media":621131,"comment_status":"","ping_status":"","sticky":false,"template":"","format":"standard","meta":{"footnotes":""},"categories":[9635],"tags":[1111,11,9223,1704,1777,674,1011,27,775,18459,9649,1702,1391,12,25,104],"class_list":{"0":"post-621130","1":"post","2":"type-post","3":"status-publish","4":"format-standard","5":"has-post-thumbnail","7":"category-nancy","8":"tag-actu","9":"tag-actualites","10":"tag-carnet-du-jour","11":"tag-edition-nancy-et-agglomeration","12":"tag-eu","13":"tag-europe","14":"tag-fr","15":"tag-france","16":"tag-grand-est","17":"tag-laneuveville-devant-nancy","18":"tag-metropole-du-grand-nancy-54b2","19":"tag-nancy","20":"tag-necrologie","21":"tag-news","22":"tag-republique-francaise","23":"tag-societe"},"share_on_mastodon":{"url":"https:\/\/pubeurope.com\/@fr\/115778975328495450","error":""},"_links":{"self":[{"href":"https:\/\/www.europesays.com\/fr\/wp-json\/wp\/v2\/posts\/621130","targetHints":{"allow":["GET"]}}],"collection":[{"href":"https:\/\/www.europesays.com\/fr\/wp-json\/wp\/v2\/posts"}],"about":[{"href":"https:\/\/www.europesays.com\/fr\/wp-json\/wp\/v2\/types\/post"}],"author":[{"embeddable":true,"href":"https:\/\/www.europesays.com\/fr\/wp-json\/wp\/v2\/users\/2"}],"replies":[{"embeddable":true,"href":"https:\/\/www.europesays.com\/fr\/wp-json\/wp\/v2\/comments?post=621130"}],"version-history":[{"count":0,"href":"https:\/\/www.europesays.com\/fr\/wp-json\/wp\/v2\/posts\/621130\/revisions"}],"wp:featuredmedia":[{"embeddable":true,"href":"https:\/\/www.europesays.com\/fr\/wp-json\/wp\/v2\/media\/621131"}],"wp:attachment":[{"href":"https:\/\/www.europesays.com\/fr\/wp-json\/wp\/v2\/media?parent=621130"}],"wp:term":[{"taxonomy":"category","embeddable":true,"href":"https:\/\/www.europesays.com\/fr\/wp-json\/wp\/v2\/categories?post=621130"},{"taxonomy":"post_tag","embeddable":true,"href":"https:\/\/www.europesays.com\/fr\/wp-json\/wp\/v2\/tags?post=621130"}],"curies":[{"name":"wp","href":"https:\/\/api.w.org\/{rel}","templated":true}]}}