{"id":621134,"date":"2025-12-25T07:18:13","date_gmt":"2025-12-25T07:18:13","guid":{"rendered":"https:\/\/www.europesays.com\/fr\/621134\/"},"modified":"2025-12-25T07:18:13","modified_gmt":"2025-12-25T07:18:13","slug":"cetait-le-soir-de-noel-il-y-a-dix-ans-jai-enfin-pose-le-pied-en-europe-lincroyable-destin-de-souleymanou-parti-du-cameroun-pour-montpellier","status":"publish","type":"post","link":"https:\/\/www.europesays.com\/fr\/621134\/","title":{"rendered":"\u00ab\u00a0C\u2019\u00e9tait le soir de No\u00ebl, il y a dix ans, j\u2019ai enfin pos\u00e9 le pied en Europe\u00a0\u00bb\u00a0: l\u2019incroyable destin de Souleymanou parti du Cameroun pour Montpellier"},"content":{"rendered":"<p>\n                                                                En 2014, le jeune Souleymanou Ben Oumar a d\u00e9cid\u00e9 de quitter son pays \u00e0 l\u2019\u00e2ge de 12 ans pour la France. Et c\u2019est \u00e0 Montpellier qu\u2019il va rencontrer Mireille Chevalier devenue depuis sa maman de c\u0153ur.\n                            <\/p>\n<p>Rien\u00a0que dans son regard, on aper\u00e7oit cette flamme, cette incroyable lueur qui brille comme si tout \u00e9tait possible. Souleymanou Ben Oumar est la preuve vivante que quitter son pays pour s\u2019installer en\u00a0France est un v\u00e9ritable parcours du combattant. Et peu importe ce qu\u2019en disent ou en pensent les rageux, derri\u00e8re ce d\u00e9part, il y a des humains pour qui rien n\u2019est acquis\u2026<\/p>\n<p>Car Souleymanou est n\u00e9 bien loin de Montpellier \u00e0 plus de 5\u00a0000\u00a0km, quelques jours avant No\u00ebl, en d\u00e9cembre\u00a02001. Dans son petit village du Cameroun, il grandit avec sa grand-m\u00e8re et son petit fr\u00e8re malade. Il n\u2019a pas acc\u00e8s \u00e0 l\u2019\u00e9cole, ni aux soins m\u00e9dicaux et entend une histoire fabuleuse sur ce qu\u2019est la vie en France. Et c\u2019est \u00e0 ce moment-l\u00e0 qu\u2019il va se prendre \u00e0 r\u00eaver\u2026<\/p>\n<p>Du haut de ses 12 ans avec un ami, il va pr\u00e9parer soigneusement son d\u00e9part. Les deux gar\u00e7ons s\u2019attellent aux travaux des champs plus que de raison. La moindre petite pi\u00e8ce va \u00eatre mise de c\u00f4t\u00e9 dans le plus grand secret et \u00e0 l\u2019aide de ce modeste tr\u00e9sor en poche, ils en sont certains, ils vont pouvoir arriver jusqu\u2019en France o\u00f9 une vie meilleure les attend.<\/p>\n<p>Et un beau matin de 2014, \u00ab\u00a0nous sommes partis sans pr\u00e9venir personne. Ma grand-m\u00e8re n\u2019aurait jamais accept\u00e9\u00a0\u00bb. Mais les deux comparses ne s\u2019attendaient pas \u00e0 ce qu\u2019ils allaient devoir affronter..<\/p>\n<p>Un sacr\u00e9 p\u00e9riple pour arriver en Europe<\/p>\n<p>La route va \u00eatre sem\u00e9e d\u2019emb\u00fbches. D\u2019autant plus qu\u2019ils ont plusieurs milliers de kilom\u00e8tres et pas mal de fronti\u00e8res \u00e0 franchir. De ce p\u00e9riple qui a dur\u00e9 plusieurs ann\u00e9es, il en retiendra s\u00fbrement chaque minute, chaque lieu travers\u00e9\u2026 Les diff\u00e9rents passages aux fronti\u00e8res avec le Nigeria, le Niger, l\u2019Alg\u00e9rie puis le Maroc. \u00ab\u00a0La difficult\u00e9, c\u2019\u00e9tait qu\u2019on \u00e9tait des enfants\u2026\u00a0\u00bb<\/p>\n<p>Les passeurs toujours pr\u00eats \u00e0 faire monter les prix, les coups de chance comme ce couple qui les a pris en voiture et leur bienveillance \u00e0 l\u2019\u00e9gard de ces petits voyageurs. La d\u00e9brouille, les \u00e9changes de bons proc\u00e9d\u00e9s, les bakchichs. Mais aussi les moments tr\u00e8s rudes, o\u00f9 ils se retrouvent accroch\u00e9s dans un camion en plein d\u00e9sert. \u00ab\u00a0Ceux qui tombaient \u00e9taient abandonn\u00e9s sur place.\u00a0\u00bb Ou encore les \u00ab\u00a0gens tellement \u00e9puis\u00e9s qu\u2019ils d\u00e9laissaient leurs sacs\u00a0\u00bb.<\/p>\n<p>Pendant que le jeune duo, lui, s\u2019accroche et se refuse au moindre doute. \u00ab\u00a0\u00c0 partir d\u2019un niveau, il faut avancer, tu ne peux plus faire demi-tour.\u00a0\u00bb Et ce m\u00eame quand il apprend la mort de son petit fr\u00e8re.<\/p>\n<p>Les cachettes pour feinter la police, les chiens, l\u2019abus envers les sans-papiers, les\u00a0dettes qu\u2019ils doivent rembourser aux passeurs. \u00ab\u00a0En Alg\u00e9rie on a d\u00fb rester\u00a0plusieurs mois \u00e0 travailler pour payer ce qu\u2019on devait\u2026.\u00a0\u00bb Mais il aime aussi se rem\u00e9morer les rencontres, l\u2019entraide, la solidarit\u00e9 entre ceux qui souhaitent \u00ab\u00a0passer de l\u2019autre c\u00f4t\u00e9\u00a0\u00bb.<\/p>\n<p>Jusqu\u2019\u00e0 leur arriv\u00e9e \u00e0 la fameuse fronti\u00e8re \u00e0 quelques encablures de l\u2019enclave espagnole\u00a0: Ceuta. Pendant sept longs mois, ils vont tenter de traverser. \u00ab\u00a0Nous vivions dans la \u00ab\u00a0for\u00eat\u00a0\u00bb\u00a0\u00bb. Chaque soir, cet espoir.<\/p>\n<p>Et enfin ce 25\u00a0d\u00e9cembre 2015.\u00a0Il y a dix ans. \u00ab\u00a0Un merveilleux souvenir\u00a0\u00bb, confie le jeune homme un discret sourire aux l\u00e8vres. \u00ab\u00a0C\u2019\u00e9tait le soir de No\u00ebl\u00a0: nous avons pu poser le pied en Europe.\u00a0\u00bb\u00a0Ce petit pas plein de promesses. Et pourtant ils n\u2019\u00e9taient pas au bout de leur peine.<\/p>\n<p>Des mois avant d\u2019arriver en France<\/p>\n<p>S\u2019enclenche alors une nouvelle \u00e9tape. C\u2019est en Espagne que les deux copains vont \u00eatre s\u00e9par\u00e9s. Souleymanou se retrouve seul \u00e0 Madrid pris en charge par une ONG. Et une erreur d\u2019aiguillage le fait arriver \u00e0 Berlin au lieu de Paris. \u00ab\u00a0Ce n\u2019\u00e9tait pas pr\u00e9vu.\u00a0\u00bb<\/p>\n<p>    Il a pu retrouver son compagnon de route des ann\u00e9es apr\u00e8s<\/p>\n<p>Quant \u00e0 son fid\u00e8le compagnon de route, dont il pr\u00e9f\u00e8re ne pas divulguer son identit\u00e9, il a pu le retrouver des ann\u00e9es apr\u00e8s leur s\u00e9paration en Espagne. \u00ab\u00a0Gr\u00e2ce aux r\u00e9seaux sociaux et notamment Facebook. \u00c7a a \u00e9t\u00e9 un soulagement de le savoir en France et \u00e0 l\u2019abri.\u00a0\u00bb<\/p>\n<p>Lui a eu davantage de chance au d\u00e9part. \u00ab\u00a0Il est arriv\u00e9 en France directement et par la suite a obtenu rapidement son titre de s\u00e9jour et un emploi dans un garage apr\u00e8s son apprentissage dans l\u2019automobile. Il a m\u00eame pu retourner plusieurs fois au village.\u00a0\u00bb<\/p>\n<p>Mais depuis, son titre n\u2019a pas \u00e9t\u00e9 renouvel\u00e9. \u00ab\u00a0Il a beaucoup de difficult\u00e9s avec les papiers. Mais quand ce sera r\u00e9gl\u00e9, on ira ensemble au Cameroun. On se l\u2019est promis. \u00c7a serait formidable de pouvoir le faire.\u00a0\u00bb<\/p>\n<p>Les deux jeunes hommes se sont revus \u00e0 plusieurs reprises. \u00ab\u00a0Chaque fois, pour les vacances, il vient ici ou je monte chez lui \u00e0 Poitiers. On passe No\u00ebl ensemble, les anniversaires\u2026\u00a0\u00bb<\/p>\n<p>\u00ab\u00a0Lui aussi fait partie de la famille\u00a0\u00bb, ajoute Mireille. Un peu comme des fr\u00e8res, ils sont rest\u00e9s complices surtout apr\u00e8s tout ce qu\u2019ils ont travers\u00e9 ensemble.<\/p>\n<p>C\u2019est lors d\u2019un transfert pour la France quelques mois plus tard qu\u2019il se retrouve par hasard \u00e0 Montpellier. Le 6\u00a0mars 2017, il a 15 ans et \u00e7a y est il est en France. \u00ab\u00a0Je suis sorti de la gare tard dans la nuit et je suis all\u00e9 \u00e0 la police avec mon acte de naissance comme seul papier pour me d\u00e9clarer.\u00a0\u00bb<\/p>\n<p>\u00c0 partir de ce moment-l\u00e0, il sera pris en charge\u00a0: remise \u00e0 niveau pour enfin pouvoir \u00eatre scolaris\u00e9 en septembre\u00a02018 en CAP ma\u00e7onnerie. Mais un jour, la police vient le chercher, l\u2019adolescent\u00a0est plac\u00e9 en garde \u00e0 vue avant d\u2019\u00eatre incarc\u00e9r\u00e9 pour des probl\u00e8mes de papiers. \u00c0 sa sortie, il dort ici et l\u00e0. Avant de faire la rencontre qui va changer sa vie.<\/p>\n<p>Rencontre avec Mireille Chevalier, sa maman de c\u0153ur<\/p>\n<p>Celle qui va devenir son ange gardien le prendra sous son aile le 4\u00a0juillet 2018. Depuis les deux ne se sont plus quitt\u00e9s. \u00ab\u00a0J\u2019avais de la place chez moi et depuis il est rest\u00e9\u00a0\u00bb, sourit-elle avec un regard empli de tendresse en direction de ce jeune gar\u00e7on devenu grand.<\/p>\n<p>\u00ab\u00a0Mireille, c\u2019est une maman\u00a0\u00bb, confie-t-il avec une extr\u00eame pudeur. Et elle de rebondir\u00a0: \u00ab\u00a0Souleymanou fait partie de la famille \u00e0 part enti\u00e8re maintenant, tout le monde l\u2019a adopt\u00e9. Mon fils ne cesse de r\u00e9p\u00e9ter\u00a0que ses filles ont un fr\u00e8re suppl\u00e9mentaire.\u00a0\u00bb<\/p>\n<p>\u00ab\u00a0Il nous a apport\u00e9 tellement de choses dans nos vies, il nous a fait\u00a0d\u00e9couvrir sa culture, sa cuisine, sa bienveillance.\u00a0\u00bb<\/p>\n<p>    \u00ab\u00a0Je n\u2019ai malheureusement pas eu la chance de revoir ma grand-m\u00e8re\u00a0\u00bb<\/p>\n<p>\u00ab\u00a0Je ne voulais pas donner des nouvelles \u00e0 ma grand-m\u00e8re avant d\u2019avoir v\u00e9ritablement r\u00e9ussi \u00e0 arriver\u00a0\u00bb, explique Souleymanou, un peu de tristesse dans la voix. \u00ab\u00a0J\u2019ai attendu que ce soit le bon moment.\u00a0\u00bb<\/p>\n<p>Lorsqu\u2019il arrive chez Mireille en juillet\u00a02018, soit plus de quatre ann\u00e9es apr\u00e8s son d\u00e9part, il d\u00e9cide de la contacter (s\u00fbrement sous l\u2019insistance de sa nouvelle colocataire). Un coup de t\u00e9l\u00e9phone s\u2019organise dans son village et au bout du fil la voix de celle qui l\u2019a \u00e9lev\u00e9 se fait entendre.<\/p>\n<p>Mireille a d\u2019ailleurs film\u00e9 cet appel et garde la vid\u00e9o pr\u00e9cieusement. \u00ab\u00a0C\u2019\u00e9tait vraiment \u00e9mouvant, un moment suspendu dans le temps\u00a0\u00bb, explique-t-elle.<\/p>\n<p>Souleymanou se souvient de chaque mot qu\u2019elle a prononc\u00e9. \u00ab\u00a0Elle m\u2019a surtout dit qu\u2019elle \u00e9tait contente et soulag\u00e9e\u2026 Et aussi qu\u2019elle esp\u00e9rait que j\u2019allais revenir pour me voir.\u00a0\u00bb Malheureusement \u00e7a ne se fera jamais. \u00ab\u00a0Je n\u2019ai pas eu la chance de pouvoir la revoir, elle est d\u00e9c\u00e9d\u00e9e.\u00a0\u00bb Mais elle \u00e9tait fi\u00e8re de lui et de son parcours.<\/p>\n<p>Et ensemble ils vont affronter les hauts et les bas. Comme une m\u00e8re, elle va l\u2019accompagner, le regarder s\u2019\u00e9panouir\u00a0\u00ab\u00a0et le prot\u00e9ger aussi.\u00a0\u00bb<\/p>\n<p>Les deux pr\u00e9f\u00e8rent oublier les coups du sort qui se sont accumul\u00e9s. Comme pour leurs anniversaires respectifs\u00a0: celui de Souleymanou, \u00ab\u00a0on l\u2019attendait, il a \u00e9t\u00e9 arr\u00eat\u00e9 et conduit au commissariat\u00a0\u00bb. Et une autre fois, celui de Mireille. \u00ab\u00a0Ma fille \u00e9tait venue le chercher pour partir en week-end en Camargue, il \u00e9tait introuvable.\u00a0\u00bb L\u00e0 aussi, il a pass\u00e9 la nuit en garde \u00e0 vue. Faute de papiers\u2026 Toujours la m\u00eame rengaine.\u00a0Il fera m\u00eame un tour en centre de r\u00e9tention dont il ne souhaite pas garder de souvenir. \u00ab\u00a0Il y avait des bagarres et j\u2019avais peur d\u2019avoir fait tout \u00e7a pour rien et de devoir repartir.\u00a0\u00bb<\/p>\n<p>Mais le destin en a d\u00e9cid\u00e9 autrement. Le soutien ind\u00e9fectible de Mireille, de sa \u00ab\u00a0nouvelle\u00a0\u00bb famille, sa carte consulaire en poche puis son passeport et cet espoir d\u2019obtenir un jour le pr\u00e9cieux s\u00e9same\u00a0: son titre de s\u00e9jour\u2026 Tout ceci\u00a0lui permet d\u2019avancer, encore et toujours.<\/p>\n<p>Le lyc\u00e9e, les stages dans une entreprise\u2026 Tr\u00e8s vite, il devient salari\u00e9, empoche un CDI et aujourd\u2019hui il est m\u00eame associ\u00e9 dans la Scop o\u00f9 il a commenc\u00e9 et dont les membres ne tarissent pas d\u2019\u00e9loges \u00e0 son sujet. \u00ab\u00a0Souleymanou est un membre indispensable de l\u2019entreprise, s\u00e9rieux, volontaire, efficace, patient, pr\u00e9sent avec un tel niveau de comp\u00e9tences et de qualit\u00e9s humaines.\u00a0\u00bb<\/p>\n<p>Le titre tant convoit\u00e9, il l\u2019obtiendra de la pr\u00e9fecture en f\u00e9vrier\u00a02025. Valable une ann\u00e9e seulement, Souleymanou esp\u00e8re qu\u2019il sera renouvel\u00e9.<\/p>\n<p>\u00ab\u00a0C\u2019est un gar\u00e7on si volontaire. Il est l\u2019exemple de m\u00eame de l\u2019int\u00e9gration\u00a0\u00bb, d\u00e9clare avec ferveur sa maman de c\u0153ur qui esp\u00e8re que la dur\u00e9e sera plus longue. Histoire de voir venir avec un peu de s\u00e9r\u00e9nit\u00e9.<\/p>\n<p>Prochaine \u00e9tape\u00a0: le permis. \u00ab\u00a0M\u00eame si on\u00a0a pris l\u2019habitude de vivre ensemble, je sais qu\u2019un jour il prendra son envol.\u00a0\u00bb Aujourd\u2019hui \u00e0 24 ans, Souleymanou arrive \u00e0 se projeter un peu. \u00ab\u00a0Mon r\u00eave\u00a0: avoir une grande ferme en France.\u00a0\u00bb<\/p>\n<p>Et Mireille en est convaincue, il peut tout r\u00e9ussir\u00a0: \u00ab\u00a0Il a une bonne \u00e9toile, malgr\u00e9 tout.\u00a0\u00bb<\/p>\n<p>    \u00ab\u00a0Un retour au pays tr\u00e8s \u00e9mouvant\u00a0\u00bb<\/p>\n<p>Cet \u00e9t\u00e9, titre de s\u00e9jour en poche et cong\u00e9s \u00e0 prendre, il a pu retourner pour la premi\u00e8re fois au Cameroun. Et pour la toute premi\u00e8re fois aussi, il a pris l\u2019avion. \u00ab\u00a0J\u2019avais le c\u0153ur qui battait tr\u00e8s fort.\u00a0\u00bb<\/p>\n<p>Une fois dans le pays, il doit parcourir plus de 1\u00a0200\u00a0km en car pour se rendre dans son village. De Douala en passant par Yaound\u00e9, pour atteindre Gouara. \u00ab\u00a0Mon village se trouve \u00e0 7\u00a0km de Gouara de l\u00e0.\u00a0\u00bb Il y retrouve ses oncles, tantes, cousins et cousines.<\/p>\n<p>\u00ab\u00a0Mais surtout tout a bien chang\u00e9. Et les enfants vont \u00e0 l\u2019\u00e9cole maintenant\u2026\u00a0\u00bb, d\u00e9clare Souleymanou ravi. Sa famille cultive du ma\u00efs et des patates douces. \u00ab\u00a0Ils voulaient que je rapporte \u00e0 Mireille plein de patates douces et un mouton. On en rit encore quand je raconte l\u2019anecdote.\u00a0\u00bb<\/p>\n<p>Le jeune homme est rentr\u00e9 de ses vacances ressourc\u00e9. \u00ab\u00a0Les retrouvailles ont \u00e9t\u00e9 merveilleuses et pleines d\u2019\u00e9motions. J\u2019ai pu recr\u00e9er du lien avec mes racines. \u00c7a fait du bien mais je suis heureux d\u2019avoir pu reprendre ma vie ici\u2026\u00a0\u00bb<\/p>\n","protected":false},"excerpt":{"rendered":"En 2014, le jeune Souleymanou Ben Oumar a d\u00e9cid\u00e9 de quitter son pays \u00e0 l\u2019\u00e2ge de 12 ans&hellip;\n","protected":false},"author":2,"featured_media":621135,"comment_status":"","ping_status":"","sticky":false,"template":"","format":"standard","meta":{"footnotes":""},"categories":[9599],"tags":[1111,11,872,1777,674,1011,27,69124,7089,2208,12,64981,2680,25],"class_list":{"0":"post-621134","1":"post","2":"type-post","3":"status-publish","4":"format-standard","5":"has-post-thumbnail","7":"category-montpellier","8":"tag-actu","9":"tag-actualites","10":"tag-culture-et-loisirs","11":"tag-eu","12":"tag-europe","13":"tag-fr","14":"tag-france","15":"tag-fu00eates-et-festivals","16":"tag-herault","17":"tag-montpellier","18":"tag-news","19":"tag-nou00ebl","20":"tag-occitanie","21":"tag-republique-francaise"},"share_on_mastodon":{"url":"https:\/\/pubeurope.com\/@fr\/115778991184294314","error":""},"_links":{"self":[{"href":"https:\/\/www.europesays.com\/fr\/wp-json\/wp\/v2\/posts\/621134","targetHints":{"allow":["GET"]}}],"collection":[{"href":"https:\/\/www.europesays.com\/fr\/wp-json\/wp\/v2\/posts"}],"about":[{"href":"https:\/\/www.europesays.com\/fr\/wp-json\/wp\/v2\/types\/post"}],"author":[{"embeddable":true,"href":"https:\/\/www.europesays.com\/fr\/wp-json\/wp\/v2\/users\/2"}],"replies":[{"embeddable":true,"href":"https:\/\/www.europesays.com\/fr\/wp-json\/wp\/v2\/comments?post=621134"}],"version-history":[{"count":0,"href":"https:\/\/www.europesays.com\/fr\/wp-json\/wp\/v2\/posts\/621134\/revisions"}],"wp:featuredmedia":[{"embeddable":true,"href":"https:\/\/www.europesays.com\/fr\/wp-json\/wp\/v2\/media\/621135"}],"wp:attachment":[{"href":"https:\/\/www.europesays.com\/fr\/wp-json\/wp\/v2\/media?parent=621134"}],"wp:term":[{"taxonomy":"category","embeddable":true,"href":"https:\/\/www.europesays.com\/fr\/wp-json\/wp\/v2\/categories?post=621134"},{"taxonomy":"post_tag","embeddable":true,"href":"https:\/\/www.europesays.com\/fr\/wp-json\/wp\/v2\/tags?post=621134"}],"curies":[{"name":"wp","href":"https:\/\/api.w.org\/{rel}","templated":true}]}}