{"id":621136,"date":"2025-12-25T07:19:20","date_gmt":"2025-12-25T07:19:20","guid":{"rendered":"https:\/\/www.europesays.com\/fr\/621136\/"},"modified":"2025-12-25T07:19:20","modified_gmt":"2025-12-25T07:19:20","slug":"apres-un-ete-dincertitudes-les-canoes-le-moulin-se-relancent-au-printemps-sur-lherault","status":"publish","type":"post","link":"https:\/\/www.europesays.com\/fr\/621136\/","title":{"rendered":"Apr\u00e8s un \u00e9t\u00e9 d\u2019incertitudes, les cano\u00ebs Le Moulin se relancent au printemps sur l\u2019H\u00e9rault"},"content":{"rendered":"<p>\n                                                                L\u2019entreprise, qui compte quelque 400 cano\u00ebs sur les bords de l\u2019H\u00e9rault, rena\u00eet de ses cendres. L\u2019activit\u00e9 avait d\u00fb \u00eatre stopp\u00e9e en plein c\u0153ur de l\u2019\u00e9t\u00e9 2024 pour d\u00e9faut d\u2019assurance.\n                            <\/p>\n<p>C\u2019est sans aucun doute l\u2019une des institutions fortes de la navigation de loisirs sur le fleuve H\u00e9rault. L\u2019entreprise Cano\u00eb Le Moulin, qui dispose de quatre bases entre Saint-Bauzille-de-Putois et Ganges, sur les bords du fleuve H\u00e9rault, reprend ses activit\u00e9s au printemps prochain. La d\u00e9cision a \u00e9t\u00e9 prise par les actionnaires principaux, Olivier Grenon-Andrieu et Didier Bujon.<\/p>\n<p>\u00ab\u00a0Apr\u00e8s la m\u00e9saventure de l\u2019\u00e9t\u00e9 dernier, nous avions deux choix\u00a0: fermer l\u2019entreprise ou lui redonner vie. Nous avons choisi la deuxi\u00e8me solution\u00a0\u00bb, explique-t-il. Et d\u00e8s le mois de mars prochain, ou avril, en tout cas d\u00e8s les beaux jours, la base d\u2019arriv\u00e9e de Brissac-Aubanel va retrouver son animation.\u00a0\u00ab\u00a0On ne pouvait pas laisser dispara\u00eetre une institution aussi reconnue sur les bords de l\u2019H\u00e9rault\u00a0\u00bb, ajoute-t-il.<\/p>\n<p>La fermeture administrative n\u2019\u00e9tait \u00ab\u00a0pas une sanction\u00a0\u00bb<\/p>\n<p>La m\u00e9saventure\u00a0? Fin juillet dernier, en plein c\u0153ur de l\u2019\u00e9t\u00e9 et de la saison, les services de la pr\u00e9fecture ont adress\u00e9 au g\u00e9rant de l\u2019entreprise une notification de fermeture sur-le-champ. En cause\u00a0: <a href=\"https:\/\/www.midilibre.fr\/2025\/08\/04\/cette-base-de-canoe-de-lherault-a-du-fermer-precipitamment-son-activite-pour-un-manquement-a-la-legislation-12859359.php\" target=\"_blank\" rel=\"noopener\">un d\u00e9faut d\u2019assurance, indispensable pour garantir le bon fonctionnement du service<\/a>. Les services du pr\u00e9fet avaient alors bien pr\u00e9cis\u00e9 qu\u2019il ne s\u2019agissait l\u00e0 que d\u2019une fermeture administrative et\u00a0\u00ab\u00a0pas d\u2019une sanction\u00a0\u00bb.\u00a0L\u2019activit\u00e9 pouvant reprendre et l\u2019interdiction lev\u00e9e\u00a0\u00ab\u00a0si les conditions sont r\u00e9unies\u00a0\u00bb.<\/p>\n<p>Autrement dit, si l\u2019entreprise pr\u00e9sente la certification que l\u2019activit\u00e9 et les structures \u00e9taient couvertes par une assurance r\u00e9alis\u00e9e en bonne et due forme. Mais l\u2019activit\u00e9 n\u2019a pas \u00e9t\u00e9 relanc\u00e9e. <a href=\"https:\/\/www.midilibre.fr\/2025\/08\/07\/la-societe-va-etre-liquidee-alors-quon-aurait-pu-la-sauver-le-gerant-des-canoes-le-moulin-explique-les-peripeties-qui-ont-abouti-a-la-fermeture-en-12862807.php\" target=\"_blank\" rel=\"noopener\">\u00ab\u00a0La soci\u00e9t\u00e9 a \u00e9t\u00e9 liquid\u00e9e alors qu\u2019elle aurait pu \u00eatre sauv\u00e9e\u00a0\u00bb<\/a><a href=\"https:\/\/www.midilibre.fr\/2025\/08\/07\/la-societe-va-etre-liquidee-alors-quon-aurait-pu-la-sauver-le-gerant-des-canoes-le-moulin-explique-les-peripeties-qui-ont-abouti-a-la-fermeture-en-12862807.php\" target=\"_blank\" rel=\"noopener\">, expliquait alors, d\u00e9but ao\u00fbt, \u00e0\u00a0Midi Libre, Eric Sancery, le g\u00e9rant<\/a>. La faute aux compagnies d\u2019assurances qui ont\u00a0\u00ab\u00a0refus\u00e9 de nous assurer au motif que nous \u00e9tions en redressement judiciaire\u00a0\u00bb. Or, insiste-t-il, \u00ab\u00a0\u00e0 ce moment-l\u00e0, on en \u00e9tait sorti\u00a0\u00bb.<\/p>\n<p>Baisse du chiffre d\u2019affaires de 40\u00a0% en 2024<\/p>\n<p>En effet, la soci\u00e9t\u00e9 D\u00e9livrance SARL \u00e0 qui appartient la marque Cano\u00eb\u00a0Le Moulin, cr\u00e9\u00e9e en 2001 et reprise en 2016 par les dirigeants actuels afin de la redresser alors qu\u2019elle venait d\u2019\u00eatre mise en redressement judiciaire, \u00ab\u00a0suite \u00e0 deux mauvaises saisons\u00a0\u00bb, qui n\u2019avaient pas am\u00e9lior\u00e9 ses comptes. Quelques ann\u00e9es plus tard, elle est relanc\u00e9e gr\u00e2ce \u00e0 l\u2019entr\u00e9e dans son capital de ses nouveaux actionnaires. En 2020, la pand\u00e9mie du Covid bloque les Fran\u00e7ais sur le territoire national. L\u2019activit\u00e9 est boost\u00e9e\u00a0: l\u2019entreprise r\u00e9alise alors 800\u00a0000\u00a0euros de chiffres d\u2019affaires.<\/p>\n<p>Mais en 2024, nouvelle catastrophe\u00a0: <a href=\"https:\/\/www.midilibre.fr\/2024\/08\/20\/a-laroque-le-tourisme-au-ralenti-apres-la-rupture-du-barrage-sur-le-fleuve-herault-12150506.php\" target=\"_blank\" rel=\"noopener\">la rupture du petit barrage de Laroque et la fermeture de la partie haute de l\u2019H\u00e9rault<\/a> pris\u00e9e des amateurs de sensation forte d\u00e9stabilisent les comptes de Cano\u00eb Le Moulin.\u00a0\u00ab\u00a0Le chiffre d\u2019affaires de D\u00e9livrance chute de 40\u00a0%, plongeant \u00e0 nouveau l\u2019entreprise dans une situation critique\u00a0\u00bb.\u00a0\u00ab\u00a0Pour autant, nous n\u2019avons pas baiss\u00e9 les bras et avons travaill\u00e9 tout l\u2019hiver pour pr\u00e9parer la saison d\u2019\u00e9t\u00e9 2025, explique le g\u00e9rant.\u00a0Ce qui a impliqu\u00e9, au passage, de sortir du redressement judiciaire impos\u00e9 \u00e0 l\u2019entreprise en 2016\u00a0\u00bb.<\/p>\n<p>\u00ab\u00a0On ne pouvait pas laisser dispara\u00eetre cette entreprise\u00a0\u00bb<\/p>\n<p>\u00ab\u00a0Aujourd\u2019hui, le plus important, c\u2019est la renaissance de Cano\u00eb Le Moulin, insistent les actionnaires.\u00a0Et c\u2019est le plus important. On ne pouvait pas fermer et laisser dispara\u00eetre cette entreprise qui a accueilli des milliers de personnes venues descendre sur quelques kilom\u00e8tres l\u2019H\u00e9rault. Cela aurait \u00e9t\u00e9 dommage de tout balancer apr\u00e8s avoir beaucoup investi\u00a0\u00bb.<\/p>\n","protected":false},"excerpt":{"rendered":"L\u2019entreprise, qui compte quelque 400 cano\u00ebs sur les bords de l\u2019H\u00e9rault, rena\u00eet de ses cendres. L\u2019activit\u00e9 avait d\u00fb&hellip;\n","protected":false},"author":2,"featured_media":621137,"comment_status":"","ping_status":"","sticky":false,"template":"","format":"standard","meta":{"footnotes":""},"categories":[9599],"tags":[1111,11,872,1777,674,1011,27,7089,2208,12,2680,25],"class_list":{"0":"post-621136","1":"post","2":"type-post","3":"status-publish","4":"format-standard","5":"has-post-thumbnail","7":"category-montpellier","8":"tag-actu","9":"tag-actualites","10":"tag-culture-et-loisirs","11":"tag-eu","12":"tag-europe","13":"tag-fr","14":"tag-france","15":"tag-herault","16":"tag-montpellier","17":"tag-news","18":"tag-occitanie","19":"tag-republique-francaise"},"share_on_mastodon":{"url":"https:\/\/pubeurope.com\/@fr\/115778995358970301","error":""},"_links":{"self":[{"href":"https:\/\/www.europesays.com\/fr\/wp-json\/wp\/v2\/posts\/621136","targetHints":{"allow":["GET"]}}],"collection":[{"href":"https:\/\/www.europesays.com\/fr\/wp-json\/wp\/v2\/posts"}],"about":[{"href":"https:\/\/www.europesays.com\/fr\/wp-json\/wp\/v2\/types\/post"}],"author":[{"embeddable":true,"href":"https:\/\/www.europesays.com\/fr\/wp-json\/wp\/v2\/users\/2"}],"replies":[{"embeddable":true,"href":"https:\/\/www.europesays.com\/fr\/wp-json\/wp\/v2\/comments?post=621136"}],"version-history":[{"count":0,"href":"https:\/\/www.europesays.com\/fr\/wp-json\/wp\/v2\/posts\/621136\/revisions"}],"wp:featuredmedia":[{"embeddable":true,"href":"https:\/\/www.europesays.com\/fr\/wp-json\/wp\/v2\/media\/621137"}],"wp:attachment":[{"href":"https:\/\/www.europesays.com\/fr\/wp-json\/wp\/v2\/media?parent=621136"}],"wp:term":[{"taxonomy":"category","embeddable":true,"href":"https:\/\/www.europesays.com\/fr\/wp-json\/wp\/v2\/categories?post=621136"},{"taxonomy":"post_tag","embeddable":true,"href":"https:\/\/www.europesays.com\/fr\/wp-json\/wp\/v2\/tags?post=621136"}],"curies":[{"name":"wp","href":"https:\/\/api.w.org\/{rel}","templated":true}]}}