{"id":621140,"date":"2025-12-25T07:23:14","date_gmt":"2025-12-25T07:23:14","guid":{"rendered":"https:\/\/www.europesays.com\/fr\/621140\/"},"modified":"2025-12-25T07:23:14","modified_gmt":"2025-12-25T07:23:14","slug":"le-suspect-place-en-hopital-psychiatrique","status":"publish","type":"post","link":"https:\/\/www.europesays.com\/fr\/621140\/","title":{"rendered":"le suspect plac\u00e9 en h\u00f4pital psychiatrique"},"content":{"rendered":"<p>\n\t\t\t\t\t\t\t\t\t\t\t\t\t25 D\u00e9cembre 2025\n\t\t\t\t\t\t\t\t\t\t\t\t<\/p>\n<p>\t\t\t\t\t\t\t\t\t\t\t<img decoding=\"async\" src=\"https:\/\/www.europesays.com\/fr\/wp-content\/uploads\/2025\/12\/1280x720_694cda243d8fb-39164009342-110cc119af-o.jpg\" alt=\"La police ouvre le feu sur un homme arm\u00e9 d'un couteau \u00e0 Grenoble : le suspect plac\u00e9 en h\u00f4pital psychiatrique\" title=\"La police ouvre le feu sur un homme arm\u00e9 d'un couteau \u00e0 Grenoble : le suspect plac\u00e9 en h\u00f4pital psychiatrique\" width=\"1280\" height=\"720\" class=\"img-fluid  mb-3\" loading=\"lazy\"\/>\t\t\t\t\t\t\t\t\t\t\t<\/p>\n<p>\t\t\t\t\t\t\t<a href=\"#comments\"\/><\/p>\n<p itemprop=\"description\"><strong>D&rsquo;un h\u00f4pital \u00e0 un autre.<\/strong><\/p>\n<p>\t\t\t\t\tLe parquet de Grenoble annonce que l&rsquo;homme gri\u00e8vement bless\u00e9 par balles par un policier lundi a \u00e9t\u00e9 pris en charge\u2026\t\t\t\t\t\t\t\t\t\t\t\t\t\t\t\t\t\t\t\t\t\t<\/p>\n<p><a class=\"trans-button\" href=\"https:\/\/www.grenoblemag.com\/article\/2447\/la-police-ouvre-le-feu-sur-un-homme-arme-d-un-couteau-a-grenoble-le-suspect-place-en-hopital-psychiatrique\" title=\"La police ouvre le feu sur un homme arm\u00e9 d&#039;un couteau \u00e0 Grenoble : le suspect plac\u00e9 en h\u00f4pital psychiatrique\" target=\"_blank\" rel=\"noopener\"><br \/>\n\t\t\t\t\t\t\t\tLire la suite de l&rsquo;article sur Grenoblemag \u00bb<br \/>\n\t\t\t\t\t\t\t<\/a>\n\t\t\t\t\t\t\t\t\t<\/p>\n<p>\t\t\t<strong>Partager :<\/strong><\/p>\n<p>\t\t\t\t  \t<a class=\"\" href=\"https:\/\/www.facebook.com\/sharer\/sharer.php?u=https:\/\/grandgrenoble.alpes1.com\/news\/locales\/29044\/la-police-ouvre-le-feu-sur-un-homme-arme-d-un-couteau-a-grenoble-le-suspect-place-en-hopital-psychiatrique\" data-url=\"https:\/\/grandgrenoble.alpes1.com\/news\/locales\/29044\/la-police-ouvre-le-feu-sur-un-homme-arme-d-un-couteau-a-grenoble-le-suspect-place-en-hopital-psychiatrique\" target=\"_blank\" aria-label=\"Partager sur Facebook\" rel=\"noopener\"><\/a><br \/>\n\t\t\t\t  \t<a class=\"\" href=\"https:\/\/x.com\/share?text=La+police+ouvre+le+feu+sur+un+homme+arm%C3%A9+d%27un+couteau+%C3%A0+Grenoble+%3A+le+suspect+plac%C3%A9+en+h%C3%B4pital+psychiatrique&amp;url=https:\/\/grandgrenoble.alpes1.com\/news\/locales\/29044\/la-police-ouvre-le-feu-sur-un-homme-arme-d-un-couteau-a-grenoble-le-suspect-place-en-hopital-psychiatrique&amp;via=alpes1\" data-url=\"https:\/\/grandgrenoble.alpes1.com\/news\/locales\/29044\/la-police-ouvre-le-feu-sur-un-homme-arme-d-un-couteau-a-grenoble-le-suspect-place-en-hopital-psychiatrique\" data-via=\"alpes1\" data-text=\"La police ouvre le feu sur un homme arm\u00e9 d&#039;un couteau \u00e0 Grenoble : le suspect plac\u00e9 en h\u00f4pital psychiatrique\" target=\"_blank\" aria-label=\"Partager sur Twitter\"><\/a><br \/>\n          \t\t\t<a href=\"https:\/\/grandgrenoble.alpes1.com\/news\/locales\/29044\/javascript:;\" class=\"\" onclick=\"if (!window.__cfRLUnblockHandlers) return false; window.open(&#039;https:\/\/pinterest.com\/pin\/create\/button\/?url=https:\/\/grandgrenoble.alpes1.com\/news\/locales\/29044\/la-police-ouvre-le-feu-sur-un-homme-arme-d-un-couteau-a-grenoble-le-suspect-place-en-hopital-psychiatrique&amp;media=https:\/\/grandgrenoble.alpes1.com\/media\/news\/694cda243d8fb-39164009342-110cc119af-o.jpg&amp;description=La+police+ouvre+le+feu+sur+un+homme+arm%C3%A9+d%27un+couteau+%C3%A0+Grenoble+%3A+le+suspect+plac%C3%A9+en+h%C3%B4pital+psychiatrique&#039;, &#039;pinterestShare&#039;, &#039;width=750,height=350&#039;); return false;\" title=\"Partager cet article sur Pinterest\" data-cf-modified-b20e7059850ba1a9a8a3f59d-=\"\" target=\"_blank\" rel=\"noopener\"><br \/>\n          \t\t\t\t<\/a><br \/>\n         \t\t\t<a href=\"https:\/\/grandgrenoble.alpes1.com\/news\/locales\/29044\/javascript:;\" class=\"\" onclick=\"if (!window.__cfRLUnblockHandlers) return false; window.open(&#039;https:\/\/api.whatsapp.com\/send?text=La+police+ouvre+le+feu+sur+un+homme+arm%C3%A9+d%27un+couteau+%C3%A0+Grenoble+%3A+le+suspect+plac%C3%A9+en+h%C3%B4pital+psychiatrique+https%3A%2F%2Fgrandgrenoble.alpes1.com%2Fnews%2Flocales%2F29044%2Fla-police-ouvre-le-feu-sur-un-homme-arme-d-un-couteau-a-grenoble-le-suspect-place-en-hopital-psychiatrique&#039;, &#039;whatsappShare&#039;, &#039;width=626,height=436&#039;); return false;\" title=\"Envoyer cet article sur WhatsApp\" data-cf-modified-b20e7059850ba1a9a8a3f59d-=\"\" target=\"_blank\" rel=\"noopener\"><br \/>\n          \t\t\t\t<\/a><br \/>\n\t\t\t\t\t\t\t\t\t\t<a href=\"http:\/\/grandgrenoble.alpes1.com\/cdn-cgi\/l\/email-protection#132c606671797670672e527f6376603322333e335f7233637c7f7a7076337c66656176337f76337576663360666133667d337b7c7e7e763372617ed0ba337734667d33707c666776726633d0b3335461767d7c717f763329337f76336066606376706733637f7270d0ba33767d337bd0a7637a67727f3363606a707b7a7267617a62667635717c776a2e517c7d797c66613f36235236235233457c7a707a33667d337261677a707f76337a7d67d0ba61766060727d6733d0b33377d0ba707c6665617a613329337b67676360293c3c7461727d777461767d7c717f763d727f637660223d707c7e3c7d7664603c7f7c70727f76603c212a2327273c7f723e637c7f7a70763e7c666561763e7f763e7576663e6066613e667d3e7b7c7e7e763e72617e763e773e667d3e707c66677672663e723e7461767d7c717f763e7f763e606660637670673e637f7270763e767d3e7b7c637a67727f3e63606a707b7a7267617a626676\" class=\"\" target=\"_blank\" rel=\"noopener\"><\/p>\n<p>\t\t\t\t\t<\/a><\/p>\n","protected":false},"excerpt":{"rendered":"25 D\u00e9cembre 2025 D&rsquo;un h\u00f4pital \u00e0 un autre. Le parquet de Grenoble annonce que l&rsquo;homme gri\u00e8vement bless\u00e9 par&hellip;\n","protected":false},"author":2,"featured_media":621141,"comment_status":"","ping_status":"","sticky":false,"template":"","format":"standard","meta":{"footnotes":""},"categories":[9566],"tags":[1111,66200,11,7733,66196,66213,66211,8279,2430,650,7734,66204,1777,674,66207,1011,27,66206,2731,66203,66201,4662,66212,66209,66202,12,1825,66205,66197,66198,66199,25,66208,66210],"class_list":{"0":"post-621140","1":"post","2":"type-post","3":"status-publish","4":"format-standard","5":"has-post-thumbnail","7":"category-grenoble","8":"tag-actu","9":"tag-actualite-grenoble","10":"tag-actualites","11":"tag-alpes","12":"tag-alpes-1-grenoble","13":"tag-alpes-de-hautes-provence-et-hautes-alpes","14":"tag-alpes-de-huez","15":"tag-alpes1","16":"tag-auvergne-rhone-alpes","17":"tag-cinema","18":"tag-ecoute","19":"tag-ecouter-alpes-1-grenoble","20":"tag-eu","21":"tag-europe","22":"tag-evenements-grenoble","23":"tag-fr","24":"tag-france","25":"tag-frequence-alpes-1-grenoble","26":"tag-grenoble","27":"tag-hits-grenoble","28":"tag-info-grenoble","29":"tag-journal","30":"tag-les-2-alpes","31":"tag-meteo-grenoble","32":"tag-musique-grenoble","33":"tag-news","34":"tag-radio","35":"tag-radio-en-ligne-grenoble","36":"tag-radio-grenoble","37":"tag-radio-isere","38":"tag-radio-locale-grenoble","39":"tag-republique-francaise","40":"tag-sorties-grenoble","41":"tag-trafic-grenoble"},"share_on_mastodon":{"url":"","error":"Validation failed: Text character limit of 500 exceeded"},"_links":{"self":[{"href":"https:\/\/www.europesays.com\/fr\/wp-json\/wp\/v2\/posts\/621140","targetHints":{"allow":["GET"]}}],"collection":[{"href":"https:\/\/www.europesays.com\/fr\/wp-json\/wp\/v2\/posts"}],"about":[{"href":"https:\/\/www.europesays.com\/fr\/wp-json\/wp\/v2\/types\/post"}],"author":[{"embeddable":true,"href":"https:\/\/www.europesays.com\/fr\/wp-json\/wp\/v2\/users\/2"}],"replies":[{"embeddable":true,"href":"https:\/\/www.europesays.com\/fr\/wp-json\/wp\/v2\/comments?post=621140"}],"version-history":[{"count":0,"href":"https:\/\/www.europesays.com\/fr\/wp-json\/wp\/v2\/posts\/621140\/revisions"}],"wp:featuredmedia":[{"embeddable":true,"href":"https:\/\/www.europesays.com\/fr\/wp-json\/wp\/v2\/media\/621141"}],"wp:attachment":[{"href":"https:\/\/www.europesays.com\/fr\/wp-json\/wp\/v2\/media?parent=621140"}],"wp:term":[{"taxonomy":"category","embeddable":true,"href":"https:\/\/www.europesays.com\/fr\/wp-json\/wp\/v2\/categories?post=621140"},{"taxonomy":"post_tag","embeddable":true,"href":"https:\/\/www.europesays.com\/fr\/wp-json\/wp\/v2\/tags?post=621140"}],"curies":[{"name":"wp","href":"https:\/\/api.w.org\/{rel}","templated":true}]}}