{"id":621142,"date":"2025-12-25T07:24:12","date_gmt":"2025-12-25T07:24:12","guid":{"rendered":"https:\/\/www.europesays.com\/fr\/621142\/"},"modified":"2025-12-25T07:24:12","modified_gmt":"2025-12-25T07:24:12","slug":"grenoble-des-horaires-de-circulation-adaptes-dans-les-tramways-et-bus-pour-la-fin-dannee","status":"publish","type":"post","link":"https:\/\/www.europesays.com\/fr\/621142\/","title":{"rendered":"Grenoble. Des horaires de circulation adapt\u00e9s dans les tramways et bus pour la fin d&rsquo;ann\u00e9e"},"content":{"rendered":"<p>                    Par<br \/>\n        <strong><br \/>\n            <a href=\"https:\/\/actu.fr\/auteur\/redaction-grenoble\" title=\"Consulter tous les articles de R\u00e9daction Grenoble\" target=\"_blank\" rel=\"noopener\">R\u00e9daction Grenoble<\/a><br \/>\n                    <\/strong><\/p>\n<p>        Publi\u00e9 le<\/p>\n<p>            25 d\u00e9c. 2025 \u00e0 7h12        <\/p>\n<p>Pour la p\u00e9riode des f\u00eates, entre No\u00ebl et le Nouvel an, MR\u00e9so, en charge des transports en commun sur la M\u00e9tropole de <a href=\"https:\/\/actu.fr\/auvergne-rhone-alpes\/grenoble_38185\" target=\"_blank\" rel=\"noopener\">Grenoble<\/a>, adapte les horaires de l\u2019ensemble de ses lignes.<\/p>\n<p class=\" wall-content\">D\u00e8s jeudi 25 d\u00e9cembre et jusqu\u2019au dimanche 4 janvier 2026,<a href=\"https:\/\/actu.fr\/auvergne-rhone-alpes\/grenoble_38185\/grenoble-mreso-tramways-bus-et-parkings-gratuits-pendant-plusieurs-jours-voici-quand_63516590.html\" target=\"_blank\" rel=\"noopener\"> tramways et bus<\/a> circulent \u00e0 <strong>des horaires sp\u00e9cifiques<\/strong>. Voici le d\u00e9tail.<\/p>\n<p>Moins de passages<\/p>\n<p class=\" wall-content\">Pour les deux jours f\u00e9ri\u00e9s \u2013 jeudi 25 d\u00e9cembre et jeudi 1er janvier -, ainsi que pour les dimanches (28 d\u00e9cembre et 4 janvier), l\u2019ensemble du r\u00e9seau circule selon les horaires \u00ab\u00a0jours f\u00e9ri\u00e9s et f\u00eates\u00a0\u00bb.<\/p>\n<p class=\" wall-content\">Ainsi, si on prend la ligne A, les rames passeront environ <strong>toutes les 10 \u00e0 15 minutes<\/strong> une grande partie de la journ\u00e9e, au lieu des 4 \u00e0 5 minutes habituelles.\u00a0<\/p>\n<p class=\" wall-content\">Pour le reste de la p\u00e9riode (en semaine et samedis, sauf les jeudis f\u00e9ri\u00e9s), les trams et bus vont se mettre aux horaires habituels des samedis. Si on reste sur la ligne A, les rames passeront donc environ toutes les 5 \u00e0 8 minutes.\u00a0<\/p>\n<p class=\" wall-content\">L\u2019ensemble des informations par ligne est \u00e0 retrouver sur les fiches horaires sur <a href=\"https:\/\/www.reso-m.fr\/\" target=\"_blank\" rel=\"noopener\">le site internet<\/a> de MR\u00e9so.<\/p>\n<p class=\" wall-content\">Personnalisez votre actualit\u00e9 en ajoutant vos villes et m\u00e9dias en favori avec <a href=\"https:\/\/moncompte.actu.fr\" title=\"D\u00e9couvez Mon Actu\" rel=\"nofollow noopener\" data-trk=\"{&quot;cta&quot;:{&quot;action&quot;:&quot;https:\\\/\\\/moncompte.actu.fr&quot;,&quot;category&quot;:&quot;mon compte&quot;,&quot;from&quot;:&quot;article footer&quot;,&quot;name&quot;:&quot;Mon actu&quot;,&quot;type&quot;:&quot;cta&quot;}}\" target=\"_blank\">Mon Actu<\/a>.<\/p>\n","protected":false},"excerpt":{"rendered":"Par R\u00e9daction Grenoble Publi\u00e9 le 25 d\u00e9c. 2025 \u00e0 7h12 Pour la p\u00e9riode des f\u00eates, entre No\u00ebl et&hellip;\n","protected":false},"author":2,"featured_media":621143,"comment_status":"","ping_status":"","sticky":false,"template":"","format":"standard","meta":{"footnotes":""},"categories":[9566],"tags":[1111,11,2430,1777,674,1011,27,2731,12,15830,25,104,8194],"class_list":{"0":"post-621142","1":"post","2":"type-post","3":"status-publish","4":"format-standard","5":"has-post-thumbnail","7":"category-grenoble","8":"tag-actu","9":"tag-actualites","10":"tag-auvergne-rhone-alpes","11":"tag-eu","12":"tag-europe","13":"tag-fr","14":"tag-france","15":"tag-grenoble","16":"tag-news","17":"tag-noel","18":"tag-republique-francaise","19":"tag-societe","20":"tag-transport-de-lagglomeration-grenobloise-tag"},"share_on_mastodon":{"url":"https:\/\/pubeurope.com\/@fr\/115779014719636033","error":""},"_links":{"self":[{"href":"https:\/\/www.europesays.com\/fr\/wp-json\/wp\/v2\/posts\/621142","targetHints":{"allow":["GET"]}}],"collection":[{"href":"https:\/\/www.europesays.com\/fr\/wp-json\/wp\/v2\/posts"}],"about":[{"href":"https:\/\/www.europesays.com\/fr\/wp-json\/wp\/v2\/types\/post"}],"author":[{"embeddable":true,"href":"https:\/\/www.europesays.com\/fr\/wp-json\/wp\/v2\/users\/2"}],"replies":[{"embeddable":true,"href":"https:\/\/www.europesays.com\/fr\/wp-json\/wp\/v2\/comments?post=621142"}],"version-history":[{"count":0,"href":"https:\/\/www.europesays.com\/fr\/wp-json\/wp\/v2\/posts\/621142\/revisions"}],"wp:featuredmedia":[{"embeddable":true,"href":"https:\/\/www.europesays.com\/fr\/wp-json\/wp\/v2\/media\/621143"}],"wp:attachment":[{"href":"https:\/\/www.europesays.com\/fr\/wp-json\/wp\/v2\/media?parent=621142"}],"wp:term":[{"taxonomy":"category","embeddable":true,"href":"https:\/\/www.europesays.com\/fr\/wp-json\/wp\/v2\/categories?post=621142"},{"taxonomy":"post_tag","embeddable":true,"href":"https:\/\/www.europesays.com\/fr\/wp-json\/wp\/v2\/tags?post=621142"}],"curies":[{"name":"wp","href":"https:\/\/api.w.org\/{rel}","templated":true}]}}