{"id":621150,"date":"2025-12-25T07:30:13","date_gmt":"2025-12-25T07:30:13","guid":{"rendered":"https:\/\/www.europesays.com\/fr\/621150\/"},"modified":"2025-12-25T07:30:13","modified_gmt":"2025-12-25T07:30:13","slug":"voici-les-bus-et-trams-qui-circulent","status":"publish","type":"post","link":"https:\/\/www.europesays.com\/fr\/621150\/","title":{"rendered":"voici les bus et trams qui circulent"},"content":{"rendered":"<p>                    Par<br \/>\n        <strong><br \/>\n            <a href=\"https:\/\/actu.fr\/auteur\/ugo-maillard\" title=\"Consulter tous les articles de Ugo Maillard\" target=\"_blank\" rel=\"noopener\">Ugo Maillard<\/a><br \/>\n                    <\/strong><\/p>\n<p>        Publi\u00e9 le<\/p>\n<p>            25 d\u00e9c. 2025 \u00e0 7h12        <\/p>\n<p>En ce jour de No\u00ebl, les habitants de <a href=\"https:\/\/actu.fr\/nice\/\" target=\"_blank\" rel=\"noopener\">Nice<\/a> et de la m\u00e9tropole sont, pour la plupart, avec leur famille pour profiter des f\u00eates. Pour ceux qui travaillent ou qui ont besoin d\u2019effectuer un achat de derni\u00e8res minutes, pas de panique. Le <strong>r\u00e9seau de transports en commun<\/strong> de la m\u00e9tropole ni\u00e7oise fonctionne ce jeudi 25\u00a0d\u00e9cembre 2025. Un fonctionnement partiel puisque <strong>certaines lignes sont \u00e0 l\u2019arr\u00eat<\/strong>.<\/p>\n<p class=\" wall-content\">Voici le d\u00e9tail du fonctionnement des <a href=\"https:\/\/actu.fr\/tag\/lignes-dazur\" target=\"_blank\" rel=\"noopener\">Lignes d\u2019Azur<\/a> ce jeudi<\/p>\n<p>Tous les tramways circulent<\/p>\n<p class=\" wall-content\">Selon la r\u00e9gie des Lignes d\u2019Azur, les trois lignes de tramways du r\u00e9seau de transports en commun de la M\u00e9tropole de Nice circulent le jeudi 25\u00a0d\u00e9cembre. Le r\u00e9seau applique <strong>les horaires de dimanche<\/strong> et jours f\u00e9ri\u00e9s<\/p>\n<p class=\" wall-content\">Le service reprendra en service normal d\u00e8s ce vendredi 26\u00a0d\u00e9cembre.<\/p>\n<p>Des lignes de bus stopp\u00e9es<\/p>\n<p class=\" wall-content\">Si une grande partie des lignes de bus sont mises en service avec les horaires du dimanche, certaines ne circulent pas. <strong>Les lignes suivantes\u00a0ne circulent pas<\/strong>\u2009: 31, 34, 36, 37, 40, 41, 42, 47, 49, 52, 58, 68, 69, 80, 84, 89, 93, CADAM NORD, CADAM EST, EXP2, EXP3, EXP4 et les navettes Coeur de Vence 1, 2 et 3.<\/p>\n<p class=\" wall-content\">Le service de transports en commun pr\u00e9cise que les Lignes \u00e0 la Carte ne sont pas en service, tandis que les <strong>parcs relais Parcazur sont ouverts<\/strong>. Enfin, le service d\u00e9di\u00e9 aux personnes \u00e0 mobilit\u00e9 r\u00e9duite, Mobil\u2019Azur, fonctionne en horaires dimanche et jours f\u00e9ri\u00e9s.<\/p>\n<p class=\" wall-content\">\u00c0 noter que pour la journ\u00e9e du vendredi 26\u00a0d\u00e9cembre, les lignes CADAM EST et CADAM NORD\u00a0ne sont pas mises en service.<\/p>\n<p class=\" wall-content\">Personnalisez votre actualit\u00e9 en ajoutant vos villes et m\u00e9dias en favori avec <a href=\"https:\/\/moncompte.actu.fr\" title=\"D\u00e9couvez Mon Actu\" rel=\"nofollow noopener\" data-trk=\"{&quot;cta&quot;:{&quot;action&quot;:&quot;https:\\\/\\\/moncompte.actu.fr&quot;,&quot;category&quot;:&quot;mon compte&quot;,&quot;from&quot;:&quot;article footer&quot;,&quot;name&quot;:&quot;Mon actu&quot;,&quot;type&quot;:&quot;cta&quot;}}\" target=\"_blank\">Mon Actu<\/a>.<\/p>\n","protected":false},"excerpt":{"rendered":"Par Ugo Maillard Publi\u00e9 le 25 d\u00e9c. 2025 \u00e0 7h12 En ce jour de No\u00ebl, les habitants de&hellip;\n","protected":false},"author":2,"featured_media":621151,"comment_status":"","ping_status":"","sticky":false,"template":"","format":"standard","meta":{"footnotes":""},"categories":[2819],"tags":[1111,11,1777,674,1011,27,14554,12,2401,882,25,104,2803],"class_list":{"0":"post-621150","1":"post","2":"type-post","3":"status-publish","4":"format-standard","5":"has-post-thumbnail","7":"category-nice","8":"tag-actu","9":"tag-actualites","10":"tag-eu","11":"tag-europe","12":"tag-fr","13":"tag-france","14":"tag-lignes-dazur","15":"tag-news","16":"tag-nice","17":"tag-provence-alpes-cote-dazur","18":"tag-republique-francaise","19":"tag-societe","20":"tag-transport"},"share_on_mastodon":{"url":"https:\/\/pubeurope.com\/@fr\/115779038415662119","error":""},"_links":{"self":[{"href":"https:\/\/www.europesays.com\/fr\/wp-json\/wp\/v2\/posts\/621150","targetHints":{"allow":["GET"]}}],"collection":[{"href":"https:\/\/www.europesays.com\/fr\/wp-json\/wp\/v2\/posts"}],"about":[{"href":"https:\/\/www.europesays.com\/fr\/wp-json\/wp\/v2\/types\/post"}],"author":[{"embeddable":true,"href":"https:\/\/www.europesays.com\/fr\/wp-json\/wp\/v2\/users\/2"}],"replies":[{"embeddable":true,"href":"https:\/\/www.europesays.com\/fr\/wp-json\/wp\/v2\/comments?post=621150"}],"version-history":[{"count":0,"href":"https:\/\/www.europesays.com\/fr\/wp-json\/wp\/v2\/posts\/621150\/revisions"}],"wp:featuredmedia":[{"embeddable":true,"href":"https:\/\/www.europesays.com\/fr\/wp-json\/wp\/v2\/media\/621151"}],"wp:attachment":[{"href":"https:\/\/www.europesays.com\/fr\/wp-json\/wp\/v2\/media?parent=621150"}],"wp:term":[{"taxonomy":"category","embeddable":true,"href":"https:\/\/www.europesays.com\/fr\/wp-json\/wp\/v2\/categories?post=621150"},{"taxonomy":"post_tag","embeddable":true,"href":"https:\/\/www.europesays.com\/fr\/wp-json\/wp\/v2\/tags?post=621150"}],"curies":[{"name":"wp","href":"https:\/\/api.w.org\/{rel}","templated":true}]}}