{"id":621164,"date":"2025-12-25T07:37:18","date_gmt":"2025-12-25T07:37:18","guid":{"rendered":"https:\/\/www.europesays.com\/fr\/621164\/"},"modified":"2025-12-25T07:37:18","modified_gmt":"2025-12-25T07:37:18","slug":"une-creche-de-quatre-niveaux-favorise-la-creation-de-vastes-terrasses","status":"publish","type":"post","link":"https:\/\/www.europesays.com\/fr\/621164\/","title":{"rendered":"une cr\u00e8che de quatre niveaux favorise la cr\u00e9ation de vastes terrasses"},"content":{"rendered":"<p>A Toulouse, une cr\u00e8che a \u00e9t\u00e9 d\u00e9velopp\u00e9e sur quatre niveaux. Une configuration inhabituelle qui a permis la cr\u00e9ation de vastes terrasses.<\/p>\n<p class=\"c-paragraph\">A Toulouse (Haute-Garonne), il n\u2019est pas vraiment d\u2019usage d\u2019empiler les tout-petits. Toutefois, dans la ZAC Guillaumet, qui grandit sur l\u2019ancien site du Centre d\u2019essais a\u00e9ronautiques de Toulouse (CEAT), la parcelle d\u00e9volue \u00e0 la cr\u00e9ation d\u2019un centre d\u2019accueil petite enfance municipal \u00e9tait si contrainte que l\u2019\u00e9quipement a d\u00fb \u00eatre d\u00e9velopp\u00e9 sur quatre niveaux.<\/p>\n<p class=\"c-paragraph\">A configuration inhabituelle, r\u00e9ponse particuli\u00e8re : la cr\u00e8che, qui a ouvert en janvier dernier dans ce nouveau quartier sans caract\u00e8re, se distingue par ses vastes terrasses.<\/p>\n<p class=\"c-paragraph\">A l\u2019abri de deux beaux pins historiques, l\u2019\u00e9quipement r\u00e9alis\u00e9 par l\u2019agence Pierre-Luc Morel Architectes, en association avec Eric Poucheret, a des allures de grande maison de vacances familiale, robuste et joyeuse. Confortable, aussi.<\/p>\n<p>Volume \u00e9l\u00e9mentaire<\/p>\n<p class=\"c-paragraph\">Pour se conformer \u00e0 la constructibilit\u00e9 limit\u00e9e \u00e0 1 060 m\u00b2 SP et aux r\u00e8gles de prospect, qui obligeaient la cr\u00e8che \u00e0 s\u2019aligner sur les immeubles voisins, l\u2019\u00e9quipe de ma\u00eetrise d\u2019\u0153uvre a con\u00e7u un volume \u00e9l\u00e9mentaire. \u00ab Un quasi-cube mais plut\u00f4t \u00e9pais, notent Pierre-Luc Morel et Eric Poucheret. Cela rendait difficile son \u00e9clairement naturel. Pour cette raison, nous avons choisi de le d\u00e9coller du b\u00e2timent de logements situ\u00e9 \u00e0 l\u2019arri\u00e8re. \u00bb La faille ainsi cr\u00e9\u00e9e, dans laquelle se glissent des escaliers et des coursives ext\u00e9rieures, permet d\u2019assurer un apport de lumi\u00e8re et une meilleure ventilation des locaux.<\/p>\n<p class=\"c-paragraph\">Alors que le rez-de-chauss\u00e9e a \u00e9t\u00e9 sp\u00e9cifiquement am\u00e9nag\u00e9 en Relais petite enfance, destin\u00e9 \u00e0 l\u2019accueil des parents et des assistantes maternelles, les espaces sont r\u00e9partis de la m\u00eame fa\u00e7on dans les \u00e9tages. Ils s\u2019organisent selon un plan \u00e0 trois bandes : la partie nord, c\u00f4t\u00e9 faille, est r\u00e9serv\u00e9e aux lieux les plus privatifs, comme les dortoirs et les salles de change ; la vie en communaut\u00e9 s\u2019\u00e9tablit au centre, avec une zone de repas et une grande salle de jeu contigu\u00ebs ; ces derni\u00e8res ouvrent, enfin, sur une terrasse de 110 m\u00b2 orient\u00e9e plein sud. Cette organisation pragmatique et ce ratio g\u00e9n\u00e9reux d\u2019un tiers d\u2019espaces ext\u00e9rieurs pour deux tiers d\u2019int\u00e9rieurs permettent d\u2019envisager une gestion innovante de l\u2019\u00e9tablissement.<\/p>\n<p>Espaces autonomes<\/p>\n<p class=\"c-paragraph\">Chaque \u00e9tage peut, en effet, fonctionner en autonomie, comme une mini-cr\u00e8che dans la cr\u00e8che. Par ailleurs, plus d\u2019activit\u00e9s sont susceptibles d\u2019\u00eatre organis\u00e9es en ext\u00e9rieur, y compris la sieste. \u00ab Puisque les terrasses sont couvertes, les enfants peuvent \u00e9galement sortir quand il pleut des trombes \u00bb, explique l\u2019\u00e9quipe de l\u2019\u00e9tablissement. Seule la terrasse du troisi\u00e8me \u00e9tage, abrit\u00e9e uniquement par une pergola, offre une protection moindre. Il faudra attendre que les plantes grimpantes des jardini\u00e8res colonisent sa couverture pour qu\u2019elle soit r\u00e9ellement ombrag\u00e9e et un peu plus fra\u00eeche l\u2019\u00e9t\u00e9. Les grands bacs de plantations, ajout\u00e9s \u00e0 la profondeur des plateformes, garantissent une certaine intimit\u00e9 aux enfants et, ce faisant, participent \u00e0 leur s\u00e9curit\u00e9. Depuis la rue, par-del\u00e0 le petit jardin avant de la cr\u00e8che, les passants ont une vue en contre-plong\u00e9e sur les terrasses, et en particulier sur leurs sous-faces en vo\u00fbtains de terre cuite.<\/p>\n<p class=\"c-paragraph\">Identit\u00e9 toulousaine oblige, l\u2019usage de la brique \u00e9tait prescrit. Tout en misant d\u2019abord sur la simplicit\u00e9 d\u2019une structure poteaux-poutres en b\u00e9ton apparente, les architectes ont donc eu recours \u00e0 ce mat\u00e9riau pour les planchers, mais aussi pour la v\u00eature ext\u00e9rieure, constitu\u00e9e de bardeaux de terre cuite. Les concepteurs les ont s\u00e9lectionn\u00e9s dans un format large, pour bien les diff\u00e9rencier de la brique traditionnelle. Le contraste ainsi obtenu avec l\u2019aspect domestique des b\u00e2timents environnants souligne le caract\u00e8re institutionnel de la cr\u00e8che. Affirmer la pr\u00e9sence de ce service public, la Ville de Toulouse y tenait.<\/p>\n<p>Informations techniques<\/p>\n<p class=\"editor-paragraph\" dir=\"ltr\"><b><strong class=\"editor-text-bold\" style=\"white-space: pre-wrap;\">Ma\u00eetrise d&rsquo;ouvrage <\/strong><\/b>: mairie de Toulouse. <\/p>\n<p class=\"editor-paragraph\" dir=\"ltr\"><b><strong class=\"editor-text-bold\" style=\"white-space: pre-wrap;\">Ma\u00eetrise d&rsquo;\u0153uvre :<\/strong><\/b> Pierre-Luc Morel Architectes (mandataire), Eric Poucheret (architecte, associ\u00e9), Delphine Beaudouin (paysagiste), BA Bat et Ingeba (structure), Ecozimut (CVC, fluides), Emacoustic (acoustique). <\/p>\n<p class=\"editor-paragraph\" dir=\"ltr\"><b><strong class=\"editor-text-bold\" style=\"white-space: pre-wrap;\">Principales entreprises :<\/strong><\/b> CGEM (structure, gros \u0153uvre et menuiseries int\u00e9rieures), Soprema (\u00e9tanch\u00e9it\u00e9), Labast\u00e8re (menuiseries ext\u00e9rieures), ETP (doublages, cloisons, plafonds). <\/p>\n<p class=\"editor-paragraph\" dir=\"ltr\"><b><strong class=\"editor-text-bold\" style=\"white-space: pre-wrap;\">Surfaces <\/strong><\/b>: 1 060 m\u00b2 SP pour le b\u00e2ti, 440 m\u00b2 pour les terrasses.<\/p>\n<p class=\"editor-paragraph\" dir=\"ltr\"><b><strong class=\"editor-text-bold\" style=\"white-space: pre-wrap;\">Co\u00fbt des travaux :<\/strong><\/b> 3,1 M\u20ac HT.<\/p>\n<p><img decoding=\"async\" data-chromatic=\"ignore\" alt=\"Equipement public : les terrasses forment la jeunesse\" class=\"c-image\" loading=\"lazy\" src=\"https:\/\/www.europesays.com\/fr\/wp-content\/uploads\/2025\/12\/BJGPPXBYEJHDPGMV7EMQD4A3JI.jpg\"  width=\"800\" height=\"602\"\/>PHOTOS : VINCENT BOUTIN 11348_637079_k3_k1_1520143.jpg Les 90 m\u00b2 de l&rsquo;espace de vie, pr\u00e9sent \u00e0 chaque \u00e9tage, forment un tout avec la salle de jeux et la zone des repas. Une cloison mobile permet de les isoler le cas \u00e9ch\u00e9ant. L&rsquo;ensemble donne directement sur la terrasse. <img decoding=\"async\" data-chromatic=\"ignore\" alt=\"Equipement public : les terrasses forment la jeunesse\" class=\"c-image\" loading=\"lazy\" src=\"https:\/\/www.europesays.com\/fr\/wp-content\/uploads\/2025\/12\/X6MVZ6PNC5FUBBZQZP4QDW4QRY.jpg\"  width=\"800\" height=\"719\"\/>PHOTOS : VINCENT BOUTIN 11348_637079_k4_k1_1520145.jpg Chaque niveau dispose de 110 m\u00b2 d&rsquo;espaces en plein air o\u00f9 tout peut \u00eatre facilement organis\u00e9, les jeux comme la sieste. <\/p>\n","protected":false},"excerpt":{"rendered":"A Toulouse, une cr\u00e8che a \u00e9t\u00e9 d\u00e9velopp\u00e9e sur quatre niveaux. Une configuration inhabituelle qui a permis la cr\u00e9ation&hellip;\n","protected":false},"author":2,"featured_media":621165,"comment_status":"","ping_status":"","sticky":false,"template":"","format":"standard","meta":{"footnotes":""},"categories":[2816],"tags":[1111,11,1350,2598,1777,674,1011,27,2722,12,2680,19469,25,2312],"class_list":{"0":"post-621164","1":"post","2":"type-post","3":"status-publish","4":"format-standard","5":"has-post-thumbnail","7":"category-toulouse","8":"tag-actu","9":"tag-actualites","10":"tag-architecture","11":"tag-equipement","12":"tag-eu","13":"tag-europe","14":"tag-fr","15":"tag-france","16":"tag-haute-garonne","17":"tag-news","18":"tag-occitanie","19":"tag-realisations","20":"tag-republique-francaise","21":"tag-toulouse"},"share_on_mastodon":{"url":"https:\/\/pubeurope.com\/@fr\/115779067268440498","error":""},"_links":{"self":[{"href":"https:\/\/www.europesays.com\/fr\/wp-json\/wp\/v2\/posts\/621164","targetHints":{"allow":["GET"]}}],"collection":[{"href":"https:\/\/www.europesays.com\/fr\/wp-json\/wp\/v2\/posts"}],"about":[{"href":"https:\/\/www.europesays.com\/fr\/wp-json\/wp\/v2\/types\/post"}],"author":[{"embeddable":true,"href":"https:\/\/www.europesays.com\/fr\/wp-json\/wp\/v2\/users\/2"}],"replies":[{"embeddable":true,"href":"https:\/\/www.europesays.com\/fr\/wp-json\/wp\/v2\/comments?post=621164"}],"version-history":[{"count":0,"href":"https:\/\/www.europesays.com\/fr\/wp-json\/wp\/v2\/posts\/621164\/revisions"}],"wp:featuredmedia":[{"embeddable":true,"href":"https:\/\/www.europesays.com\/fr\/wp-json\/wp\/v2\/media\/621165"}],"wp:attachment":[{"href":"https:\/\/www.europesays.com\/fr\/wp-json\/wp\/v2\/media?parent=621164"}],"wp:term":[{"taxonomy":"category","embeddable":true,"href":"https:\/\/www.europesays.com\/fr\/wp-json\/wp\/v2\/categories?post=621164"},{"taxonomy":"post_tag","embeddable":true,"href":"https:\/\/www.europesays.com\/fr\/wp-json\/wp\/v2\/tags?post=621164"}],"curies":[{"name":"wp","href":"https:\/\/api.w.org\/{rel}","templated":true}]}}