{"id":621186,"date":"2025-12-25T07:57:26","date_gmt":"2025-12-25T07:57:26","guid":{"rendered":"https:\/\/www.europesays.com\/fr\/621186\/"},"modified":"2025-12-25T07:57:26","modified_gmt":"2025-12-25T07:57:26","slug":"un-paroissien-soupconne-davoir-escroque-32-pretres-parisiens-pour-plus-de-230-000-euros","status":"publish","type":"post","link":"https:\/\/www.europesays.com\/fr\/621186\/","title":{"rendered":"Un paroissien soup\u00e7onn\u00e9 d\u2019avoir escroqu\u00e9 32 pr\u00eatres parisiens pour plus de 230 000 euros"},"content":{"rendered":"<p class=\"paragraph text_align_left lp-f-body-02\">Donnez \u00e0 \u00c9variste, Dieu vous le rendra. Cette supplique risque de hanter jusqu\u2019\u00e0 leurs derni\u00e8res heures des eccl\u00e9siastiques du <a href=\"https:\/\/www.leparisien.fr\/societe\/religions\/frequentation-record-mobilier-vitraux-comment-larcheveque-de-paris-prepare-la-reouverture-de-notre-dame-18-02-2024-QDE2OUDTANHODIAZXJ5QK7HACE.php\" target=\"_self\" rel=\"noopener\">dioc\u00e8se de Paris<\/a>. Pendant pr\u00e8s de cinq ans, 32 pr\u00eatres de la capitale auraient \u00e9t\u00e9 victimes du m\u00eame homme. Un vrai chr\u00e9tien, pourtant, qui vivait chichement avec sa femme dans un modeste appartement du centre de <a href=\"https:\/\/www.leparisien.fr\/val-d-oise-95\/sarcelles-95200\/\" target=\"_blank\" rel=\"noreferrer noopener\">Sarcelles<\/a> (<a href=\"https:\/\/www.leparisien.fr\/val-d-oise-95\/\" target=\"_blank\" rel=\"noreferrer noopener\">Val-d\u2019Oise<\/a>). Malgr\u00e9 les vicissitudes de l\u2019existence, sa foi chevill\u00e9e au corps lui aurait permis de soulever des montagnes. Plus exactement de r\u00e9colter plus de 230 000 euros, d\u2019apr\u00e8s une source proche de l\u2019enqu\u00eate.<\/p>\n<p class=\"\">Le couple a eu le loisir de raconter en d\u00e9tail cette histoire lors d\u2019une garde \u00e0 vue qui a eu lieu il y a une dizaine de jours rue du Bastion, \u00e0 <a href=\"https:\/\/www.leparisien.fr\/paris-75\/\" target=\"_blank\" rel=\"noreferrer noopener\">Paris<\/a> (<a href=\"https:\/\/www.leparisien.fr\/paris-75\/paris-75017\/\" target=\"_blank\" rel=\"noreferrer noopener\">XVIIe<\/a>). \u00c0 l\u2019issue de cette mesure, \u00c9variste et sa femme ont \u00e9t\u00e9 d\u00e9f\u00e9r\u00e9s au tribunal. \u00ab Ils sont poursuivis des chefs d\u2019escroquerie au pr\u00e9judice de personnes vuln\u00e9rables et de recel de biens provenant d\u2019une escroquerie aggrav\u00e9e, s\u2019agissant de faits commis entre 2019 et 2025 \u00bb, nous souffle une source judiciaire.<\/p>\n","protected":false},"excerpt":{"rendered":"Donnez \u00e0 \u00c9variste, Dieu vous le rendra. Cette supplique risque de hanter jusqu\u2019\u00e0 leurs derni\u00e8res heures des eccl\u00e9siastiques&hellip;\n","protected":false},"author":2,"featured_media":621187,"comment_status":"","ping_status":"","sticky":false,"template":"","format":"standard","meta":{"footnotes":""},"categories":[1888],"tags":[11,1777,674,118,1011,27,12,626,25,104],"class_list":{"0":"post-621186","1":"post","2":"type-post","3":"status-publish","4":"format-standard","5":"has-post-thumbnail","7":"category-paris","8":"tag-actualites","9":"tag-eu","10":"tag-europe","11":"tag-faits-divers","12":"tag-fr","13":"tag-france","14":"tag-news","15":"tag-paris","16":"tag-republique-francaise","17":"tag-societe"},"share_on_mastodon":{"url":"https:\/\/pubeurope.com\/@fr\/115779144473226045","error":""},"_links":{"self":[{"href":"https:\/\/www.europesays.com\/fr\/wp-json\/wp\/v2\/posts\/621186","targetHints":{"allow":["GET"]}}],"collection":[{"href":"https:\/\/www.europesays.com\/fr\/wp-json\/wp\/v2\/posts"}],"about":[{"href":"https:\/\/www.europesays.com\/fr\/wp-json\/wp\/v2\/types\/post"}],"author":[{"embeddable":true,"href":"https:\/\/www.europesays.com\/fr\/wp-json\/wp\/v2\/users\/2"}],"replies":[{"embeddable":true,"href":"https:\/\/www.europesays.com\/fr\/wp-json\/wp\/v2\/comments?post=621186"}],"version-history":[{"count":0,"href":"https:\/\/www.europesays.com\/fr\/wp-json\/wp\/v2\/posts\/621186\/revisions"}],"wp:featuredmedia":[{"embeddable":true,"href":"https:\/\/www.europesays.com\/fr\/wp-json\/wp\/v2\/media\/621187"}],"wp:attachment":[{"href":"https:\/\/www.europesays.com\/fr\/wp-json\/wp\/v2\/media?parent=621186"}],"wp:term":[{"taxonomy":"category","embeddable":true,"href":"https:\/\/www.europesays.com\/fr\/wp-json\/wp\/v2\/categories?post=621186"},{"taxonomy":"post_tag","embeddable":true,"href":"https:\/\/www.europesays.com\/fr\/wp-json\/wp\/v2\/tags?post=621186"}],"curies":[{"name":"wp","href":"https:\/\/api.w.org\/{rel}","templated":true}]}}