{"id":621188,"date":"2025-12-25T07:59:19","date_gmt":"2025-12-25T07:59:19","guid":{"rendered":"https:\/\/www.europesays.com\/fr\/621188\/"},"modified":"2025-12-25T07:59:19","modified_gmt":"2025-12-25T07:59:19","slug":"des-bombardiers-russes-ont-effectue-un-vol-planifie-au-nord-de-la-scandinavie-sous-escorte-davions-de-chasse-de-pays-etrangers","status":"publish","type":"post","link":"https:\/\/www.europesays.com\/fr\/621188\/","title":{"rendered":"Des bombardiers russes ont effectu\u00e9 un vol \u00ab\u00a0planifi\u00e9\u00a0\u00bb au nord de la Scandinavie, sous escorte \u00ab\u00a0d\u2019avions de chasse de pays \u00e9trangers\u00a0\u00bb"},"content":{"rendered":"<p>Des bombardiers strat\u00e9giques russes ont effectu\u00e9 un vol \u00ab\u00a0planifi\u00e9\u00a0\u00bb au-dessus des mers de Norv\u00e8ge et de Barents, dans l\u2019Arctique, conduisant des \u00ab\u00a0avions de chasse de pays \u00e9trangers\u00a0\u00bb \u00e0 les escorter, a indiqu\u00e9 jeudi le minist\u00e8re russe de la D\u00e9fense, cit\u00e9 par les agences russes. Ni la date de ces vols de Tu-95, capables de transporter des armes nucl\u00e9aires, ni les pays qui ont d\u00e9ploy\u00e9 leur aviation pour les surveiller n\u2019ont \u00e9t\u00e9 pr\u00e9cis\u00e9s.<\/p>\n","protected":false},"excerpt":{"rendered":"Des bombardiers strat\u00e9giques russes ont effectu\u00e9 un vol \u00ab\u00a0planifi\u00e9\u00a0\u00bb au-dessus des mers de Norv\u00e8ge et de Barents, dans&hellip;\n","protected":false},"author":2,"featured_media":621189,"comment_status":"","ping_status":"","sticky":false,"template":"","format":"standard","meta":{"footnotes":""},"categories":[1591],"tags":[11,1887,12,1885,1886,132],"class_list":{"0":"post-621188","1":"post","2":"type-post","3":"status-publish","4":"format-standard","5":"has-post-thumbnail","7":"category-russie","8":"tag-actualites","9":"tag-federation-de-russie","10":"tag-news","11":"tag-russia","12":"tag-russian-federation","13":"tag-russie"},"share_on_mastodon":{"url":"https:\/\/pubeurope.com\/@fr\/115779152363430138","error":""},"_links":{"self":[{"href":"https:\/\/www.europesays.com\/fr\/wp-json\/wp\/v2\/posts\/621188","targetHints":{"allow":["GET"]}}],"collection":[{"href":"https:\/\/www.europesays.com\/fr\/wp-json\/wp\/v2\/posts"}],"about":[{"href":"https:\/\/www.europesays.com\/fr\/wp-json\/wp\/v2\/types\/post"}],"author":[{"embeddable":true,"href":"https:\/\/www.europesays.com\/fr\/wp-json\/wp\/v2\/users\/2"}],"replies":[{"embeddable":true,"href":"https:\/\/www.europesays.com\/fr\/wp-json\/wp\/v2\/comments?post=621188"}],"version-history":[{"count":0,"href":"https:\/\/www.europesays.com\/fr\/wp-json\/wp\/v2\/posts\/621188\/revisions"}],"wp:featuredmedia":[{"embeddable":true,"href":"https:\/\/www.europesays.com\/fr\/wp-json\/wp\/v2\/media\/621189"}],"wp:attachment":[{"href":"https:\/\/www.europesays.com\/fr\/wp-json\/wp\/v2\/media?parent=621188"}],"wp:term":[{"taxonomy":"category","embeddable":true,"href":"https:\/\/www.europesays.com\/fr\/wp-json\/wp\/v2\/categories?post=621188"},{"taxonomy":"post_tag","embeddable":true,"href":"https:\/\/www.europesays.com\/fr\/wp-json\/wp\/v2\/tags?post=621188"}],"curies":[{"name":"wp","href":"https:\/\/api.w.org\/{rel}","templated":true}]}}