{"id":62119,"date":"2025-04-29T15:35:10","date_gmt":"2025-04-29T15:35:10","guid":{"rendered":"https:\/\/www.europesays.com\/fr\/62119\/"},"modified":"2025-04-29T15:35:10","modified_gmt":"2025-04-29T15:35:10","slug":"un-nouveau-centre-de-formation-pour-les-policiers-municipaux-a-22me","status":"publish","type":"post","link":"https:\/\/www.europesays.com\/fr\/62119\/","title":{"rendered":"un nouveau centre de formation pour les policiers municipaux \u00e0 22M\u20ac\u00a0"},"content":{"rendered":"<p>\n\t\t\t\t\tCe mardi 29 avril prochain, le Centre national de la fonction publique territoriale (CNFPT) a pos\u00e9 la premi\u00e8re pierre de son futur centre de formation pour les policiers municipaux sur le p\u00f4le Eurom\u00e9decine \u00e0 Montpellier. \t\t\t\t<\/p>\n<p>\n\t\t\t\t\t\t\t\t\t\u00a9 Linda Mansouri \/ InfOccitanie. Pose de la 1e pierre du centre de formation des policiers municipaux \u00e0 Montpellier. .\t\t\t\t\t\t\t\t<\/p>\n<p>22 millions d\u2019euros pour un b\u00e2timent \u00e0 Montpellier, flambant neuf, financ\u00e9 exclusivement par le <a href=\"https:\/\/www.cnfpt.fr\/\" target=\"_blank\" rel=\"nofollow noopener\">Centre national de la fonction publique territoriale (CNFPT).<\/a> \u00ab\u00a0A ceux qui ont os\u00e9 prof\u00e9rer que la police tue, j\u2019oppose avec fermet\u00e9 que nos agents de la protection civile, de la s\u00e9curit\u00e9 publique, au contraire, nous prot\u00e8gent\u00a0\u00bb, insiste Carole Delga, pr\u00e9sidente de la <a href=\"https:\/\/infoccitanie.fr\/tag\/region-occitanie\/\" target=\"_blank\" rel=\"noopener\">R\u00e9gion Occitanie<\/a>, lors de la pose de la premi\u00e8re pierre, ce <strong>mardi 29 avril, du centre de formation des policiers municipaux, situ\u00e9 \u00e0 Eurom\u00e9decine. <\/strong>Ce nouvel \u00e9quipement se situe sur l\u2019ancien site de la d\u00e9l\u00e9gation r\u00e9gionale de la CNFPT, aujourd\u2019hui au c\u0153ur d<strong>\u2018une restructuration. <\/strong>La d\u00e9molition des anciens locaux a <strong>d\u00e9but\u00e9 en novembre 2024.<\/strong><\/p>\n<p>16 500 m\u00b2, 400 stagiaires par an<\/p>\n<p>Cet \u00e9v\u00e9nement souligne l\u2019investissement de l\u2019\u00e9tablissement public pour former, accompagner et faire \u00e9voluer la troisi\u00e8me force de s\u00e9curit\u00e9 en France. D\u2019ici <strong>le premier trimestre 2027,<\/strong> ce nouvel \u00e9quipement de pr\u00e8s de <strong>16 500 m\u00b2 <\/strong>accueillera plus de <strong>400 stagiaires par an<\/strong>, issus des <strong>r\u00e9gions Occitanie et Nouvelle-Aquitaine. <\/strong><\/p>\n<p>Stand de tir, dojo, plateau tourier<\/p>\n<p>De <strong>22 \u00e0 25 promotions<\/strong> y seront form\u00e9es chaque ann\u00e9e. Le futur site comprendra des espaces de mise en situation, un plateau routier, un stand de tir et deux dojos, autant d\u2019infrastructures pens\u00e9es pour accompagner la mont\u00e9e en comp\u00e9tence technique et op\u00e9rationnelle des agents. \u00ab\u00a0Un autre site aurait pu \u00eatre retenu en Occitanie, dans une autre ville, mais vous avez choisi Montpellier\u00a0\u00bb, se r\u00e9jouit Michael Delafosse, maire\/pr\u00e9sident \u00e0 l\u2019adresse du pr\u00e9sident national de la CNFPT. <\/p>\n<p>Montpellier choisi en Occitanie<\/p>\n<p>Objectif du centre : r\u00e9duire les d\u00e9lais d\u2019entr\u00e9e en formation<strong> \u00e0 moins de quatre mois<\/strong>, r\u00e9pondre \u00e0 l\u2019<strong>augmentation des effectifs<\/strong> et anticiper les enjeux de s\u00e9curit\u00e9 futurs. A noter, la France est pass\u00e9 de 20 000 agents en 2012 \u00e0 aujourd\u2019hui pr\u00e8s de <strong>30 000 policiers municipaux. <\/strong>Ces effectifs sont r\u00e9partis dans 4500 communes et intercommunalit\u00e9s qui ont une police municipale. 80% des polices municipales sont par ailleurs arm\u00e9s. <\/p>\n<p>Montpellier rejoint les autres centres en France<\/p>\n<p>Avec ce projet, Montpellier rejoint les autres CFPM de <strong>Meaux-Villenoy, Angers et Aix-en-Provence, <\/strong>constituant un r\u00e9seau quadrillant l\u2019ensemble du territoire. Extrait vid\u00e9o de l\u2019\u00e9venement ci-apr\u00e8s :<\/p>\n","protected":false},"excerpt":{"rendered":"Ce mardi 29 avril prochain, le Centre national de la fonction publique territoriale (CNFPT) a pos\u00e9 la premi\u00e8re&hellip;\n","protected":false},"author":2,"featured_media":62120,"comment_status":"","ping_status":"","sticky":false,"template":"","format":"standard","meta":{"footnotes":""},"categories":[9599],"tags":[1111,11,14587,1777,674,1011,27,2208,12,2680,25],"class_list":{"0":"post-62119","1":"post","2":"type-post","3":"status-publish","4":"format-standard","5":"has-post-thumbnail","7":"category-montpellier","8":"tag-actu","9":"tag-actualites","10":"tag-carole-delga","11":"tag-eu","12":"tag-europe","13":"tag-fr","14":"tag-france","15":"tag-montpellier","16":"tag-news","17":"tag-occitanie","18":"tag-republique-francaise"},"share_on_mastodon":{"url":"https:\/\/pubeurope.com\/@fr\/114421990950706700","error":""},"_links":{"self":[{"href":"https:\/\/www.europesays.com\/fr\/wp-json\/wp\/v2\/posts\/62119","targetHints":{"allow":["GET"]}}],"collection":[{"href":"https:\/\/www.europesays.com\/fr\/wp-json\/wp\/v2\/posts"}],"about":[{"href":"https:\/\/www.europesays.com\/fr\/wp-json\/wp\/v2\/types\/post"}],"author":[{"embeddable":true,"href":"https:\/\/www.europesays.com\/fr\/wp-json\/wp\/v2\/users\/2"}],"replies":[{"embeddable":true,"href":"https:\/\/www.europesays.com\/fr\/wp-json\/wp\/v2\/comments?post=62119"}],"version-history":[{"count":0,"href":"https:\/\/www.europesays.com\/fr\/wp-json\/wp\/v2\/posts\/62119\/revisions"}],"wp:featuredmedia":[{"embeddable":true,"href":"https:\/\/www.europesays.com\/fr\/wp-json\/wp\/v2\/media\/62120"}],"wp:attachment":[{"href":"https:\/\/www.europesays.com\/fr\/wp-json\/wp\/v2\/media?parent=62119"}],"wp:term":[{"taxonomy":"category","embeddable":true,"href":"https:\/\/www.europesays.com\/fr\/wp-json\/wp\/v2\/categories?post=62119"},{"taxonomy":"post_tag","embeddable":true,"href":"https:\/\/www.europesays.com\/fr\/wp-json\/wp\/v2\/tags?post=62119"}],"curies":[{"name":"wp","href":"https:\/\/api.w.org\/{rel}","templated":true}]}}