{"id":621190,"date":"2025-12-25T08:01:39","date_gmt":"2025-12-25T08:01:39","guid":{"rendered":"https:\/\/www.europesays.com\/fr\/621190\/"},"modified":"2025-12-25T08:01:39","modified_gmt":"2025-12-25T08:01:39","slug":"en-direct-guerre-en-ukraine-paris-soutient-washington-pour-ramener-une-paix-juste-et-durable-des-frappes-russes-provoquent-une-pollution-en-mer-noire","status":"publish","type":"post","link":"https:\/\/www.europesays.com\/fr\/621190\/","title":{"rendered":"EN DIRECT &#8211; Guerre en Ukraine : Paris soutient Washington \u00abpour ramener une paix juste et durable\u00bb, des frappes russes provoquent une pollution en mer Noire"},"content":{"rendered":"<p class=\"fig-paragraph\">Des frappes de l\u2019arm\u00e9e russe sur le port d\u2019<a href=\"http:\/\/www.lefigaro.fr\/international\/guerre-en-ukraine-la-region-d-odessa-de-nouveau-la-cible-des-frappes-russes-20251222\" data-fig-type=\"NewsFlash\" data-gtm-custom-categorie=\"navigation\" data-gtm-custom-action=\"crossclick\" data-gtm-custom-label=\"Contextuel\" data-gtm-event=\"customEventSPE\" data-fig-domain=\"LEFIGARO\" target=\"_blank\" rel=\"noopener\">Odessa<\/a>, dans le sud de l\u2019Ukraine, ont provoqu\u00e9 une pollution \u00e0 l\u2019huile de tournesol sur la c\u00f4te de la mer Noire, qui tue la faune marine, a constat\u00e9 l\u2019AFP mercredi.<\/p>\n<p class=\"fig-paragraph\">Cet important port de commerce a subi ces derni\u00e8res semaines des bombardements parmi les pires de ces presque quatre ans de guerre, les autorit\u00e9s ukrainiennes d\u00e9non\u00e7ant une volont\u00e9 de d\u00e9truire les infrastructures maritimes du pays, qui exporte massivement des produits agricoles.<\/p>\n<p class=\"fig-paragraph\">Un journaliste de l\u2019AFP a pu filmer mercredi des flaques d\u2019huile brune sur la c\u00f4te \u00e0 Odessa, et une nappe d\u2019huile flottant \u00e0 la surface de la mer. Des volontaires nettoyaient le sable et tiraient de l\u2019eau des oiseaux marins morts. \u00abLa cause en est l\u2019attaque massive de l\u2019ennemi sur les infrastructures portuaires, qui ont endommag\u00e9 des r\u00e9servoirs d\u2019huile de tournesol, provoquant des fuites\u00bb, a expliqu\u00e9 le gouverneur Oleg Kiper dans un communiqu\u00e9.<\/p>\n","protected":false},"excerpt":{"rendered":"Des frappes de l\u2019arm\u00e9e russe sur le port d\u2019Odessa, dans le sud de l\u2019Ukraine, ont provoqu\u00e9 une pollution&hellip;\n","protected":false},"author":2,"featured_media":621191,"comment_status":"","ping_status":"","sticky":false,"template":"","format":"standard","meta":{"footnotes":""},"categories":[1590],"tags":[259,11,260,1777,674,131,14,261,12,2403,262,132,220],"class_list":{"0":"post-621190","1":"post","2":"type-post","3":"status-publish","4":"format-standard","5":"has-post-thumbnail","7":"category-ukraine","8":"tag-actualite-internationale","9":"tag-actualites","10":"tag-affaires-etrangeres","11":"tag-eu","12":"tag-europe","13":"tag-guerre-en-ukraine","14":"tag-international","15":"tag-ministere-des-affaires-etrangeres","16":"tag-news","17":"tag-paix","18":"tag-politique-etrangere","19":"tag-russie","20":"tag-ukraine"},"share_on_mastodon":{"url":"https:\/\/pubeurope.com\/@fr\/115779160136842115","error":""},"_links":{"self":[{"href":"https:\/\/www.europesays.com\/fr\/wp-json\/wp\/v2\/posts\/621190","targetHints":{"allow":["GET"]}}],"collection":[{"href":"https:\/\/www.europesays.com\/fr\/wp-json\/wp\/v2\/posts"}],"about":[{"href":"https:\/\/www.europesays.com\/fr\/wp-json\/wp\/v2\/types\/post"}],"author":[{"embeddable":true,"href":"https:\/\/www.europesays.com\/fr\/wp-json\/wp\/v2\/users\/2"}],"replies":[{"embeddable":true,"href":"https:\/\/www.europesays.com\/fr\/wp-json\/wp\/v2\/comments?post=621190"}],"version-history":[{"count":0,"href":"https:\/\/www.europesays.com\/fr\/wp-json\/wp\/v2\/posts\/621190\/revisions"}],"wp:featuredmedia":[{"embeddable":true,"href":"https:\/\/www.europesays.com\/fr\/wp-json\/wp\/v2\/media\/621191"}],"wp:attachment":[{"href":"https:\/\/www.europesays.com\/fr\/wp-json\/wp\/v2\/media?parent=621190"}],"wp:term":[{"taxonomy":"category","embeddable":true,"href":"https:\/\/www.europesays.com\/fr\/wp-json\/wp\/v2\/categories?post=621190"},{"taxonomy":"post_tag","embeddable":true,"href":"https:\/\/www.europesays.com\/fr\/wp-json\/wp\/v2\/tags?post=621190"}],"curies":[{"name":"wp","href":"https:\/\/api.w.org\/{rel}","templated":true}]}}